{"id":34090,"date":"2022-10-06T08:18:13","date_gmt":"2022-10-06T11:18:13","guid":{"rendered":"https:\/\/atecordoba.org\/?p=34090"},"modified":"2022-10-06T08:18:17","modified_gmt":"2022-10-06T11:18:17","slug":"tras-las-gestiones-de-ate-cordoba-se-reactivara-el-mantenimiento-de-vagones-en-la-fabrica-militar-de-rio-tercero","status":"publish","type":"post","link":"https:\/\/atecordoba.org\/?p=34090","title":{"rendered":"Tras las gestiones de ATE C\u00f3rdoba se reactivar\u00e1 el mantenimiento de vagones en la F\u00e1brica Militar de R\u00edo Tercero"},"content":{"rendered":"\n<figure class=\"wp-block-gallery has-nested-images columns-default is-cropped wp-block-gallery-1 is-layout-flex wp-block-gallery-is-layout-flex\">\n<figure class=\"wp-block-image size-large\"><a href=\"https:\/\/atecordoba.org\/wp-content\/uploads\/2022\/10\/vagon_hecho_por_FM_1-1536x1152-1.jpg\"><img loading=\"lazy\" decoding=\"async\" width=\"1536\" height=\"1152\" data-id=\"34092\" src=\"https:\/\/atecordoba.org\/wp-content\/uploads\/2022\/10\/vagon_hecho_por_FM_1-1536x1152-1.jpg\" alt=\"\" class=\"wp-image-34092\" srcset=\"https:\/\/atecordoba.org\/wp-content\/uploads\/2022\/10\/vagon_hecho_por_FM_1-1536x1152-1.jpg 1536w, https:\/\/atecordoba.org\/wp-content\/uploads\/2022\/10\/vagon_hecho_por_FM_1-1536x1152-1-300x225.jpg 300w, https:\/\/atecordoba.org\/wp-content\/uploads\/2022\/10\/vagon_hecho_por_FM_1-1536x1152-1-1024x768.jpg 1024w, https:\/\/atecordoba.org\/wp-content\/uploads\/2022\/10\/vagon_hecho_por_FM_1-1536x1152-1-768x576.jpg 768w, https:\/\/atecordoba.org\/wp-content\/uploads\/2022\/10\/vagon_hecho_por_FM_1-1536x1152-1-750x563.jpg 750w, https:\/\/atecordoba.org\/wp-content\/uploads\/2022\/10\/vagon_hecho_por_FM_1-1536x1152-1-1140x855.jpg 1140w\" sizes=\"auto, (max-width: 1536px) 100vw, 1536px\" \/><\/a><\/figure>\n\n\n\n<figure class=\"wp-block-image size-large\"><a href=\"https:\/\/atecordoba.org\/wp-content\/uploads\/2022\/10\/reunion-e1664814741599.jpeg\"><img loading=\"lazy\" decoding=\"async\" width=\"355\" height=\"200\" data-id=\"33984\" src=\"https:\/\/atecordoba.org\/wp-content\/uploads\/2022\/10\/reunion-e1664814741599.jpeg\" alt=\"\" class=\"wp-image-33984\"\/><\/a><\/figure>\n<\/figure>\n\n\n\n<p>El pasado lunes hubo una <a href=\"https:\/\/atecordoba.org\/?p=33982\" data-type=\"post\" data-id=\"33982\">importante audiencia entre el jefe de Gabinete del Ministerio de Defensa, H\u00e9ctor Mazzei, y una delegaci\u00f3n de nuestro gremio, integrada por el secretario General de ATE C\u00f3rdoba, Federico Giuliani, y representantes de ATE de las F\u00e1bricas Militares de R\u00edo Tercero y Villa Mar\u00eda<\/a>. Entre los <strong>temas prioritarios <\/strong>planteados por el sindicato, se encontraba el de <strong>la posible discontinuidad del contrato con &#8220;Belgrano Cargas y Log\u00edstica&#8221; para la renovaci\u00f3n de 50 vagones cerealeros en total<\/strong>. La especificaci\u00f3n contractual indicaba que los trabajos se realizar\u00edan en tandas de a 10 rodados, prorrogables 4 veces. Sin emargo, finalizando la primera tanda, las y los trabajadores del \u00e1rea metalmec\u00e1nica de la F\u00e1brica se encontraban en alerta por trascendidos de que dicha empresa ferroviaria p\u00fablica discontinuar\u00eda los trabajos. <strong>Diego Pereyra, <\/strong>el trabajador de la F\u00e1brica Militar de R\u00edo Tercero que particip\u00f3 de la reuni\u00f3n -quien adem\u00e1s es miembro del Consejo Directivo Provincial de ATE C\u00f3rdoba-, <strong>confirm\u00f3 la noticia tan esperada tras las gestiones realizadas el lunes en Buenos Aires<\/strong>. &#8220;Fuimos a pedirle al Jefe de Gabinete del Ministerio de Defensa, H\u00e9ctor Mazzei, que interceda ante la empresa p\u00fablica &#8220;Belgrano Cargas y Log\u00edstica&#8221; para la continuidad del contrato con Fabricaciones Militares. El mismo estipulaba que, tras la reparaci\u00f3n de los primeros 10 rodados, el contrato pod\u00eda ser renovado otras 4 veces. Sin embargo, trascend\u00edan versiones de discontinuidad de las renovaciones por &#8220;problemas presupuestarios&#8221; de la empresa que contrataba nuestros servicios. <strong>Ello fue planteado el lunes a Mazzei quien intercedi\u00f3 ante las autoridades de la empresa ferroviaria p\u00fablica y confirm\u00f3, a \u00faltimas horas de ayer mi\u00e9rcoles, la continuidad del contrato<\/strong> y del trabajo en este \u00e1rea tan importante de nuestra F\u00e1brica Militar de R\u00edo Tercero (FMRT)&#8221;. El referente de ATE en R\u00edo Tercero, adem\u00e1s, agradeci\u00f3 <strong>&#8220;la<\/strong> <strong>predisposici\u00f3n de Federico Giuliani, Secretario General de ATE C\u00f3rdoba, para gestionar la reuni\u00f3n con el Jefe de Gabinete del Ministerio de Defensa y preocuparse por la situaci\u00f3n productiva de las F\u00e1bricas Militares en C\u00f3rdoba<\/strong>: esta gesti\u00f3n por la continuidad de los trabajos en esta l\u00ednea fue parte de la agenda de temas planteados al funcionario y que ya comienza a dar sus frutos&#8221;, asever\u00f3 Pereyra.<\/p>\n","protected":false},"excerpt":{"rendered":"<p>El pasado lunes hubo una importante audiencia entre el jefe de Gabinete del Ministerio de Defensa, H\u00e9ctor Mazzei, y una delegaci\u00f3n de nuestro gremio, integrada por el secretario General de ATE C\u00f3rdoba, Federico Giuliani, y representantes de ATE de las F\u00e1bricas Militares de R\u00edo Tercero y Villa Mar\u00eda. Entre los temas prioritarios planteados por el [&hellip;]<\/p>\n","protected":false},"author":6,"featured_media":34092,"comment_status":"open","ping_status":"open","sticky":false,"template":"","format":"standard","meta":{"_exactmetrics_skip_tracking":false,"_exactmetrics_sitenote_active":false,"_exactmetrics_sitenote_note":"","_exactmetrics_sitenote_category":0,"jnews-multi-image_gallery":[],"jnews_single_post":{"subtitle":"As\u00ed lo confirmaron desde el Ministerio de Defensa de la Naci\u00f3n a representantes del gremio. Las y los trabajadores de FMRT se encontraban en alerta por la incertidumbre que despertaba la continuidad \"del contrato -prorrogable 4 veces- para la renovaci\u00f3n de 10 vagones\", lo que sumaba un total de 50 vagones a renovar. Finalizando los trabajos sobre los primeros 10 rodados, peligraban los siguientes lotes: la empresa p\u00fablica \"Belgrano Cargas y Log\u00edstica\" aduc\u00eda \"problemas presupuestarios\", situaci\u00f3n planteada por ATE C\u00f3rdoba en Defensa y cuya resoluci\u00f3n fue confirmada por esta cartera al gremio en las \u00faltimas horas de ayer.","format":"standard","video":"","gallery":"","source_name":"","source_url":"","via_name":"","via_url":"","override_template":"0","override":[{"template":"1","single_blog_custom":"","parallax":"1","fullscreen":"1","layout":"right-sidebar","sidebar":"default-sidebar","second_sidebar":"default-sidebar","sticky_sidebar":"1","share_position":"top","share_float_style":"share-monocrhome","show_share_counter":"1","show_view_counter":"1","show_featured":"1","show_post_meta":"1","show_post_author":"1","show_post_author_image":"1","show_post_date":"1","post_date_format":"default","post_date_format_custom":"Y\/m\/d","show_post_category":"1","show_post_reading_time":"0","post_reading_time_wpm":"300","show_zoom_button":"0","zoom_button_out_step":"2","zoom_button_in_step":"3","show_post_tag":"1","show_prev_next_post":"1","show_popup_post":"1","number_popup_post":"1","show_author_box":"0","show_post_related":"0","show_inline_post_related":"0"}],"override_image_size":"0","image_override":[{"single_post_thumbnail_size":"crop-500","single_post_gallery_size":"crop-500"}],"trending_post":"0","trending_post_position":"meta","trending_post_label":"Trending","sponsored_post":"0","sponsored_post_label":"Sponsored by","sponsored_post_name":"","sponsored_post_url":"","sponsored_post_logo_enable":"0","sponsored_post_logo":"","sponsored_post_desc":"","disable_ad":"0"},"jnews_primary_category":{"id":""},"jnews_social_meta":{"fb_title":"","fb_description":"","fb_image":"","twitter_title":"","twitter_description":"","twitter_image":""},"jnews_review":[],"enable_review":"0","type":"percentage","name":"","summary":"","brand":"","sku":"","good":[{"good_text":""}],"bad":[{"bad_text":""}],"score_override":"","override_value":"","rating":[{"rating_text":"","rating_number":"10"}],"price":[{"shop":"","price":"","link":"","icon":""}],"jnews_override_counter":{"override_view_counter":"0","view_counter_number":"0","override_share_counter":"0","share_counter_number":"0","override_like_counter":"0","like_counter_number":"0","override_dislike_counter":"0","dislike_counter_number":"0"},"jnews_post_split":{"enable_post_split":"0","post_split":[{"template":"1","tag":"h2","numbering":"asc","mode":"normal","first":"0","enable_toc":"0","toc_type":"normal"}]},"footnotes":""},"categories":[341,18,13],"tags":[],"class_list":["post-34090","post","type-post","status-publish","format-standard","has-post-thumbnail","hentry","category-cdp","category-nacionales","category-rio-tercero"],"jetpack_featured_media_url":"https:\/\/atecordoba.org\/wp-content\/uploads\/2022\/10\/vagon_hecho_por_FM_1-1536x1152-1.jpg","_links":{"self":[{"href":"https:\/\/atecordoba.org\/index.php?rest_route=\/wp\/v2\/posts\/34090","targetHints":{"allow":["GET"]}}],"collection":[{"href":"https:\/\/atecordoba.org\/index.php?rest_route=\/wp\/v2\/posts"}],"about":[{"href":"https:\/\/atecordoba.org\/index.php?rest_route=\/wp\/v2\/types\/post"}],"author":[{"embeddable":true,"href":"https:\/\/atecordoba.org\/index.php?rest_route=\/wp\/v2\/users\/6"}],"replies":[{"embeddable":true,"href":"https:\/\/atecordoba.org\/index.php?rest_route=%2Fwp%2Fv2%2Fcomments&post=34090"}],"version-history":[{"count":2,"href":"https:\/\/atecordoba.org\/index.php?rest_route=\/wp\/v2\/posts\/34090\/revisions"}],"predecessor-version":[{"id":34093,"href":"https:\/\/atecordoba.org\/index.php?rest_route=\/wp\/v2\/posts\/34090\/revisions\/34093"}],"wp:featuredmedia":[{"embeddable":true,"href":"https:\/\/atecordoba.org\/index.php?rest_route=\/wp\/v2\/media\/34092"}],"wp:attachment":[{"href":"https:\/\/atecordoba.org\/index.php?rest_route=%2Fwp%2Fv2%2Fmedia&parent=34090"}],"wp:term":[{"taxonomy":"category","embeddable":true,"href":"https:\/\/atecordoba.org\/index.php?rest_route=%2Fwp%2Fv2%2Fcategories&post=34090"},{"taxonomy":"post_tag","embeddable":true,"href":"https:\/\/atecordoba.org\/index.php?rest_route=%2Fwp%2Fv2%2Ftags&post=34090"}],"curies":[{"name":"wp","href":"https:\/\/api.w.org\/{rel}","templated":true}]}}