{"id":34075,"date":"2022-10-05T12:14:40","date_gmt":"2022-10-05T15:14:40","guid":{"rendered":"https:\/\/atecordoba.org\/?p=34075"},"modified":"2022-10-05T12:14:46","modified_gmt":"2022-10-05T15:14:46","slug":"tras-su-paso-por-la-feria-del-libro-el-historiador-daniel-parcero-evoco-la-figura-de-la-perra-castro","status":"publish","type":"post","link":"https:\/\/atecordoba.org\/?p=34075","title":{"rendered":"Tras su paso por la Feria del Libro el historiador Daniel Parcero evoc\u00f3 la figura de La Perra Castro"},"content":{"rendered":"\n<div class=\"wp-block-image\"><figure class=\"aligncenter size-full is-resized\"><img loading=\"lazy\" decoding=\"async\" src=\"https:\/\/atecordoba.org\/wp-content\/uploads\/2022\/10\/WhatsApp-Image-2022-10-05-at-12.10.37.jpeg\" alt=\"\" class=\"wp-image-34076\" width=\"768\" height=\"512\" srcset=\"https:\/\/atecordoba.org\/wp-content\/uploads\/2022\/10\/WhatsApp-Image-2022-10-05-at-12.10.37.jpeg 1024w, https:\/\/atecordoba.org\/wp-content\/uploads\/2022\/10\/WhatsApp-Image-2022-10-05-at-12.10.37-300x200.jpeg 300w, https:\/\/atecordoba.org\/wp-content\/uploads\/2022\/10\/WhatsApp-Image-2022-10-05-at-12.10.37-768x512.jpeg 768w, https:\/\/atecordoba.org\/wp-content\/uploads\/2022\/10\/WhatsApp-Image-2022-10-05-at-12.10.37-750x500.jpeg 750w\" sizes=\"auto, (max-width: 768px) 100vw, 768px\" \/><\/figure><\/div>\n\n\n\n<p>La presentaci\u00f3n de la obra de teatro y el libro bibliogr\u00e1fico sobre la vida de H\u00e9ctor La Perra Castro fue motivo para entrevistar a Daniel Parcero, autor de la biograf\u00eda en cuesti\u00f3n, para que haga un balance de su paso por la Feria del Libro de C\u00f3rdoba. En di\u00e1logo con el programa radial Entre Todos y todas, que la Secretar\u00eda de Prensa emite cada martes en GEN FM 107.5, el historiador hizo una breve semblanza del hist\u00f3rico dirigente cordob\u00e9s de ATE y valor\u00f3 la obra de teatro que acompa\u00f1\u00f3 la presentaci\u00f3n del libro de su autor\u00eda en el Teatro La Piojera, de Alberdi. <\/p>\n\n\n\n<p><strong>\u00bfQue se encontr\u00f3 cuando se meti\u00f3 en la investigaci\u00f3n de la vida de Castro?<\/strong><\/p>\n\n\n\n<p>A trav\u00e9s de la lectura las actas de la organizaci\u00f3n a nivel nacional, un cosa que me llamo la atenci\u00f3n es que aparece en una reuni\u00f3n de las semanales del Consejo Directivo Nacional, una exposici\u00f3n del entonces secretario General, Juan Horvard, expresando su indignaci\u00f3n al enterarse que en la semana del C\u00f3rdobazo, en medio de la conflictividad preexistente en C\u00f3rdoba, estaba la sede cerrada y seg\u00fan su pensamiento e informaci\u00f3n hab\u00eda desertado el secretario General que ten\u00eda cerrada la seccional y propuso como soluci\u00f3n intervenirla. Eso se aprueba, lo intervienen.<\/p>\n\n\n\n<div class=\"wp-block-image\"><figure class=\"alignright size-full is-resized\"><img loading=\"lazy\" decoding=\"async\" src=\"https:\/\/atecordoba.org\/wp-content\/uploads\/2022\/10\/WhatsApp-Image-2022-10-05-at-12.10.38.jpeg\" alt=\"\" class=\"wp-image-34077\" width=\"512\" height=\"303\" srcset=\"https:\/\/atecordoba.org\/wp-content\/uploads\/2022\/10\/WhatsApp-Image-2022-10-05-at-12.10.38.jpeg 1024w, https:\/\/atecordoba.org\/wp-content\/uploads\/2022\/10\/WhatsApp-Image-2022-10-05-at-12.10.38-300x177.jpeg 300w, https:\/\/atecordoba.org\/wp-content\/uploads\/2022\/10\/WhatsApp-Image-2022-10-05-at-12.10.38-768x454.jpeg 768w, https:\/\/atecordoba.org\/wp-content\/uploads\/2022\/10\/WhatsApp-Image-2022-10-05-at-12.10.38-750x443.jpeg 750w\" sizes=\"auto, (max-width: 512px) 100vw, 512px\" \/><\/figure><\/div>\n\n\n\n<p>Esa fue la primer referencia a Castro. Despu\u00e9s con la recuperaci\u00f3n del gremio a trav\u00e9s de la lista verde y la agrupaci\u00f3n ANUSATE, desplazada la burocracia de Horvard, se empez\u00f3 a recomponer esa historia porque cuando ingreso toda esa gente joven y nueva el gremio estaba vaciado. Empec\u00e9 a a viajar, a tomar testimonios e buscar material documental. Entonces por ejemplo un ejemplar de mayo del \u201869 del diario de la CGT de los Argentinos donde hay una pagina que anuncian que se movilizaban y de quienes eran los convocantes, nombran a los tres principales dirigentes nombrando a Castro, pero sin mencionar a que gremio pertenec\u00eda. M\u00e1s entusiasmo por investigar hasta que descubro quien fue y la importancia que tuvo de ser parte de la convocatoria, aunque ese d\u00eda del 29 de mayo, en raz\u00f3n de tener una orden de captura, hab\u00eda dejado gremio para no caer preso, como le pas\u00f3 al propio Agust\u00edn Tosco, que directamente no estuvo el 29 y fue detenido el 30.<\/p>\n\n\n\n<p><strong>Aquel es el ATE del IME, de la F\u00e1brica de Aviones&#8230;<\/strong><\/p>\n\n\n\n<p>Precisamente, si uno mira documentales de la \u00e9poca se ven las motos por todos lados del 29 de mayo. Y preguntarse por qu\u00e9 hab\u00eda tanta moto. Sucede que La Perra Castro era trabajador de IME y sus propias bases salen a colaborar con la movilizaci\u00f3n, montados en sus propias motos para ir r\u00e1pidamente al lugar donde ve\u00edan venir las columnas de trabajadores y, a su vez, las columnas del Ej\u00e9rcito para reprimir y avisarle a los trabajadores que cambiaran de trayecto. Hicieron un trabajo formidable y eso nunca se reconoci\u00f3. Lo que trata de rescatar el libro no solo es la responsabilidad patri\u00f3tica y revolucionaria, y el compromiso de clase del compa\u00f1ero Castro, sino tambi\u00e9n el de sus compa\u00f1eros que lo llevan a ser secretario General del gremio. Y despu\u00e9s lo llevan a ser legislador de la provincia cuando se recupera la democracia, cumpliendo un rol protag\u00f3nico muy importante en aquellos a\u00f1os.<\/p>\n\n\n\n<div class=\"wp-block-image\"><figure class=\"alignleft size-full is-resized\"><img loading=\"lazy\" decoding=\"async\" src=\"https:\/\/atecordoba.org\/wp-content\/uploads\/2022\/10\/WhatsApp-Image-2022-10-05-at-12.10.38-1.jpeg\" alt=\"\" class=\"wp-image-34078\" width=\"512\" height=\"349\" srcset=\"https:\/\/atecordoba.org\/wp-content\/uploads\/2022\/10\/WhatsApp-Image-2022-10-05-at-12.10.38-1.jpeg 1024w, https:\/\/atecordoba.org\/wp-content\/uploads\/2022\/10\/WhatsApp-Image-2022-10-05-at-12.10.38-1-300x204.jpeg 300w, https:\/\/atecordoba.org\/wp-content\/uploads\/2022\/10\/WhatsApp-Image-2022-10-05-at-12.10.38-1-768x524.jpeg 768w, https:\/\/atecordoba.org\/wp-content\/uploads\/2022\/10\/WhatsApp-Image-2022-10-05-at-12.10.38-1-750x511.jpeg 750w\" sizes=\"auto, (max-width: 512px) 100vw, 512px\" \/><\/figure><\/div>\n\n\n\n<p><strong>Que te pareci\u00f3 la obra de teatro<\/strong><\/p>\n\n\n\n<p>Tiene que ver con una iniciativa m\u00eda, que lo invit\u00e9 a hacer el unipersonal. La presentaci\u00f3n me sorprendi\u00f3 mucho pro dos cosas, una por el lugar donde se hizo porque esa sala fue donde se hizo la asamblea constitutiva de ATE en 1937 y a los siete d\u00edas hicieron un baile familiar. Estar en ese lugar fue muy emotivo y poder ver la obra me llen\u00f3 de emoci\u00f3n, por eso agradezco\u00a0a los compa\u00f1eros de la actual conducci\u00f3n de ATE C\u00f3rdoba, a Federico Giuliani que lo conozco desde muy peque\u00f1o y lo veo crecer diariamente y acompa\u00f1ar mi trabajo investigativo.<\/p>\n\n\n\n<p><strong>\u00bfQue te parece el aporte del arte para el rescate de una figura hist\u00f3rica?<\/strong><\/p>\n\n\n\n<p>Todo lo que pueda aportar el arte para la concientizaci\u00f3n nacional de un pueblo es v\u00e1lido. Hace unos d\u00edas falleci\u00f3 Carlitos Bal\u00e1, que nos hizo re\u00edr cuando \u00e9ramos j\u00f3venes pero fue realmente un instrumento de la dictadura. Cuando nadie pod\u00eda entrar a una base naval, a un departamento del Ej\u00e9rcito, Carlitos Bal\u00e1 estaba ah\u00ed mientras a nosotros nos persegu\u00edan y nos torturaban, nos met\u00edan presos. Ese tipo de arte ser\u00e1 muy gracioso pero para lo \u00fanico que sirve es pasar azonzar a los argentinos. La misi\u00f3n del arte de recuperar la memoria es la de desazonzar, lo contrario.<\/p>\n","protected":false},"excerpt":{"rendered":"<p>La presentaci\u00f3n de la obra de teatro y el libro bibliogr\u00e1fico sobre la vida de H\u00e9ctor La Perra Castro fue motivo para entrevistar a Daniel Parcero, autor de la biograf\u00eda en cuesti\u00f3n, para que haga un balance de su paso por la Feria del Libro de C\u00f3rdoba. En di\u00e1logo con el programa radial Entre Todos [&hellip;]<\/p>\n","protected":false},"author":7,"featured_media":0,"comment_status":"open","ping_status":"open","sticky":false,"template":"","format":"standard","meta":{"_exactmetrics_skip_tracking":false,"_exactmetrics_sitenote_active":false,"_exactmetrics_sitenote_note":"","_exactmetrics_sitenote_category":0,"jnews-multi-image_gallery":[],"jnews_single_post":{"subtitle":"Con gran suceso se realiz\u00f3 la presentaci\u00f3n de la biograf\u00eda del dirigente de ATE H\u00e9ctor La Perra Castro en le teatro La Piojera.","format":"standard","video":"","gallery":"","source_name":"","source_url":"","via_name":"","via_url":"","override_template":"0","override":[{"template":"1","single_blog_custom":"","parallax":"1","fullscreen":"1","layout":"right-sidebar","sidebar":"default-sidebar","second_sidebar":"default-sidebar","sticky_sidebar":"1","share_position":"top","share_float_style":"share-monocrhome","show_share_counter":"1","show_view_counter":"1","show_featured":"1","show_post_meta":"1","show_post_author":"1","show_post_author_image":"1","show_post_date":"1","post_date_format":"default","post_date_format_custom":"Y\/m\/d","show_post_category":"1","show_post_reading_time":"0","post_reading_time_wpm":"300","show_zoom_button":"0","zoom_button_out_step":"2","zoom_button_in_step":"3","show_post_tag":"1","show_prev_next_post":"1","show_popup_post":"1","number_popup_post":"1","show_author_box":"0","show_post_related":"0","show_inline_post_related":"0"}],"override_image_size":"0","image_override":[{"single_post_thumbnail_size":"crop-500","single_post_gallery_size":"crop-500"}],"trending_post":"0","trending_post_position":"meta","trending_post_label":"Trending","sponsored_post":"0","sponsored_post_label":"Sponsored by","sponsored_post_name":"","sponsored_post_url":"","sponsored_post_logo_enable":"0","sponsored_post_logo":"","sponsored_post_desc":"","disable_ad":"0"},"jnews_primary_category":{"id":""},"jnews_social_meta":{"fb_title":"","fb_description":"","fb_image":"","twitter_title":"","twitter_description":"","twitter_image":""},"jnews_review":[],"enable_review":"0","type":"percentage","name":"","summary":"","brand":"","sku":"","good":[{"good_text":""}],"bad":[{"bad_text":""}],"score_override":"","override_value":"","rating":[{"rating_text":"","rating_number":"10"}],"price":[{"shop":"","price":"","link":"","icon":""}],"jnews_override_counter":{"override_view_counter":"0","view_counter_number":"0","override_share_counter":"0","share_counter_number":"0","override_like_counter":"0","like_counter_number":"0","override_dislike_counter":"0","dislike_counter_number":"0"},"jnews_post_split":{"enable_post_split":"0","post_split":[{"template":"1","tag":"h2","numbering":"asc","mode":"normal","first":"0","enable_toc":"0","toc_type":"normal"}]},"footnotes":""},"categories":[1],"tags":[],"class_list":["post-34075","post","type-post","status-publish","format-standard","hentry","category-sin-categoria"],"jetpack_featured_media_url":"","_links":{"self":[{"href":"https:\/\/atecordoba.org\/index.php?rest_route=\/wp\/v2\/posts\/34075","targetHints":{"allow":["GET"]}}],"collection":[{"href":"https:\/\/atecordoba.org\/index.php?rest_route=\/wp\/v2\/posts"}],"about":[{"href":"https:\/\/atecordoba.org\/index.php?rest_route=\/wp\/v2\/types\/post"}],"author":[{"embeddable":true,"href":"https:\/\/atecordoba.org\/index.php?rest_route=\/wp\/v2\/users\/7"}],"replies":[{"embeddable":true,"href":"https:\/\/atecordoba.org\/index.php?rest_route=%2Fwp%2Fv2%2Fcomments&post=34075"}],"version-history":[{"count":1,"href":"https:\/\/atecordoba.org\/index.php?rest_route=\/wp\/v2\/posts\/34075\/revisions"}],"predecessor-version":[{"id":34079,"href":"https:\/\/atecordoba.org\/index.php?rest_route=\/wp\/v2\/posts\/34075\/revisions\/34079"}],"wp:attachment":[{"href":"https:\/\/atecordoba.org\/index.php?rest_route=%2Fwp%2Fv2%2Fmedia&parent=34075"}],"wp:term":[{"taxonomy":"category","embeddable":true,"href":"https:\/\/atecordoba.org\/index.php?rest_route=%2Fwp%2Fv2%2Fcategories&post=34075"},{"taxonomy":"post_tag","embeddable":true,"href":"https:\/\/atecordoba.org\/index.php?rest_route=%2Fwp%2Fv2%2Ftags&post=34075"}],"curies":[{"name":"wp","href":"https:\/\/api.w.org\/{rel}","templated":true}]}}