{"id":34060,"date":"2022-10-04T13:37:26","date_gmt":"2022-10-04T16:37:26","guid":{"rendered":"https:\/\/atecordoba.org\/?p=34060"},"modified":"2022-10-04T15:05:15","modified_gmt":"2022-10-04T18:05:15","slug":"conciliacion-obligatoria-suspende-el-paro-nacional-de-anac-previsto-para-manana","status":"publish","type":"post","link":"https:\/\/atecordoba.org\/?p=34060","title":{"rendered":"Conciliaci\u00f3n obligatoria suspende el paro nacional de ANAC previsto para ma\u00f1ana"},"content":{"rendered":"\n<div class=\"wp-block-image\"><figure class=\"aligncenter size-large is-resized\"><img loading=\"lazy\" decoding=\"async\" src=\"https:\/\/atecordoba.org\/wp-content\/uploads\/2022\/10\/05-10-Paro-ANAC-Conciliacion-723x1024.jpeg\" alt=\"\" class=\"wp-image-34061\" width=\"542\" height=\"768\" srcset=\"https:\/\/atecordoba.org\/wp-content\/uploads\/2022\/10\/05-10-Paro-ANAC-Conciliacion-723x1024.jpeg 723w, https:\/\/atecordoba.org\/wp-content\/uploads\/2022\/10\/05-10-Paro-ANAC-Conciliacion-212x300.jpeg 212w, https:\/\/atecordoba.org\/wp-content\/uploads\/2022\/10\/05-10-Paro-ANAC-Conciliacion-768x1087.jpeg 768w, https:\/\/atecordoba.org\/wp-content\/uploads\/2022\/10\/05-10-Paro-ANAC-Conciliacion-750x1062.jpeg 750w, https:\/\/atecordoba.org\/wp-content\/uploads\/2022\/10\/05-10-Paro-ANAC-Conciliacion.jpeg 904w\" sizes=\"auto, (max-width: 542px) 100vw, 542px\" \/><\/figure><\/div>\n\n\n\n<p>El Ministerio de Trabajo de la Naci\u00f3n dict\u00f3 esta ma\u00f1ana la conciliaci\u00f3n obligatoria, en el marco de conflicto sectorial que se viene desarrollando hace meses, debido al paro nacional del sectorial previsto para ma\u00f1ana 5 de octubre. <\/p>\n\n\n\n<p>&#8220;Es la \u00faltima que tiene el gobierno en el a\u00f1o porque ya nos dictaron dos medidas de igual naturaleza&#8221;, explic\u00f3 Agust\u00edn Bertone trabajador del sector e integrante de la conducci\u00f3n de ATE C\u00f3rdoba.<\/p>\n\n\n\n<p>&#8220;Pedimos sobre la situaci\u00f3n de los compa\u00f1eros y compa\u00f1eras contratados\/as para que se abra su traspaso hacia art\u00edculo 9 o planta transitoria. Adem\u00e1s de ello, desde el sector solicitan la institucionalizaci\u00f3n de una mesa de trabajo para avanzar en la confecci\u00f3n de un Convenio Colectivo Sectorial, la recomposici\u00f3n salarial, rencasillamientos, los problemas de infraestructura que tienen los aeropuertos, entre otros puntos&#8221;, a\u00f1adi\u00f3 Bertone.<\/p>\n\n\n\n<p>Tras esta conciliaci\u00f3n obligatoria ATE queda en libertad de acci\u00f3n de no responder positivamente la patronal a los planteos realizados. &nbsp;<\/p>\n","protected":false},"excerpt":{"rendered":"<p>El Ministerio de Trabajo de la Naci\u00f3n dict\u00f3 esta ma\u00f1ana la conciliaci\u00f3n obligatoria, en el marco de conflicto sectorial que se viene desarrollando hace meses, debido al paro nacional del sectorial previsto para ma\u00f1ana 5 de octubre. &#8220;Es la \u00faltima que tiene el gobierno en el a\u00f1o porque ya nos dictaron dos medidas de igual [&hellip;]<\/p>\n","protected":false},"author":7,"featured_media":34062,"comment_status":"open","ping_status":"open","sticky":false,"template":"","format":"standard","meta":{"_exactmetrics_skip_tracking":false,"_exactmetrics_sitenote_active":false,"_exactmetrics_sitenote_note":"","_exactmetrics_sitenote_category":0,"jnews-multi-image_gallery":[],"jnews_single_post":{"subtitle":"Se trata de la tercer medida que toma el Ministerio de Trabajo de la Naci\u00f3n en lo que va del a\u00f1o por lo que ATE queda en libertad de acci\u00f3n de no responder positivamente la patronal a los planteos realizados. \u00a0","format":"standard","video":"","gallery":"","source_name":"","source_url":"","via_name":"","via_url":"","override_template":"0","override":[{"template":"1","single_blog_custom":"","parallax":"1","fullscreen":"1","layout":"right-sidebar","sidebar":"default-sidebar","second_sidebar":"default-sidebar","sticky_sidebar":"1","share_position":"top","share_float_style":"share-monocrhome","show_share_counter":"1","show_view_counter":"1","show_featured":"1","show_post_meta":"1","show_post_author":"1","show_post_author_image":"1","show_post_date":"1","post_date_format":"default","post_date_format_custom":"Y\/m\/d","show_post_category":"1","show_post_reading_time":"0","post_reading_time_wpm":"300","show_zoom_button":"0","zoom_button_out_step":"2","zoom_button_in_step":"3","show_post_tag":"1","show_prev_next_post":"1","show_popup_post":"1","number_popup_post":"1","show_author_box":"0","show_post_related":"0","show_inline_post_related":"0"}],"override_image_size":"0","image_override":[{"single_post_thumbnail_size":"crop-500","single_post_gallery_size":"crop-500"}],"trending_post":"0","trending_post_position":"meta","trending_post_label":"Trending","sponsored_post":"0","sponsored_post_label":"Sponsored by","sponsored_post_name":"","sponsored_post_url":"","sponsored_post_logo_enable":"0","sponsored_post_logo":"","sponsored_post_desc":"","disable_ad":"0"},"jnews_primary_category":{"id":""},"jnews_social_meta":{"fb_title":"","fb_description":"","fb_image":"","twitter_title":"","twitter_description":"","twitter_image":""},"jnews_review":[],"enable_review":"0","type":"percentage","name":"","summary":"","brand":"","sku":"","good":[{"good_text":""}],"bad":[{"bad_text":""}],"score_override":"","override_value":"","rating":[{"rating_text":"","rating_number":"10"}],"price":[{"shop":"","price":"","link":"","icon":""}],"jnews_override_counter":{"override_view_counter":"0","view_counter_number":"0","override_share_counter":"0","share_counter_number":"0","override_like_counter":"0","like_counter_number":"0","override_dislike_counter":"0","dislike_counter_number":"0"},"jnews_post_split":{"enable_post_split":"0","post_split":[{"template":"1","tag":"h2","numbering":"asc","mode":"normal","first":"0","enable_toc":"0","toc_type":"normal"}]},"footnotes":""},"categories":[18],"tags":[33,595],"class_list":["post-34060","post","type-post","status-publish","format-standard","has-post-thumbnail","hentry","category-nacionales","tag-anac","tag-paro-nacional"],"jetpack_featured_media_url":"https:\/\/atecordoba.org\/wp-content\/uploads\/2022\/10\/anaccordoba-e1664901412834.png","_links":{"self":[{"href":"https:\/\/atecordoba.org\/index.php?rest_route=\/wp\/v2\/posts\/34060","targetHints":{"allow":["GET"]}}],"collection":[{"href":"https:\/\/atecordoba.org\/index.php?rest_route=\/wp\/v2\/posts"}],"about":[{"href":"https:\/\/atecordoba.org\/index.php?rest_route=\/wp\/v2\/types\/post"}],"author":[{"embeddable":true,"href":"https:\/\/atecordoba.org\/index.php?rest_route=\/wp\/v2\/users\/7"}],"replies":[{"embeddable":true,"href":"https:\/\/atecordoba.org\/index.php?rest_route=%2Fwp%2Fv2%2Fcomments&post=34060"}],"version-history":[{"count":4,"href":"https:\/\/atecordoba.org\/index.php?rest_route=\/wp\/v2\/posts\/34060\/revisions"}],"predecessor-version":[{"id":34068,"href":"https:\/\/atecordoba.org\/index.php?rest_route=\/wp\/v2\/posts\/34060\/revisions\/34068"}],"wp:featuredmedia":[{"embeddable":true,"href":"https:\/\/atecordoba.org\/index.php?rest_route=\/wp\/v2\/media\/34062"}],"wp:attachment":[{"href":"https:\/\/atecordoba.org\/index.php?rest_route=%2Fwp%2Fv2%2Fmedia&parent=34060"}],"wp:term":[{"taxonomy":"category","embeddable":true,"href":"https:\/\/atecordoba.org\/index.php?rest_route=%2Fwp%2Fv2%2Fcategories&post=34060"},{"taxonomy":"post_tag","embeddable":true,"href":"https:\/\/atecordoba.org\/index.php?rest_route=%2Fwp%2Fv2%2Ftags&post=34060"}],"curies":[{"name":"wp","href":"https:\/\/api.w.org\/{rel}","templated":true}]}}