{"id":34055,"date":"2022-10-04T13:23:18","date_gmt":"2022-10-04T16:23:18","guid":{"rendered":"https:\/\/atecordoba.org\/?p=34055"},"modified":"2022-10-04T13:31:30","modified_gmt":"2022-10-04T16:31:30","slug":"dictaron-un-taller-de-capacitacion-sobre-reciclado-y-medio-ambiente-en-san-francisco","status":"publish","type":"post","link":"https:\/\/atecordoba.org\/?p=34055","title":{"rendered":"Dictaron un taller de capacitaci\u00f3n sobre reciclado y medio ambiente en San Francisco"},"content":{"rendered":"\n<div class=\"wp-block-image\"><figure class=\"aligncenter size-large is-resized\"><img loading=\"lazy\" decoding=\"async\" src=\"https:\/\/atecordoba.org\/wp-content\/uploads\/2022\/10\/portada-1024x355.jpg\" alt=\"\" class=\"wp-image-34056\" width=\"768\" height=\"266\" \/><\/figure><\/div>\n\n\n\n<p>En el marco de las iniciativas de formaci\u00f3n que lleva adelante la seccional ATE San Justo, ayer se dict\u00f3 un taller de formaci\u00f3n referido a reciclado y medio ambiente, que dict\u00f3 en la sede de ATE en San Francisco el profesor Rub\u00e9n Dar\u00edo Sbarato, que cont\u00f3 con la presencia de delegados de nuestra organizaci\u00f3n, los centros de jubilados de ATE de San Francisco y La France, as\u00ed como funcionarios municipales de diversas localidades donde ATE cuenta con actuaci\u00f3n. <\/p>\n\n\n\n<p>El secretario General de la seccional, Dar\u00edo Paredes, dijo que &#8220;sali\u00f3 una charla muy rica para poder de ahora en m\u00e1s poder trabajar como ATE y CTAA conjuntamente con las distintas instituciones y municipios tambi\u00e9n&#8221;. <\/p>\n\n\n\n<figure class=\"wp-block-gallery has-nested-images columns-default is-cropped wp-block-gallery-1 is-layout-flex wp-block-gallery-is-layout-flex\">\n<figure class=\"wp-block-image size-large\"><a href=\"https:\/\/atecordoba.org\/wp-content\/uploads\/2022\/10\/310716321_538260494966084_884778696471783883_n.jpg\"><img loading=\"lazy\" decoding=\"async\" width=\"1024\" height=\"461\" data-id=\"34058\" src=\"https:\/\/atecordoba.org\/wp-content\/uploads\/2022\/10\/310716321_538260494966084_884778696471783883_n-1024x461.jpg\" alt=\"\" class=\"wp-image-34058\" srcset=\"https:\/\/atecordoba.org\/wp-content\/uploads\/2022\/10\/310716321_538260494966084_884778696471783883_n-1024x461.jpg 1024w, https:\/\/atecordoba.org\/wp-content\/uploads\/2022\/10\/310716321_538260494966084_884778696471783883_n-300x135.jpg 300w, https:\/\/atecordoba.org\/wp-content\/uploads\/2022\/10\/310716321_538260494966084_884778696471783883_n-768x346.jpg 768w, https:\/\/atecordoba.org\/wp-content\/uploads\/2022\/10\/310716321_538260494966084_884778696471783883_n-1536x692.jpg 1536w, https:\/\/atecordoba.org\/wp-content\/uploads\/2022\/10\/310716321_538260494966084_884778696471783883_n-750x338.jpg 750w, https:\/\/atecordoba.org\/wp-content\/uploads\/2022\/10\/310716321_538260494966084_884778696471783883_n-1140x513.jpg 1140w, https:\/\/atecordoba.org\/wp-content\/uploads\/2022\/10\/310716321_538260494966084_884778696471783883_n.jpg 2048w\" sizes=\"auto, (max-width: 1024px) 100vw, 1024px\" \/><\/a><\/figure>\n\n\n\n<figure class=\"wp-block-image size-large\"><a href=\"https:\/\/atecordoba.org\/wp-content\/uploads\/2022\/10\/310766179_538260408299426_3078480290853550181_n.jpg\"><img loading=\"lazy\" decoding=\"async\" width=\"1024\" height=\"461\" data-id=\"34057\" src=\"https:\/\/atecordoba.org\/wp-content\/uploads\/2022\/10\/310766179_538260408299426_3078480290853550181_n-1024x461.jpg\" alt=\"\" class=\"wp-image-34057\" srcset=\"https:\/\/atecordoba.org\/wp-content\/uploads\/2022\/10\/310766179_538260408299426_3078480290853550181_n-1024x461.jpg 1024w, https:\/\/atecordoba.org\/wp-content\/uploads\/2022\/10\/310766179_538260408299426_3078480290853550181_n-300x135.jpg 300w, https:\/\/atecordoba.org\/wp-content\/uploads\/2022\/10\/310766179_538260408299426_3078480290853550181_n-768x346.jpg 768w, https:\/\/atecordoba.org\/wp-content\/uploads\/2022\/10\/310766179_538260408299426_3078480290853550181_n-1536x692.jpg 1536w, https:\/\/atecordoba.org\/wp-content\/uploads\/2022\/10\/310766179_538260408299426_3078480290853550181_n-750x338.jpg 750w, https:\/\/atecordoba.org\/wp-content\/uploads\/2022\/10\/310766179_538260408299426_3078480290853550181_n-1140x513.jpg 1140w, https:\/\/atecordoba.org\/wp-content\/uploads\/2022\/10\/310766179_538260408299426_3078480290853550181_n.jpg 2048w\" sizes=\"auto, (max-width: 1024px) 100vw, 1024px\" \/><\/a><\/figure>\n<\/figure>\n\n\n\n<p>Y agreg\u00f3: &#8220;vamos a meternos con ese trabajo para ver la manera de poder canalizar a trav\u00e9s de cooperativas, convocando a trabajadores desocupados&#8221;.<\/p>\n\n\n\n<p>Se desatac\u00f3 la presencia del intendente de Santiago Temple, Marco Ferace, el director de Infraestructura de San Francisco, N\u00e9stor G\u00f3mez, y un representante de la Sociedad Cosmopolita de Devoto. <\/p>\n","protected":false},"excerpt":{"rendered":"<p>En el marco de las iniciativas de formaci\u00f3n que lleva adelante la seccional ATE San Justo, ayer se dict\u00f3 un taller de formaci\u00f3n referido a reciclado y medio ambiente, que dict\u00f3 en la sede de ATE en San Francisco el profesor Rub\u00e9n Dar\u00edo Sbarato, que cont\u00f3 con la presencia de delegados de nuestra organizaci\u00f3n, los [&hellip;]<\/p>\n","protected":false},"author":7,"featured_media":34056,"comment_status":"open","ping_status":"open","sticky":false,"template":"","format":"standard","meta":{"_exactmetrics_skip_tracking":false,"_exactmetrics_sitenote_active":false,"_exactmetrics_sitenote_note":"","_exactmetrics_sitenote_category":0,"jnews-multi-image_gallery":[],"jnews_single_post":{"subtitle":"Tras la formaci\u00f3n, el secretario General de ATE San Justo, Dar\u00edo Paredes, dijo que \"vamos a meternos con ese trabajo para ver la manera de poder canalizar a trav\u00e9s de cooperativas, convocando a trabajadores desocupados\".","format":"standard","video":"","gallery":"","source_name":"","source_url":"","via_name":"","via_url":"","override_template":"0","override":[{"template":"1","single_blog_custom":"","parallax":"1","fullscreen":"1","layout":"right-sidebar","sidebar":"default-sidebar","second_sidebar":"default-sidebar","sticky_sidebar":"1","share_position":"top","share_float_style":"share-monocrhome","show_share_counter":"1","show_view_counter":"1","show_featured":"1","show_post_meta":"1","show_post_author":"1","show_post_author_image":"1","show_post_date":"1","post_date_format":"default","post_date_format_custom":"Y\/m\/d","show_post_category":"1","show_post_reading_time":"0","post_reading_time_wpm":"300","show_zoom_button":"0","zoom_button_out_step":"2","zoom_button_in_step":"3","show_post_tag":"1","show_prev_next_post":"1","show_popup_post":"1","number_popup_post":"1","show_author_box":"0","show_post_related":"0","show_inline_post_related":"0"}],"override_image_size":"0","image_override":[{"single_post_thumbnail_size":"crop-500","single_post_gallery_size":"crop-500"}],"trending_post":"0","trending_post_position":"meta","trending_post_label":"Trending","sponsored_post":"0","sponsored_post_label":"Sponsored by","sponsored_post_name":"","sponsored_post_url":"","sponsored_post_logo_enable":"0","sponsored_post_logo":"","sponsored_post_desc":"","disable_ad":"0"},"jnews_primary_category":{"id":""},"jnews_social_meta":{"fb_title":"","fb_description":"","fb_image":"","twitter_title":"","twitter_description":"","twitter_image":""},"jnews_review":[],"enable_review":"0","type":"percentage","name":"","summary":"","brand":"","sku":"","good":[{"good_text":""}],"bad":[{"bad_text":""}],"score_override":"","override_value":"","rating":[{"rating_text":"","rating_number":"10"}],"price":[{"shop":"","price":"","link":"","icon":""}],"jnews_override_counter":{"override_view_counter":"0","view_counter_number":"0","override_share_counter":"0","share_counter_number":"0","override_like_counter":"0","like_counter_number":"0","override_dislike_counter":"0","dislike_counter_number":"0"},"jnews_post_split":{"enable_post_split":"0","post_split":[{"template":"1","tag":"h2","numbering":"asc","mode":"normal","first":"0","enable_toc":"0","toc_type":"normal"}]},"footnotes":""},"categories":[88,148],"tags":[],"class_list":["post-34055","post","type-post","status-publish","format-standard","has-post-thumbnail","hentry","category-formacion","category-san-justo"],"jetpack_featured_media_url":"https:\/\/atecordoba.org\/wp-content\/uploads\/2022\/10\/portada-e1664900538626.jpg","_links":{"self":[{"href":"https:\/\/atecordoba.org\/index.php?rest_route=\/wp\/v2\/posts\/34055","targetHints":{"allow":["GET"]}}],"collection":[{"href":"https:\/\/atecordoba.org\/index.php?rest_route=\/wp\/v2\/posts"}],"about":[{"href":"https:\/\/atecordoba.org\/index.php?rest_route=\/wp\/v2\/types\/post"}],"author":[{"embeddable":true,"href":"https:\/\/atecordoba.org\/index.php?rest_route=\/wp\/v2\/users\/7"}],"replies":[{"embeddable":true,"href":"https:\/\/atecordoba.org\/index.php?rest_route=%2Fwp%2Fv2%2Fcomments&post=34055"}],"version-history":[{"count":1,"href":"https:\/\/atecordoba.org\/index.php?rest_route=\/wp\/v2\/posts\/34055\/revisions"}],"predecessor-version":[{"id":34059,"href":"https:\/\/atecordoba.org\/index.php?rest_route=\/wp\/v2\/posts\/34055\/revisions\/34059"}],"wp:featuredmedia":[{"embeddable":true,"href":"https:\/\/atecordoba.org\/index.php?rest_route=\/wp\/v2\/media\/34056"}],"wp:attachment":[{"href":"https:\/\/atecordoba.org\/index.php?rest_route=%2Fwp%2Fv2%2Fmedia&parent=34055"}],"wp:term":[{"taxonomy":"category","embeddable":true,"href":"https:\/\/atecordoba.org\/index.php?rest_route=%2Fwp%2Fv2%2Fcategories&post=34055"},{"taxonomy":"post_tag","embeddable":true,"href":"https:\/\/atecordoba.org\/index.php?rest_route=%2Fwp%2Fv2%2Ftags&post=34055"}],"curies":[{"name":"wp","href":"https:\/\/api.w.org\/{rel}","templated":true}]}}