{"id":3404,"date":"2013-10-09T17:46:37","date_gmt":"2013-10-09T20:46:37","guid":{"rendered":"http:\/\/www.atecordoba.org\/?p=3404"},"modified":"2013-10-09T17:46:37","modified_gmt":"2013-10-09T20:46:37","slug":"3404","status":"publish","type":"post","link":"https:\/\/atecordoba.org\/?p=3404","title":{"rendered":"Miles de cordobeses marcharon ayer contra Monsato y  por la emergencia ambiental"},"content":{"rendered":"<p><em>Organizaciones del campo popular le reclaman al gobernador De la Sota que declare la emergencia ambiental, h\u00eddrica y territorial en toda la provincia y que ponga en marcha mecanismos participativos. Una fuerte silbatina salud\u00f3 el paso del helic\u00f3ptero que sobrevol\u00f3 la marcha en el Centro C\u00edvico. El jueves la CTA lanza la convocatoria para una consulta nacional sobre los bienes comunes.<\/em><\/p>\n<p><b>(en base a nota de prensared.org)<\/b><\/p>\n<figure style=\"width: 605px\" class=\"wp-caption aligncenter\"><img loading=\"lazy\" decoding=\"async\" class=\"ngg-singlepic ngg-center \" alt=\"img_4959\" src=\"http:\/\/www.atecordoba.org\/wp-content\/gallery\/marcha-contra-monsanto\/img_4959.jpg\" width=\"605\" height=\"454\" \/><figcaption class=\"wp-caption-text\">ATE particip\u00f3 de la movilizaci\u00f3n contra Monsanto.<\/figcaption><\/figure>\n<p>Unas ocho mil personas se movilizaron desde la hist\u00f3rica esquina de Col\u00f3n y La Ca\u00f1ada hasta la Casa de Gobierno. Procedentes de diferentes lugares de la provincia y portando banderas y pancartas con leyendas que los identificaban caminaron hasta\u00a0<i>El Panal<\/i><i>\u00a0<\/i>donde se realiz\u00f3 un acto y se ley\u00f3 un documento.<\/p>\n<p>Los ciudadanos organizados le exigieron al gobierno provincial la declaraci\u00f3n de la emergencia ambiental, el ordenamiento territorial y la urgente soluci\u00f3n a la crisis h\u00eddrica. Piden, que se derogue la Ley de Bosques actual y mayor participaci\u00f3n en el dise\u00f1o y control de pol\u00edticas p\u00fablicas.<\/p>\n<p>Compa\u00f1eros de ATE y CTA marcharon junto a las organizaciones sindicales presentes como el gremio judicial. En la oportunidad estuvieron presentes Mar\u00eda Teresa Romero, nuestra secretaria General de ATE, Soldad Garc\u00eda, secretaria Adjunta de la CTA provincia, y Guido Dreizik, secretario General de CTA C\u00f3rdoba Capital.<\/p>\n<figure style=\"width: 518px\" class=\"wp-caption alignleft\"><img loading=\"lazy\" decoding=\"async\" class=\"ngg-singlepic ngg-none \" alt=\"img_4946\" src=\"http:\/\/www.atecordoba.org\/wp-content\/gallery\/marcha-contra-monsanto\/img_4946.jpg\" width=\"518\" height=\"389\" \/><figcaption class=\"wp-caption-text\">Bandera de CTA. A la derecha, Carlos Valduvino, secretario General del CISPREN<\/figcaption><\/figure>\n<p>Durante la movilizaci\u00f3n se hizo o\u00edr fuerte el\u00a0<i>No a Monsanto<\/i>\u00a0y a la represi\u00f3n policial ocurrida d\u00edas atr\u00e1s en Malvinas Argentinas. En cambio, se manifestaron a favor de la soberan\u00eda popular y la democracia participativa; por la implementaci\u00f3n de una consulta popular, que se ponga un freno a los negocios inmobiliarios y el cumplimiento de la ley de presupuestos m\u00ednimos. Se oponen adem\u00e1s a la instalaci\u00f3n de las plantas de tratamiento de la basura en Bouwer, Ju\u00e1rez Celman y R\u00edo Ceballos.<\/p>\n<p>En la cabeza de la marcha se ubicaron los referentes de la\u00a0<i>Coordinadora Provincial para la Soberan\u00eda Popular por el Agua y la Tierra<\/i>,\u00a0<i>Malvinas lucha por la Vida<\/i>, la\u00a0<i>Mesa de Trabajo por los Derechos Humanos,<\/i>\u00a0la\u00a0<i>Central de los Trabajadores de la Argentina de C\u00f3rdoba<\/i>\u00a0(CTA); detr\u00e1s, caminaron referentes pol\u00edticos y sindicales, asambleas, organizaciones territoriales, barriales, estudiantiles y partidos pol\u00edticos.<\/p>\n<p>Frente a la galer\u00eda Cinerama y luego en Obispo Trejo y 27 de abril la marcha se detuvo y numerosos j\u00f3venes danzaron hasta el cansancio al ritmo fren\u00e9tico de los tambores. Y un rumor tenue que luego se hizo grito sintetizaba:\u00a0<i>\u00a1Alerta! \u00a1Alerta! que el pueblo organizado le dice s\u00ed a la vida!<\/i><\/p>\n<p>Fernanda Salinas, de la Coordinadora Ambiental y por los Derechos Humanos de Sierras Chicas expres\u00f3 que \u201cestamos ac\u00e1 con los vecinos de Candonga, R\u00edo Ceballos, Unquillo, \u00a0Mendiolaza y La Calera y nos manifestamos porque queremos tener derecho a decidir sobre nuestros territorios. No queremos desmontes, ni basura, le decimos no a Monsanto y a los negocios inmobiliarios. Exigimos soluciones\u00a0 a la falta de agua y creemos que el sistema representativo nos hace convidados de piedra a la\u00a0 hora de decidir.\u201d, afirm\u00f3.<\/p>\n<p><b>Consulta Popular<\/b><\/p>\n<p>Silvia Vaca, rodeada de tres ni\u00f1os peque\u00f1os, le dijo a este medio que como habitante de Malvinas Argentinas, se sum\u00f3 a la lucha porque \u201csabemos el riesgo que corremos\u201d con una empresa que viene \u201ccon promesas de progreso y nos obliga a renunciar a la soberan\u00eda alimentaria, nos trae contaminaci\u00f3n a corto plazo y eso no queremos para el pueblo. Por eso luchamos con la \u00fanica herramienta que nos da la democracia y que es la Consulta popular\u201d, expres\u00f3.<\/p>\n<p>Unos metros m\u00e1s adelante camina Gast\u00f3n Mazalay uno de los primeros en advertir los riesgos de la instalaci\u00f3n de la multinacional. Sobre las medidas tomadas por la justicia hoy se\u00f1al\u00f3 que \u201csigue la misma l\u00ednea que tom\u00f3 el Tribunal Superior de Justicia (TSJ) de no habilitar la etapa operativa pero si la construcci\u00f3n. En ese marco nosotros pensamos que tanto el TSJ y el juzgado de primera instancia han realizado fallos pol\u00edticos y no jur\u00eddicos\u201d, analiz\u00f3. Y afirm\u00f3 que \u201cexisten vinculaciones entre el poder pol\u00edtico y el poder judicial habida cuenta que la esposa de Garc\u00eda Alloco \u2013presidente del alto Tribunal- ha sido senadora provincial del Bloque Uni\u00f3n por C\u00f3rdoba en la primera gesti\u00f3n de De la Sota\u201d.<\/p>\n<figure style=\"width: 518px\" class=\"wp-caption alignright\"><img loading=\"lazy\" decoding=\"async\" class=\"ngg-singlepic ngg-right \" alt=\"img_4954\" src=\"http:\/\/www.atecordoba.org\/wp-content\/gallery\/marcha-contra-monsanto\/img_4954.jpg\" width=\"518\" height=\"389\" \/><figcaption class=\"wp-caption-text\">Guido Dreizik, secretario General de CTA Capital, Soledad Garc\u00eda, secretaria General de CTA provincia, y Juan Carlos Giuliani, secretario de Relaciones Institucionales de CTA nacional.<\/figcaption><\/figure>\n<p>Ante esta situaci\u00f3n dijo que seguir\u00e1n con el bloqueo hasta tanto les ofrezcan soluciones de fondo. \u201cQueremos que se aplique la Ley Nacional de Ambiente, que est\u00e1 por encima de la provincial, y se tengan en cuenta los presupuestos m\u00ednimos. Esto significa que ante la m\u00ednima duda, no se debe aplicar. Y queremos que se ponga en marcha el mecanismo de la\u00a0<i>consulta popular<\/i>\u00a0para que nos expresemos todos\u201d.<\/p>\n<p>El legislador Roberto Birri (Partido Socialista) que march\u00f3 junto a otros pares como Liliana Olivero (Izquierda Socialista) expres\u00f3 que \u201cesta marcha es\u00a0 la expresi\u00f3n de resistencia de\u00a0 los cordobeses contra todo lo que lesiona su salud y el medio ambiente. Han sucedido muchas cosas como el uso de agrot\u00f3xicos, los incendios, la instalaci\u00f3n de Monsanto sin preguntarle a la gente. Aquellos que creemos que la salud y el medio ambiente hacen a la vida, nos ponemos de pie y\u00a0 cada vez somos m\u00e1s; los que gobiernan la provincia deben saber que nos tienen que escuchar. La movilizaci\u00f3n popular lo revertir\u00e1\u201d.<\/p>\n<p>\u201cNo a la ley de Bosques de este gobierno, no a los emprendimientos inmobiliarios para pocos, no a la contaminaci\u00f3n y las fumigaciones y no a Monsanto. Se quemaron 100 mil hect\u00e1reas de bosque, mientras esta provincia recaudaba 60 millones de pesos como fondo de fuego. Nos sacan nuestro dinero para prevenir y no lo hicieron. Que se anule el impuesto al fuego y que no se prioricen los negocios sobre la salud\u201d, fueron consignas \u00a0que resonaban por los parlantes, mientras avanzaba la marcha con la Bersuit como fondo.<\/p>\n<p><b>Proyecto por la Vida<\/b><\/p>\n<p><b>\u00a0<\/b>Al final de la protesta, Guido Dreizik evalu\u00f3 que la marcha fue muy importante en convocatoria, pluralidad y organizaci\u00f3n. \u201cSe habla de cerca de ocho mil personas, estamos todos los sectores y sabemos a qu\u00e9 vinimos. Inclusive, hay compa\u00f1eros que est\u00e1n planteando los\u00a0 niveles de responsabilidad que les cabe a los municipios en la aplicaci\u00f3n del modelo extractivista, la destrucci\u00f3n del suelo y el descuido del agua. Seguramente el gobierno es el mayor responsable pero tampoco le quitamos responsabilidad al gobierno nacional. Esto quiere decir que el reclamo por la soberan\u00eda popular no tiene que ver con la interpelaci\u00f3n a determinada gesti\u00f3n de gobierno, sino con un proyecto por la vida\u201d, explic\u00f3.<\/p>\n<p>Y en ese sentido destac\u00f3 que la movilizaci\u00f3n \u201cmarca una bisagra en la articulaci\u00f3n. Estamos debajo de una bandera de los compa\u00f1eros de la JP, nos hemos reunido para la coordinaci\u00f3n, y como dijo (Horacio) Vervitsky ayer -en la presentaci\u00f3n del libro\u00a0<i>Cuentas Pendientes, los c\u00f3mplices econ\u00f3micos de la dictadura<\/i>-,\u00a0 el gobierno se equivoc\u00f3 en abrirle la puerta a<i>\u00a0Monsanto<\/i>. Pero m\u00e1s all\u00e1 de eso, se trata de tomar conciencia, de pensar \u00a0un modelo de pa\u00eds que cuide la salud, el agua, y la vida\u201d, concluy\u00f3.<\/p>\n<p>Tras la lectura del documentado firmado y aprobado por la Coordinada, muchos ya estaban pensando en dirigirse a Malvinas Argentinas, donde estaba prevista la actuaci\u00f3n de varios artistas populares entre ellos Raly Barrionuevo.<\/p>\n","protected":false},"excerpt":{"rendered":"<p>Organizaciones del campo popular le reclaman al gobernador De la Sota que declare la emergencia ambiental, h\u00eddrica y territorial en toda la provincia y que ponga en marcha mecanismos participativos. Una fuerte silbatina salud\u00f3 el paso del helic\u00f3ptero que sobrevol\u00f3 la marcha en el Centro C\u00edvico. El jueves la CTA lanza la convocatoria para una [&hellip;]<\/p>\n","protected":false},"author":1,"featured_media":19220,"comment_status":"open","ping_status":"open","sticky":false,"template":"","format":"standard","meta":{"_exactmetrics_skip_tracking":false,"_exactmetrics_sitenote_active":false,"_exactmetrics_sitenote_note":"","_exactmetrics_sitenote_category":0,"jnews-multi-image_gallery":[],"jnews_single_post":[],"jnews_primary_category":[],"jnews_social_meta":[],"jnews_review":[],"enable_review":"","type":"","name":"","summary":"","brand":"","sku":"","good":[],"bad":[],"score_override":"","override_value":"","rating":[],"price":[],"jnews_override_counter":[],"jnews_post_split":[],"footnotes":""},"categories":[92],"tags":[],"class_list":["post-3404","post","type-post","status-publish","format-standard","has-post-thumbnail","hentry","category-cta"],"jetpack_featured_media_url":"https:\/\/atecordoba.org\/wp-content\/uploads\/2020\/05\/logo-nuevochico-e1561581322808.png","_links":{"self":[{"href":"https:\/\/atecordoba.org\/index.php?rest_route=\/wp\/v2\/posts\/3404","targetHints":{"allow":["GET"]}}],"collection":[{"href":"https:\/\/atecordoba.org\/index.php?rest_route=\/wp\/v2\/posts"}],"about":[{"href":"https:\/\/atecordoba.org\/index.php?rest_route=\/wp\/v2\/types\/post"}],"author":[{"embeddable":true,"href":"https:\/\/atecordoba.org\/index.php?rest_route=\/wp\/v2\/users\/1"}],"replies":[{"embeddable":true,"href":"https:\/\/atecordoba.org\/index.php?rest_route=%2Fwp%2Fv2%2Fcomments&post=3404"}],"version-history":[{"count":0,"href":"https:\/\/atecordoba.org\/index.php?rest_route=\/wp\/v2\/posts\/3404\/revisions"}],"wp:featuredmedia":[{"embeddable":true,"href":"https:\/\/atecordoba.org\/index.php?rest_route=\/wp\/v2\/media\/19220"}],"wp:attachment":[{"href":"https:\/\/atecordoba.org\/index.php?rest_route=%2Fwp%2Fv2%2Fmedia&parent=3404"}],"wp:term":[{"taxonomy":"category","embeddable":true,"href":"https:\/\/atecordoba.org\/index.php?rest_route=%2Fwp%2Fv2%2Fcategories&post=3404"},{"taxonomy":"post_tag","embeddable":true,"href":"https:\/\/atecordoba.org\/index.php?rest_route=%2Fwp%2Fv2%2Ftags&post=3404"}],"curies":[{"name":"wp","href":"https:\/\/api.w.org\/{rel}","templated":true}]}}