{"id":3400,"date":"2013-10-08T17:46:50","date_gmt":"2013-10-08T20:46:50","guid":{"rendered":"http:\/\/www.atecordoba.org\/?p=3400"},"modified":"2013-10-08T17:46:50","modified_gmt":"2013-10-08T20:46:50","slug":"ate-lanza-una-jornada-de-protesta-en-la-salud-provincial-para-el-jueves","status":"publish","type":"post","link":"https:\/\/atecordoba.org\/?p=3400","title":{"rendered":"ATE lanza una jornada de protesta en la salud provincial para el jueves"},"content":{"rendered":"<p><em>En el marco del estado de asamblea y movilizaci\u00f3n que resolvi\u00f3 ATE C\u00f3rdoba en los hospitales provinciales, y en continuidad con el plan de lucha que venimos realizando, el pr\u00f3ximo jueves 10 de octubre se llevar\u00e1 a cabo una jornada de protesta en los centros de salud de C\u00f3rdoba Capital.<\/em><\/p>\n<figure id=\"attachment_3402\" aria-describedby=\"caption-attachment-3402\" style=\"width: 576px\" class=\"wp-caption aligncenter\"><a href=\"http:\/\/www.atecordoba.org\/wp-content\/uploads\/2013\/10\/delegados-rawson.jpg\"><img loading=\"lazy\" decoding=\"async\" class=\" wp-image-3402\" alt=\"delegados rawson\" src=\"http:\/\/www.atecordoba.org\/wp-content\/uploads\/2013\/10\/delegados-rawson.jpg\" width=\"576\" height=\"432\" \/><\/a><figcaption id=\"caption-attachment-3402\" class=\"wp-caption-text\">Delegados del Hospital De Ni\u00f1os y del Rawson en una protesta en el Polo Sanitario<\/figcaption><\/figure>\n<p>La medida se fundamenta en la falta de respuestas del gobierno de Jos\u00e9 Manuel De la Sota a los reclamos que vienen realizando las asambleas de dichos nosocomios, comunicadas por ATE a las autoridades sanitarias correspondientes.<\/p>\n<p>La modalidad ser\u00e1 conforme a lo que resuelvan las asambleas del personal, con los delegados de cada hospital: asamblea sin atenci\u00f3n al p\u00fablico, movilizaciones o \u00a0concentraciones frente a los distintos centros de salud. Como es habitual, se garantizar\u00e1n las guardias m\u00ednimas para atender urgencias.<\/p>\n<p>Las protestas se realizar\u00e1n en los hospitales C\u00f3rdoba, Misericordia, Tr\u00e1nsito C\u00e1ceres de Allende, de Ni\u00f1os y Rawson, de acuerdo a lo acordado hoy en el plenario de delegados realizado en el Rawson, que hizo extensiva la medida al resto de los hospitales que deseen sumarse. Cabe mencionar que la Maternidad Provincial comunic\u00f3 a \u00faltimo momento que adhiere a la medida de fuerza.<\/p>\n<p>Las razones de protesta se basan en una serie de puntos en com\u00fan debatidos las dos \u00faltimas semanas:<\/p>\n<ul>\n<li>aumento del sueldo inicial categor\u00eda 1 igual a la canasta familiar.<\/li>\n<li>pase de los remunerativos al b\u00e1sico.<\/li>\n<li>pase a planta permanente de todos los contratados y monotributistas.<\/li>\n<li>llamados a concursos transparentes.<\/li>\n<li>urgente reparaci\u00f3n y mantenimiento de la aparatolog\u00eda hospitalaria.<\/li>\n<li>insumos y ropa de trabajo.<\/li>\n<\/ul>\n<p>&nbsp;<\/p>\n<p align=\"right\">Mar\u00eda Teresa Romero<\/p>\n<p align=\"right\">Secretaria General<\/p>\n<p align=\"right\">ATE C\u00f3rdoba<\/p>\n<p>&nbsp;<\/p>\n","protected":false},"excerpt":{"rendered":"<p>En el marco del estado de asamblea y movilizaci\u00f3n que resolvi\u00f3 ATE C\u00f3rdoba en los hospitales provinciales, y en continuidad con el plan de lucha que venimos realizando, el pr\u00f3ximo jueves 10 de octubre se llevar\u00e1 a cabo una jornada de protesta en los centros de salud de C\u00f3rdoba Capital. La medida se fundamenta en [&hellip;]<\/p>\n","protected":false},"author":1,"featured_media":19220,"comment_status":"open","ping_status":"open","sticky":false,"template":"","format":"standard","meta":{"_exactmetrics_skip_tracking":false,"_exactmetrics_sitenote_active":false,"_exactmetrics_sitenote_note":"","_exactmetrics_sitenote_category":0,"jnews-multi-image_gallery":[],"jnews_single_post":[],"jnews_primary_category":[],"jnews_social_meta":[],"jnews_review":[],"enable_review":"","type":"","name":"","summary":"","brand":"","sku":"","good":[],"bad":[],"score_override":"","override_value":"","rating":[],"price":[],"jnews_override_counter":[],"jnews_post_split":[],"footnotes":""},"categories":[53,7,8],"tags":[],"class_list":["post-3400","post","type-post","status-publish","format-standard","has-post-thumbnail","hentry","category-comunicados-de-prensa","category-hospitales","category-provinciales"],"jetpack_featured_media_url":"https:\/\/atecordoba.org\/wp-content\/uploads\/2020\/05\/logo-nuevochico-e1561581322808.png","_links":{"self":[{"href":"https:\/\/atecordoba.org\/index.php?rest_route=\/wp\/v2\/posts\/3400","targetHints":{"allow":["GET"]}}],"collection":[{"href":"https:\/\/atecordoba.org\/index.php?rest_route=\/wp\/v2\/posts"}],"about":[{"href":"https:\/\/atecordoba.org\/index.php?rest_route=\/wp\/v2\/types\/post"}],"author":[{"embeddable":true,"href":"https:\/\/atecordoba.org\/index.php?rest_route=\/wp\/v2\/users\/1"}],"replies":[{"embeddable":true,"href":"https:\/\/atecordoba.org\/index.php?rest_route=%2Fwp%2Fv2%2Fcomments&post=3400"}],"version-history":[{"count":0,"href":"https:\/\/atecordoba.org\/index.php?rest_route=\/wp\/v2\/posts\/3400\/revisions"}],"wp:featuredmedia":[{"embeddable":true,"href":"https:\/\/atecordoba.org\/index.php?rest_route=\/wp\/v2\/media\/19220"}],"wp:attachment":[{"href":"https:\/\/atecordoba.org\/index.php?rest_route=%2Fwp%2Fv2%2Fmedia&parent=3400"}],"wp:term":[{"taxonomy":"category","embeddable":true,"href":"https:\/\/atecordoba.org\/index.php?rest_route=%2Fwp%2Fv2%2Fcategories&post=3400"},{"taxonomy":"post_tag","embeddable":true,"href":"https:\/\/atecordoba.org\/index.php?rest_route=%2Fwp%2Fv2%2Ftags&post=3400"}],"curies":[{"name":"wp","href":"https:\/\/api.w.org\/{rel}","templated":true}]}}