{"id":33996,"date":"2022-10-03T15:41:09","date_gmt":"2022-10-03T18:41:09","guid":{"rendered":"https:\/\/atecordoba.org\/?p=33996"},"modified":"2022-10-03T16:05:56","modified_gmt":"2022-10-03T19:05:56","slug":"elecciones-en-brasil-lula-trae-la-agenda-de-las-mayorias-populares","status":"publish","type":"post","link":"https:\/\/atecordoba.org\/?p=33996","title":{"rendered":"Elecciones en Brasil: &#8220;Lula trae la agenda de las mayor\u00edas populares&#8221;"},"content":{"rendered":"\n<div class=\"wp-block-image\"><figure class=\"aligncenter size-large is-resized\"><img loading=\"lazy\" decoding=\"async\" src=\"https:\/\/atecordoba.org\/wp-content\/uploads\/2022\/10\/WhatsApp-Image-2022-10-03-at-14.25.45-1-1024x768.jpeg\" alt=\"\" class=\"wp-image-33997\" width=\"768\" height=\"576\" srcset=\"https:\/\/atecordoba.org\/wp-content\/uploads\/2022\/10\/WhatsApp-Image-2022-10-03-at-14.25.45-1-1024x768.jpeg 1024w, https:\/\/atecordoba.org\/wp-content\/uploads\/2022\/10\/WhatsApp-Image-2022-10-03-at-14.25.45-1-300x225.jpeg 300w, https:\/\/atecordoba.org\/wp-content\/uploads\/2022\/10\/WhatsApp-Image-2022-10-03-at-14.25.45-1-768x576.jpeg 768w, https:\/\/atecordoba.org\/wp-content\/uploads\/2022\/10\/WhatsApp-Image-2022-10-03-at-14.25.45-1-750x563.jpeg 750w, https:\/\/atecordoba.org\/wp-content\/uploads\/2022\/10\/WhatsApp-Image-2022-10-03-at-14.25.45-1.jpeg 1040w\" sizes=\"auto, (max-width: 768px) 100vw, 768px\" \/><figcaption>Julia Giuliani, junto a Paulo Faria, Presidente de la Central de Trabajadores de R\u00edo de Janeiro, Brasi.<\/figcaption><\/figure><\/div>\n\n\n\n<p>Las elecciones en Brasil conmovieron al mundo. La victoria de Lula Da Silva trae esperanza a las poblaciones desprotegidas de Brasil y su influencia se extiende al resto de Latinoam\u00e9rica. Para aportar un punto de vista sobre el proceso eleccionario, sumamos la mirada de la Secretaria de Prensa de ATE C\u00f3rdoba, Julia Giuliani, una militante social hace ya m\u00e1s de 20 a\u00f1os dentro de nuestra querida CTA. <\/p>\n\n\n\n<p>Invitada por el Movimiento de Trabajadores Sin Tierra (MST), Giuliani vivi\u00f3 los \u00faltimos intensos d\u00edas de la campa\u00f1a brasilera y la jornada electoral. <\/p>\n\n\n\n<div class=\"wp-block-image\"><figure class=\"alignright size-large is-resized\"><img loading=\"lazy\" decoding=\"async\" src=\"https:\/\/atecordoba.org\/wp-content\/uploads\/2022\/10\/WhatsApp-Image-2022-10-03-at-14.25.42-2-576x1024.jpeg\" alt=\"\" class=\"wp-image-34025\" width=\"288\" height=\"512\" srcset=\"https:\/\/atecordoba.org\/wp-content\/uploads\/2022\/10\/WhatsApp-Image-2022-10-03-at-14.25.42-2-576x1024.jpeg 576w, https:\/\/atecordoba.org\/wp-content\/uploads\/2022\/10\/WhatsApp-Image-2022-10-03-at-14.25.42-2-169x300.jpeg 169w, https:\/\/atecordoba.org\/wp-content\/uploads\/2022\/10\/WhatsApp-Image-2022-10-03-at-14.25.42-2.jpeg 648w\" sizes=\"auto, (max-width: 288px) 100vw, 288px\" \/><\/figure><\/div>\n\n\n\n<p><strong>\u00bfC\u00f3mo eval\u00faa el funcionamiento del sistema electoral brasilero?\u00bfEs igual que el argentino?<\/strong><\/p>\n\n\n\n<p>Hemos vivido estos d\u00edas en Brasil, junto al MST, con quienes articulo en lo personal desde 2011 donde tuve posibilitad de conocer a varios compa\u00f1eros y compa\u00f1eras en el centro Martin Luther King en Cuba, y nos permitieron ahora estar presentes en estas jornadas hist\u00f3ricas. <\/p>\n\n\n\n<p>En cuanto al sistema electoral brasilero, hace ya dos d\u00e9cadas que no hay indicios de corrupci\u00f3n ni alteraci\u00f3n de resultados. El voto es electr\u00f3nico y obligatorio, el control y la presencia para fiscalizar es grande para garantizar que se lleven adelante los procesos electorales con transparencia.<\/p>\n\n\n\n<p><strong>\u00bfQu\u00e9 clima social se vivi\u00f3 la semana previa a las elecciones del pasado domingo? Ese mismo d\u00eda, \u00bfse oper\u00f3 con normalidad?<\/strong><\/p>\n\n\n\n<p>Con mucha alegr\u00eda tuve la posibilidad de hacer la previa en R\u00edo de Janeiro, sabiendo que es una poblaci\u00f3n sumamente festiva. Y sobre todo en momentos en que las instituciones representativas de la democracia est\u00e1n tan fr\u00e1giles y se ven constantemente atacadas por el gobierno de Bolsonaro. El clima de las mayor\u00edas populares que apoyaban la candidatura de Lula siempre fue de celebraci\u00f3n.<\/p>\n\n\n\n<p><strong>\u00bfPor qu\u00e9 es importante para los pueblos latinoamericanos, especialmente los que conforman la Argentina, lo que suceda en Brasil?\u00bfCu\u00e1l es el inter\u00e9s particular de la clase trabajadora argentina en este proceso?<\/strong><\/p>\n\n\n\n<p>Esta no fue una elecci\u00f3n m\u00e1s, no solo para Brasil sino para Latinoam\u00e9rica en su conjunto. El proceso que llev\u00f3 adelante Lula en sus dos primeros gobiernos reflejaba una agenda que atraviesa el conjunto del continente: la lucha contra el hambre, el trabajo digno, la vivienda, la salud y la educaci\u00f3n p\u00fablica. Obviamente es importante para nosotras y nosotros, dado que el a\u00f1o que viene tenemos elecciones presidenciales, y lo que sucede ac\u00e1 puede traspolarse para ser un reflejo en el proceso electoral argentino.<\/p>\n\n\n\n<p>Venimos viendo que los ciclos no solo se llevan a cabo en un pa\u00eds en particular sino en la regi\u00f3n en su conjunto. En referencia al inter\u00e9s de la clase trabajadora, para las y los que venimos del sindicalismo la figura de Lula tiene un liderazgo indiscutible y expresa la posibilidad de que podemos ser cabeza de un movimiento popular de liberaci\u00f3n, no solo ser la columna vertebral o encolumnarnos detr\u00e1s de un proceso progresista sino encabezar esas luchas, tanto en la calle como con propuestas gubernamentales.<\/p>\n\n\n\n<div class=\"wp-block-image\"><figure class=\"aligncenter size-large is-resized\"><img loading=\"lazy\" decoding=\"async\" src=\"https:\/\/atecordoba.org\/wp-content\/uploads\/2022\/10\/WhatsApp-Image-2022-10-03-at-14.25.41-1-1-1024x576.jpeg\" alt=\"\" class=\"wp-image-34026\" width=\"768\" height=\"432\" srcset=\"https:\/\/atecordoba.org\/wp-content\/uploads\/2022\/10\/WhatsApp-Image-2022-10-03-at-14.25.41-1-1-1024x576.jpeg 1024w, https:\/\/atecordoba.org\/wp-content\/uploads\/2022\/10\/WhatsApp-Image-2022-10-03-at-14.25.41-1-1-300x169.jpeg 300w, https:\/\/atecordoba.org\/wp-content\/uploads\/2022\/10\/WhatsApp-Image-2022-10-03-at-14.25.41-1-1-768x432.jpeg 768w, https:\/\/atecordoba.org\/wp-content\/uploads\/2022\/10\/WhatsApp-Image-2022-10-03-at-14.25.41-1-1-750x422.jpeg 750w, https:\/\/atecordoba.org\/wp-content\/uploads\/2022\/10\/WhatsApp-Image-2022-10-03-at-14.25.41-1-1.jpeg 1080w\" sizes=\"auto, (max-width: 768px) 100vw, 768px\" \/><\/figure><\/div>\n\n\n\n<p><strong>Se han realizado las elecciones que determinaron necesario un ballotaje en segunda vuelta para consagrar electo al futuro Presidente brasilero \u00bfC\u00f3mo puede explicarse el gran consenso existente tras un candidato que, aunque todo indique que no volver\u00e1 a gobernar Brasil, mantenga sobre el 43% la cantidad de electores?\u00bfPor qu\u00e9 fue votado, fundamentalmente, por las poblaciones del sur y el oeste de Brasil?<\/strong><\/p>\n\n\n\n<p>La segunda vuelta se realizar\u00e1 el pr\u00f3ximo 30 de octubre. Algunos resultados inexplicables nos llevan a pensar que cantamos los goles antes de tiempo. Hubiera sido esperanzador una victoria en primer turno pero no pudo ser, las encuestas previas le daban a Bolsonaro del 34 al 38% de los votos pero termin\u00f3 sacando 43%. Los medios de comunicaci\u00f3n hegem\u00f3nicos y el rol del empresariado jugaron fuertemente para poder captar votos indecisos y claramente muestra lo que tambi\u00e9n ocurre en Argentina: cuando el poder opera, lo hace de verdad. As\u00ed se vio reflejado en los gobiernos estatales y las asambleas legislativas. Queda un congreso con un tinte conservador, si bien hay esperanza para algunas bancas ocupadas por movimientos sociales como el MST.<\/p>\n\n\n\n<div class=\"wp-block-image\"><figure class=\"alignleft size-large is-resized\"><img loading=\"lazy\" decoding=\"async\" src=\"https:\/\/atecordoba.org\/wp-content\/uploads\/2022\/10\/WhatsApp-Image-2022-10-03-at-14.25.45-2-576x1024.jpeg\" alt=\"\" class=\"wp-image-34027\" width=\"288\" height=\"512\" srcset=\"https:\/\/atecordoba.org\/wp-content\/uploads\/2022\/10\/WhatsApp-Image-2022-10-03-at-14.25.45-2-576x1024.jpeg 576w, https:\/\/atecordoba.org\/wp-content\/uploads\/2022\/10\/WhatsApp-Image-2022-10-03-at-14.25.45-2-169x300.jpeg 169w, https:\/\/atecordoba.org\/wp-content\/uploads\/2022\/10\/WhatsApp-Image-2022-10-03-at-14.25.45-2.jpeg 720w\" sizes=\"auto, (max-width: 288px) 100vw, 288px\" \/><\/figure><\/div>\n\n\n\n<p>Los Sem Terra participaron por primera vez en el proceso electoral con candidatos y lograron seis bancas en distintos estados bresileros, lo cual no es un dato menor. Hicieron una campa\u00f1a a pulm\u00f3n, recorriendo los barrios, cada ciudad, cada regi\u00f3n, para poder llevar una propuesta y una agenda superadora a cada una de esas asambleas legislativas: la lucha contra el hambre, la producci\u00f3n sin agrot\u00f3xicos y agroecol\u00f3gica, la soberan\u00eda alimentaria, el cuidado del ambiente, la defensa de la democracia, los derechos de las mujeres y diversidades. Fue una experiencia enriquecedora estar presentes en un proceso pol\u00edtico e hist\u00f3rico sin precedentes para el MST.<\/p>\n\n\n\n<p><strong>\u00bfCu\u00e1les son las expectativas de cara al 30 de octubre? \u00bfCu\u00e1les las fortalezas de Lula? \u00bfSus principales amenazas?<\/strong><\/p>\n\n\n\n<p>Hacia el 30 de octubre las expectativas son muy grandes. No se pierde la esperanza. Hay que redoblar los esfuerzos para que la gente realmente se enamore de la propuesta que Lula lleva adelante. Poner a Brasil de pie, ir contra las pol\u00edticas neoliberales y muerte que incentiva el bolsonarismo, que muestran bastante violencia y agresividad en las calles. La fortaleza de Lula es la unidad generada en las bases, movimientos sociales y sindicatos, que en los primeros gobiernos no estuvo muy claro y ahora el compromiso es mayor y la amenaza es cualquier tipo de boicot del bolsonarismo y los sectores m\u00e1s fascistas. Ser\u00e1 ahora el tiempo de sentarte con los otros candidatos del bloque de izquierda para llegar a acuerdos para que los votos de esos sectores se acumulen bajo la figura de Lula.<\/p>\n\n\n\n<p><strong>\u00bfCu\u00e1l es la tarea de los Pueblos brasile\u00f1o y Latinoamericano una vez transcurrida la elecci\u00f3n?<\/strong><\/p>\n\n\n\n<p>La tarea es muy grande. Va a ser dif\u00edcil gobernar con la oposici\u00f3n del bolsonarismo pero con el desaf\u00edo de sacar a 33 millones de brasileros de la pobreza absoluta. Creci\u00f3 un 76% en estos a\u00f1os la pobreza y el hambre, no es un dato menor. Y sobre todo la desprotecci\u00f3n de las infancias. La principal tarea es seguir construyendo unidad, fortalecer a las bases, los territorios. Hay que empezar a confiar y delegar porque la fuerza est\u00e1 abajo. Eso es algo que en Argentina tenemos que aprender para que no nos suceda como en 2015 y construir una agenda en com\u00fan que nos agrupe a todos. Eso despu\u00e9s debe verse reflejado en las listas que se conformen para presentarse a elecciones. Ese es el camino de lucha y plantar la agenda de las mayor\u00edas populares y fortalecer nuestros medios de comunicaci\u00f3n aut\u00f3nomos para visibilizar esa agenda y que no se pierda ante tanto discurso de odio existente.<\/p>\n\n\n\n<figure class=\"wp-block-gallery has-nested-images columns-default is-cropped wp-block-gallery-1 is-layout-flex wp-block-gallery-is-layout-flex\">\n<figure class=\"wp-block-image size-large\"><a href=\"https:\/\/atecordoba.org\/wp-content\/uploads\/2022\/10\/WhatsApp-Image-2022-10-03-at-14.25.41-3.jpeg\"><img loading=\"lazy\" decoding=\"async\" width=\"1024\" height=\"768\" data-id=\"34032\" src=\"https:\/\/atecordoba.org\/wp-content\/uploads\/2022\/10\/WhatsApp-Image-2022-10-03-at-14.25.41-3-1024x768.jpeg\" alt=\"\" class=\"wp-image-34032\" srcset=\"https:\/\/atecordoba.org\/wp-content\/uploads\/2022\/10\/WhatsApp-Image-2022-10-03-at-14.25.41-3-1024x768.jpeg 1024w, https:\/\/atecordoba.org\/wp-content\/uploads\/2022\/10\/WhatsApp-Image-2022-10-03-at-14.25.41-3-300x225.jpeg 300w, https:\/\/atecordoba.org\/wp-content\/uploads\/2022\/10\/WhatsApp-Image-2022-10-03-at-14.25.41-3-768x576.jpeg 768w, https:\/\/atecordoba.org\/wp-content\/uploads\/2022\/10\/WhatsApp-Image-2022-10-03-at-14.25.41-3-750x563.jpeg 750w, https:\/\/atecordoba.org\/wp-content\/uploads\/2022\/10\/WhatsApp-Image-2022-10-03-at-14.25.41-3-1140x855.jpeg 1140w, https:\/\/atecordoba.org\/wp-content\/uploads\/2022\/10\/WhatsApp-Image-2022-10-03-at-14.25.41-3.jpeg 1280w\" sizes=\"auto, (max-width: 1024px) 100vw, 1024px\" \/><\/a><\/figure>\n\n\n\n<figure class=\"wp-block-image size-large\"><a href=\"https:\/\/atecordoba.org\/wp-content\/uploads\/2022\/10\/WhatsApp-Image-2022-10-03-at-14.25.43-2.jpeg\"><img loading=\"lazy\" decoding=\"async\" width=\"576\" height=\"1024\" data-id=\"34028\" src=\"https:\/\/atecordoba.org\/wp-content\/uploads\/2022\/10\/WhatsApp-Image-2022-10-03-at-14.25.43-2-576x1024.jpeg\" alt=\"\" class=\"wp-image-34028\" srcset=\"https:\/\/atecordoba.org\/wp-content\/uploads\/2022\/10\/WhatsApp-Image-2022-10-03-at-14.25.43-2-576x1024.jpeg 576w, https:\/\/atecordoba.org\/wp-content\/uploads\/2022\/10\/WhatsApp-Image-2022-10-03-at-14.25.43-2-169x300.jpeg 169w, https:\/\/atecordoba.org\/wp-content\/uploads\/2022\/10\/WhatsApp-Image-2022-10-03-at-14.25.43-2.jpeg 648w\" sizes=\"auto, (max-width: 576px) 100vw, 576px\" \/><\/a><\/figure>\n\n\n\n<figure class=\"wp-block-image size-large\"><a href=\"https:\/\/atecordoba.org\/wp-content\/uploads\/2022\/10\/WhatsApp-Image-2022-10-03-at-14.25.44-2-1.jpeg\"><img loading=\"lazy\" decoding=\"async\" width=\"646\" height=\"364\" data-id=\"34031\" src=\"https:\/\/atecordoba.org\/wp-content\/uploads\/2022\/10\/WhatsApp-Image-2022-10-03-at-14.25.44-2-1.jpeg\" alt=\"\" class=\"wp-image-34031\" srcset=\"https:\/\/atecordoba.org\/wp-content\/uploads\/2022\/10\/WhatsApp-Image-2022-10-03-at-14.25.44-2-1.jpeg 646w, https:\/\/atecordoba.org\/wp-content\/uploads\/2022\/10\/WhatsApp-Image-2022-10-03-at-14.25.44-2-1-300x169.jpeg 300w\" sizes=\"auto, (max-width: 646px) 100vw, 646px\" \/><\/a><\/figure>\n\n\n\n<figure class=\"wp-block-image size-large\"><a href=\"https:\/\/atecordoba.org\/wp-content\/uploads\/2022\/10\/WhatsApp-Image-2022-10-03-at-14.25.44-3.jpeg\"><img loading=\"lazy\" decoding=\"async\" width=\"576\" height=\"1024\" data-id=\"34029\" src=\"https:\/\/atecordoba.org\/wp-content\/uploads\/2022\/10\/WhatsApp-Image-2022-10-03-at-14.25.44-3-576x1024.jpeg\" alt=\"\" class=\"wp-image-34029\" srcset=\"https:\/\/atecordoba.org\/wp-content\/uploads\/2022\/10\/WhatsApp-Image-2022-10-03-at-14.25.44-3-576x1024.jpeg 576w, https:\/\/atecordoba.org\/wp-content\/uploads\/2022\/10\/WhatsApp-Image-2022-10-03-at-14.25.44-3-169x300.jpeg 169w, https:\/\/atecordoba.org\/wp-content\/uploads\/2022\/10\/WhatsApp-Image-2022-10-03-at-14.25.44-3.jpeg 720w\" sizes=\"auto, (max-width: 576px) 100vw, 576px\" \/><\/a><\/figure>\n\n\n\n<figure class=\"wp-block-image size-large\"><a href=\"https:\/\/atecordoba.org\/wp-content\/uploads\/2022\/10\/WhatsApp-Image-2022-10-03-at-14.25.50-1-1.jpeg\"><img loading=\"lazy\" decoding=\"async\" width=\"646\" height=\"363\" data-id=\"34030\" src=\"https:\/\/atecordoba.org\/wp-content\/uploads\/2022\/10\/WhatsApp-Image-2022-10-03-at-14.25.50-1-1.jpeg\" alt=\"\" class=\"wp-image-34030\" srcset=\"https:\/\/atecordoba.org\/wp-content\/uploads\/2022\/10\/WhatsApp-Image-2022-10-03-at-14.25.50-1-1.jpeg 646w, https:\/\/atecordoba.org\/wp-content\/uploads\/2022\/10\/WhatsApp-Image-2022-10-03-at-14.25.50-1-1-300x169.jpeg 300w\" sizes=\"auto, (max-width: 646px) 100vw, 646px\" \/><\/a><\/figure>\n\n\n\n<figure class=\"wp-block-image size-large\"><a href=\"https:\/\/atecordoba.org\/wp-content\/uploads\/2022\/10\/WhatsApp-Image-2022-10-03-at-14.25.36-1.jpeg\"><img loading=\"lazy\" decoding=\"async\" width=\"831\" height=\"1024\" data-id=\"34033\" src=\"https:\/\/atecordoba.org\/wp-content\/uploads\/2022\/10\/WhatsApp-Image-2022-10-03-at-14.25.36-1-831x1024.jpeg\" alt=\"\" class=\"wp-image-34033\" srcset=\"https:\/\/atecordoba.org\/wp-content\/uploads\/2022\/10\/WhatsApp-Image-2022-10-03-at-14.25.36-1-831x1024.jpeg 831w, https:\/\/atecordoba.org\/wp-content\/uploads\/2022\/10\/WhatsApp-Image-2022-10-03-at-14.25.36-1-243x300.jpeg 243w, https:\/\/atecordoba.org\/wp-content\/uploads\/2022\/10\/WhatsApp-Image-2022-10-03-at-14.25.36-1-768x946.jpeg 768w, https:\/\/atecordoba.org\/wp-content\/uploads\/2022\/10\/WhatsApp-Image-2022-10-03-at-14.25.36-1-750x924.jpeg 750w, https:\/\/atecordoba.org\/wp-content\/uploads\/2022\/10\/WhatsApp-Image-2022-10-03-at-14.25.36-1.jpeg 1080w\" sizes=\"auto, (max-width: 831px) 100vw, 831px\" \/><\/a><\/figure>\n<\/figure>\n","protected":false},"excerpt":{"rendered":"<p>Las elecciones en Brasil conmovieron al mundo. La victoria de Lula Da Silva trae esperanza a las poblaciones desprotegidas de Brasil y su influencia se extiende al resto de Latinoam\u00e9rica. Para aportar un punto de vista sobre el proceso eleccionario, sumamos la mirada de la Secretaria de Prensa de ATE C\u00f3rdoba, Julia Giuliani, una militante [&hellip;]<\/p>\n","protected":false},"author":7,"featured_media":34034,"comment_status":"open","ping_status":"open","sticky":false,"template":"","format":"standard","meta":{"_exactmetrics_skip_tracking":false,"_exactmetrics_sitenote_active":false,"_exactmetrics_sitenote_note":"","_exactmetrics_sitenote_category":0,"jnews-multi-image_gallery":[],"jnews_single_post":{"subtitle":"Desde San Pablo, Julia Giuliani -invitada por el MST de Brasil- relata los pormenores de la elecci\u00f3n que proclam\u00f3 vencedor al l\u00edder popular del PT en la primera vuelta electoral, a la espera del ballotaje del 30 de octubre que lo consagre presidente y mande a su casa al actual mandatario neofascista, Jair Bolsonaro.","format":"standard","video":"","gallery":"","source_name":"","source_url":"","via_name":"","via_url":"","override_template":"0","override":[{"template":"1","single_blog_custom":"","parallax":"1","fullscreen":"1","layout":"right-sidebar","sidebar":"default-sidebar","second_sidebar":"default-sidebar","sticky_sidebar":"1","share_position":"top","share_float_style":"share-monocrhome","show_share_counter":"1","show_view_counter":"1","show_featured":"1","show_post_meta":"1","show_post_author":"1","show_post_author_image":"1","show_post_date":"1","post_date_format":"default","post_date_format_custom":"Y\/m\/d","show_post_category":"1","show_post_reading_time":"0","post_reading_time_wpm":"300","show_zoom_button":"0","zoom_button_out_step":"2","zoom_button_in_step":"3","show_post_tag":"1","show_prev_next_post":"1","show_popup_post":"1","number_popup_post":"1","show_author_box":"0","show_post_related":"0","show_inline_post_related":"0"}],"override_image_size":"0","image_override":[{"single_post_thumbnail_size":"crop-500","single_post_gallery_size":"crop-500"}],"trending_post":"0","trending_post_position":"meta","trending_post_label":"Trending","sponsored_post":"0","sponsored_post_label":"Sponsored by","sponsored_post_name":"","sponsored_post_url":"","sponsored_post_logo_enable":"0","sponsored_post_logo":"","sponsored_post_desc":"","disable_ad":"0"},"jnews_primary_category":{"id":""},"jnews_social_meta":{"fb_title":"","fb_description":"","fb_image":"","twitter_title":"","twitter_description":"","twitter_image":""},"jnews_review":[],"enable_review":"0","type":"percentage","name":"","summary":"","brand":"","sku":"","good":[{"good_text":""}],"bad":[{"bad_text":""}],"score_override":"","override_value":"","rating":[{"rating_text":"","rating_number":"10"}],"price":[{"shop":"","price":"","link":"","icon":""}],"jnews_override_counter":{"override_view_counter":"0","view_counter_number":"0","override_share_counter":"0","share_counter_number":"0","override_like_counter":"0","like_counter_number":"0","override_dislike_counter":"0","dislike_counter_number":"0"},"jnews_post_split":{"enable_post_split":"0","post_split":[{"template":"1","tag":"h2","numbering":"asc","mode":"normal","first":"0","enable_toc":"0","toc_type":"normal"}]},"footnotes":""},"categories":[10,129,341],"tags":[1235],"class_list":["post-33996","post","type-post","status-publish","format-standard","has-post-thumbnail","hentry","category-accion-politica","category-clate","category-cdp","tag-elecciones-brasil"],"jetpack_featured_media_url":"https:\/\/atecordoba.org\/wp-content\/uploads\/2022\/10\/portadabrasil-e1664822284663.jpeg","_links":{"self":[{"href":"https:\/\/atecordoba.org\/index.php?rest_route=\/wp\/v2\/posts\/33996","targetHints":{"allow":["GET"]}}],"collection":[{"href":"https:\/\/atecordoba.org\/index.php?rest_route=\/wp\/v2\/posts"}],"about":[{"href":"https:\/\/atecordoba.org\/index.php?rest_route=\/wp\/v2\/types\/post"}],"author":[{"embeddable":true,"href":"https:\/\/atecordoba.org\/index.php?rest_route=\/wp\/v2\/users\/7"}],"replies":[{"embeddable":true,"href":"https:\/\/atecordoba.org\/index.php?rest_route=%2Fwp%2Fv2%2Fcomments&post=33996"}],"version-history":[{"count":6,"href":"https:\/\/atecordoba.org\/index.php?rest_route=\/wp\/v2\/posts\/33996\/revisions"}],"predecessor-version":[{"id":34044,"href":"https:\/\/atecordoba.org\/index.php?rest_route=\/wp\/v2\/posts\/33996\/revisions\/34044"}],"wp:featuredmedia":[{"embeddable":true,"href":"https:\/\/atecordoba.org\/index.php?rest_route=\/wp\/v2\/media\/34034"}],"wp:attachment":[{"href":"https:\/\/atecordoba.org\/index.php?rest_route=%2Fwp%2Fv2%2Fmedia&parent=33996"}],"wp:term":[{"taxonomy":"category","embeddable":true,"href":"https:\/\/atecordoba.org\/index.php?rest_route=%2Fwp%2Fv2%2Fcategories&post=33996"},{"taxonomy":"post_tag","embeddable":true,"href":"https:\/\/atecordoba.org\/index.php?rest_route=%2Fwp%2Fv2%2Ftags&post=33996"}],"curies":[{"name":"wp","href":"https:\/\/api.w.org\/{rel}","templated":true}]}}