{"id":33982,"date":"2022-10-03T13:32:29","date_gmt":"2022-10-03T16:32:29","guid":{"rendered":"https:\/\/atecordoba.org\/?p=33982"},"modified":"2022-10-03T13:56:47","modified_gmt":"2022-10-03T16:56:47","slug":"en-una-audiencia-con-ate-cordoba-el-ministerio-de-defensa-descarto-cualquier-privatizacion-en-ffmm","status":"publish","type":"post","link":"https:\/\/atecordoba.org\/?p=33982","title":{"rendered":"En una audiencia con ATE C\u00f3rdoba, el Ministerio de Defensa descart\u00f3 cualquier privatizaci\u00f3n en FFMM"},"content":{"rendered":"\n<div class=\"wp-block-image\"><figure class=\"aligncenter size-full\"><img loading=\"lazy\" decoding=\"async\" width=\"808\" height=\"455\" src=\"https:\/\/atecordoba.org\/wp-content\/uploads\/2022\/10\/03-10-Reunion-Ministerio-de-Defensa-Giuliani.jpeg\" alt=\"\" class=\"wp-image-33983\" srcset=\"https:\/\/atecordoba.org\/wp-content\/uploads\/2022\/10\/03-10-Reunion-Ministerio-de-Defensa-Giuliani.jpeg 808w, https:\/\/atecordoba.org\/wp-content\/uploads\/2022\/10\/03-10-Reunion-Ministerio-de-Defensa-Giuliani-300x169.jpeg 300w, https:\/\/atecordoba.org\/wp-content\/uploads\/2022\/10\/03-10-Reunion-Ministerio-de-Defensa-Giuliani-768x432.jpeg 768w, https:\/\/atecordoba.org\/wp-content\/uploads\/2022\/10\/03-10-Reunion-Ministerio-de-Defensa-Giuliani-750x422.jpeg 750w\" sizes=\"auto, (max-width: 808px) 100vw, 808px\" \/><figcaption>Trabajadores de las f\u00e1bricas militares junto a Federico Giuliani y el jefe de Gabinete de Defensa, H\u00e9ctor Mazzei.<\/figcaption><\/figure><\/div>\n\n\n\n<p>En una audiencia mantenida esta ma\u00f1ana entre el jefe de Gabinete del Ministerio de Defensa, H\u00e9ctor Mazzei, y una delegaci\u00f3n de nuestro gremio, integrada por el secretario General de ATE C\u00f3rdoba, Federico Giuliani, y representantes de ATE de las F\u00e1bricas Militares de R\u00edo Tercero y Villa Mar\u00eda, el Gobierno descart\u00f3 cualquier proceso privatizador en el sector. <\/p>\n\n\n\n<p>La reuni\u00f3n se llev\u00f3 a cabo en la sede de la cartera de Defensa en Capital Federal y Giuliani destac\u00f3 que gracias a la disposici\u00f3n del ministro Jorge Taiana es que se abren las puertas para consolidar el di\u00e1logo con los funcionarios del Ministerio.<\/p>\n\n\n\n<p>&#8220;Vinimos con Juan Fern\u00e1ndez Bertolini, trabajador de la F\u00e1brica del P\u00f3lvora de Villa Mar\u00eda y dirigente de la CTAA provincia de C\u00f3rdoba, y Diego Pereyra, trabajador de la F\u00e1brica Militar de R\u00edo Tercero y parte de la conducci\u00f3n de ATE provincial, para tratar de primera mano c\u00f3mo es la situaci\u00f3n en ambas f\u00e1bricas, donde la importancia es institucionalizar una relaci\u00f3n para tomar conocimiento de los planes productivos&#8221;, dijo Giuliani. <\/p>\n\n\n\n<p>Y remarc\u00f3 que &#8220;esta instancia de di\u00e1logo que generamos hoy ser\u00e1 fruct\u00edfera en adelante para salvaguardar a las f\u00e1bricas en el marco del ajuste que hay&#8221;.<\/p>\n\n\n\n<p><strong>Villa Mar\u00eda<\/strong> <br>A su vez, Juan Bertolini valor\u00f3 el di\u00e1logo establecido y se\u00f1al\u00f3 que &#8220;en Villa Mar\u00eda hay un problema de falta de inversi\u00f3n en mantenimiento porque necesitamos que la f\u00e1brica est\u00e9 bien parada el a\u00f1o que viene, que realmente las maquinarias est\u00e9n arregladas y funcionando ante un eventual cambio de gobierno. Necesitamos que lo referido al mantenimiento est\u00e9 coordinado&#8221;. <\/p>\n\n\n\n<p>El dirigente fabriquero dijo tambi\u00e9n que &#8220;hablamos del Convenio Colectivo y la necesidad de avanzar con su concreci\u00f3n, las recategorizaciones pendientes de compa\u00f1eros que esperan ese tr\u00e1mite y se est\u00e1n por jubilar. Siguen esperando un reconocimiento que no ha llegado aun&#8221;.<\/p>\n\n\n\n<p><strong>R\u00edo Tercero<\/strong> <br>Por su parte, Diego Pereyra evalu\u00f3 la reuni\u00f3n como &#8220;muy positiva&#8221;. &#8220;El funcionario escuch\u00f3 la problem\u00e1tica que tenemos en R\u00edo Tercero, puntualmente en la parte metalmec\u00e1nica APM. Hoy tenemos trabajo con las reparaciones de vagones cerealeros para el Belgrano Cargas: el convenio era de lotes de 10 vagones, renovables cuatro veces. Estamos finalizando el primer lote pero peligra la renovaci\u00f3n de la reparaci\u00f3n de los pr\u00f3ximos lotes porque el convenio deja abierto que si alguna de las partes quiere discontinuarlo, lo puede hacer. El Belgrano Cargas no escapa al contexto nacional y aduce que tiene problemas presupuestarios y no estar\u00edan renovando el convenio, lo que nos genera mucha incertidumbre en el sector&#8221;, dijo el compa\u00f1ero.<\/p>\n\n\n\n<p>Adem\u00e1s, Pereyra explic\u00f3 que la F\u00e1brica tiene una capacidad instalada que actualmente est\u00e1 desaprovechada. &#8220;En cuanto a inversiones en el sector metalmec\u00e1nico estamos muy bien, tenemos mucha capacidad para realizar diferentes trabajos, pero nos faltan las gestionen de parte de la Gerencia para que no nos discontin\u00faen el trabajo. Los compa\u00f1eros necesitan garant\u00edas de que los trabajos se van a continuar realizando, sobre todo en el marco de un a\u00f1o electoral y teniendo en cuenta que con el macrismo ya sufrimos una gesti\u00f3n que vino a despedir y a cerrar las f\u00e1bricas&#8221;, dijo.<\/p>\n\n\n\n<p>Y aclar\u00f3 que &#8220;hicimos hincapi\u00e9 en que tenemos toda una l\u00ednea para fabricar vagones cero kil\u00f3metro que est\u00e1 pr\u00e1cticamente sin uso, solo se utiliz\u00f3 para poner la puesta a punto de los vagones portacontenedores. Estamos preocupados que est\u00e9 parada esa l\u00ednea porque ten\u00edamos mucha ilusi\u00f3n de poder fabricar vagones y hasta el d\u00eda de hoy estamos esperando. Nos dijo que el Ministerio est\u00e1 detr\u00e1s de eso&#8221;.<\/p>\n\n\n\n<p>Por \u00faltimo, valor\u00f3 que &#8220;es muy bueno haber participado con la conducci\u00f3n de ATE y con un compa\u00f1eros de Villa Mar\u00eda, hay voluntad de trabajar en conjunto. Ver al secretario General de la provincia involucrado para lograr la continuidad del trabajo genuino y que el a\u00f1o que viene nos encuentre bien parados es realmente muy importante&#8221;.<\/p>\n","protected":false},"excerpt":{"rendered":"<p>En una audiencia mantenida esta ma\u00f1ana entre el jefe de Gabinete del Ministerio de Defensa, H\u00e9ctor Mazzei, y una delegaci\u00f3n de nuestro gremio, integrada por el secretario General de ATE C\u00f3rdoba, Federico Giuliani, y representantes de ATE de las F\u00e1bricas Militares de R\u00edo Tercero y Villa Mar\u00eda, el Gobierno descart\u00f3 cualquier proceso privatizador en el [&hellip;]<\/p>\n","protected":false},"author":7,"featured_media":33984,"comment_status":"open","ping_status":"open","sticky":false,"template":"","format":"standard","meta":{"_exactmetrics_skip_tracking":false,"_exactmetrics_sitenote_active":false,"_exactmetrics_sitenote_note":"","_exactmetrics_sitenote_category":0,"jnews-multi-image_gallery":[],"jnews_single_post":{"subtitle":"En la reuni\u00f3n, se abordaron tambi\u00e9n los proyectos de trabajo pendientes en ambas f\u00e1bricas de la Provincia para garantizar la continuidad productiva que reclaman las y los trabajadores del sector.","format":"standard","video":"","gallery":"","source_name":"","source_url":"","via_name":"","via_url":"","override_template":"0","override":[{"template":"1","single_blog_custom":"","parallax":"1","fullscreen":"1","layout":"right-sidebar","sidebar":"default-sidebar","second_sidebar":"default-sidebar","sticky_sidebar":"1","share_position":"top","share_float_style":"share-monocrhome","show_share_counter":"1","show_view_counter":"1","show_featured":"1","show_post_meta":"1","show_post_author":"1","show_post_author_image":"1","show_post_date":"1","post_date_format":"default","post_date_format_custom":"Y\/m\/d","show_post_category":"1","show_post_reading_time":"0","post_reading_time_wpm":"300","show_zoom_button":"0","zoom_button_out_step":"2","zoom_button_in_step":"3","show_post_tag":"1","show_prev_next_post":"1","show_popup_post":"1","number_popup_post":"1","show_author_box":"0","show_post_related":"0","show_inline_post_related":"0"}],"override_image_size":"0","image_override":[{"single_post_thumbnail_size":"crop-500","single_post_gallery_size":"crop-500"}],"trending_post":"0","trending_post_position":"meta","trending_post_label":"Trending","sponsored_post":"0","sponsored_post_label":"Sponsored by","sponsored_post_name":"","sponsored_post_url":"","sponsored_post_logo_enable":"0","sponsored_post_logo":"","sponsored_post_desc":"","disable_ad":"0"},"jnews_primary_category":{"id":""},"jnews_social_meta":{"fb_title":"","fb_description":"","fb_image":"","twitter_title":"","twitter_description":"","twitter_image":""},"jnews_review":[],"enable_review":"0","type":"percentage","name":"","summary":"","brand":"","sku":"","good":[{"good_text":""}],"bad":[{"bad_text":""}],"score_override":"","override_value":"","rating":[{"rating_text":"","rating_number":"10"}],"price":[{"shop":"","price":"","link":"","icon":""}],"jnews_override_counter":{"override_view_counter":"0","view_counter_number":"0","override_share_counter":"0","share_counter_number":"0","override_like_counter":"0","like_counter_number":"0","override_dislike_counter":"0","dislike_counter_number":"0"},"jnews_post_split":{"enable_post_split":"0","post_split":[{"template":"1","tag":"h2","numbering":"asc","mode":"normal","first":"0","enable_toc":"0","toc_type":"normal"}]},"footnotes":""},"categories":[18],"tags":[703],"class_list":["post-33982","post","type-post","status-publish","format-standard","has-post-thumbnail","hentry","category-nacionales","tag-ffmm"],"jetpack_featured_media_url":"https:\/\/atecordoba.org\/wp-content\/uploads\/2022\/10\/reunion-e1664814741599.jpeg","_links":{"self":[{"href":"https:\/\/atecordoba.org\/index.php?rest_route=\/wp\/v2\/posts\/33982","targetHints":{"allow":["GET"]}}],"collection":[{"href":"https:\/\/atecordoba.org\/index.php?rest_route=\/wp\/v2\/posts"}],"about":[{"href":"https:\/\/atecordoba.org\/index.php?rest_route=\/wp\/v2\/types\/post"}],"author":[{"embeddable":true,"href":"https:\/\/atecordoba.org\/index.php?rest_route=\/wp\/v2\/users\/7"}],"replies":[{"embeddable":true,"href":"https:\/\/atecordoba.org\/index.php?rest_route=%2Fwp%2Fv2%2Fcomments&post=33982"}],"version-history":[{"count":8,"href":"https:\/\/atecordoba.org\/index.php?rest_route=\/wp\/v2\/posts\/33982\/revisions"}],"predecessor-version":[{"id":33994,"href":"https:\/\/atecordoba.org\/index.php?rest_route=\/wp\/v2\/posts\/33982\/revisions\/33994"}],"wp:featuredmedia":[{"embeddable":true,"href":"https:\/\/atecordoba.org\/index.php?rest_route=\/wp\/v2\/media\/33984"}],"wp:attachment":[{"href":"https:\/\/atecordoba.org\/index.php?rest_route=%2Fwp%2Fv2%2Fmedia&parent=33982"}],"wp:term":[{"taxonomy":"category","embeddable":true,"href":"https:\/\/atecordoba.org\/index.php?rest_route=%2Fwp%2Fv2%2Fcategories&post=33982"},{"taxonomy":"post_tag","embeddable":true,"href":"https:\/\/atecordoba.org\/index.php?rest_route=%2Fwp%2Fv2%2Ftags&post=33982"}],"curies":[{"name":"wp","href":"https:\/\/api.w.org\/{rel}","templated":true}]}}