{"id":33940,"date":"2022-09-28T14:57:20","date_gmt":"2022-09-28T17:57:20","guid":{"rendered":"https:\/\/atecordoba.org\/?p=33940"},"modified":"2022-09-28T17:20:41","modified_gmt":"2022-09-28T20:20:41","slug":"senaf-por-el-traslado-de-una-candidata-a-delegada-de-ate-se-realizara-una-concentracion-en-la-residencia-riobamba","status":"publish","type":"post","link":"https:\/\/atecordoba.org\/?p=33940","title":{"rendered":"SENAF: por el traslado de una candidata a delegada de ATE se realiza una protesta en la Residencia Riobamba"},"content":{"rendered":"\n<div class=\"wp-block-image\"><figure class=\"aligncenter size-large\"><img loading=\"lazy\" decoding=\"async\" width=\"1024\" height=\"576\" src=\"https:\/\/atecordoba.org\/wp-content\/uploads\/2022\/09\/IMG_20220928_163527247_HDR-1024x576.jpg\" alt=\"\" class=\"wp-image-33946\" srcset=\"https:\/\/atecordoba.org\/wp-content\/uploads\/2022\/09\/IMG_20220928_163527247_HDR-1024x576.jpg 1024w, https:\/\/atecordoba.org\/wp-content\/uploads\/2022\/09\/IMG_20220928_163527247_HDR-300x169.jpg 300w, https:\/\/atecordoba.org\/wp-content\/uploads\/2022\/09\/IMG_20220928_163527247_HDR-768x432.jpg 768w, https:\/\/atecordoba.org\/wp-content\/uploads\/2022\/09\/IMG_20220928_163527247_HDR-1536x864.jpg 1536w, https:\/\/atecordoba.org\/wp-content\/uploads\/2022\/09\/IMG_20220928_163527247_HDR-2048x1152.jpg 2048w, https:\/\/atecordoba.org\/wp-content\/uploads\/2022\/09\/IMG_20220928_163527247_HDR-750x422.jpg 750w, https:\/\/atecordoba.org\/wp-content\/uploads\/2022\/09\/IMG_20220928_163527247_HDR-1140x641.jpg 1140w\" sizes=\"auto, (max-width: 1024px) 100vw, 1024px\" \/><\/figure><\/div>\n\n\n\n<p>El penoso panorama que asiste a la Secretar\u00eda de Ni\u00f1ez, Adolescencia y Familia de la provincia se agrava cada vez m\u00e1s, tanto por la situaci\u00f3n que sufren las infancias y juventudes alojadas en el organismo, como tambi\u00e9n por la precarizaci\u00f3n y los malos tratos que desde el gobierno de C\u00f3rdoba se impone a las y los trabajadores del sector.<\/p>\n\n\n\n<p>Ayer se supo que desde la SENAF se orden\u00f3 el traslado de una compa\u00f1era de la Residencia Riobamba, ubicada en barrio Quebrada de las Rosas, despu\u00e9s que ATE notificara a la patronal que la trabajadora ser\u00e1 candidata a delegada en el sector. La elecci\u00f3n se llevar\u00e1 a cabo el pr\u00f3ximo 27 de octubre.<\/p>\n\n\n\n<p>La medida, ilegal y arbitraria, expresa claramente el grado de violencia y persecuci\u00f3n que los funcionarios de la SENAF imponen sobre el conjunto de los trabajadores que est\u00e1n buscando organizarse en ATE para mejorar sus condiciones materiales y de trabajo. <\/p>\n\n\n\n<p>En tal sentido, la delegada Julia Ponce explic\u00f3, ante una consulta del programa radial Entre Todos y Todas, que la Secretar\u00eda de Prensa de ATE C\u00f3rdoba emite cada martes en GEN FM 107.5, RioBamba &#8220;es la segunda residencia de Senaf que va a tener delegados de ATE. La primera fue Preegreso Varones&#8221;.<\/p>\n\n\n\n<p>&#8220;Es un un claro mensaje de hostigamiento hacia las y los trabajadores que se organizan en ATE. Todos los compa\u00f1eros de la Residencia son precarizados, no hay ning\u00fan planta permanente trabajando en ese espacio&#8221;, dijo Ponce.<\/p>\n\n\n\n<p>La delegada se\u00f1al\u00f3 que &#8220;venimos denunciando varias irregularidades, no solo en ese espacio sino en la mayor\u00eda de las residencias de Senaf. Pero particularmente en Riobamba, donde hace poco hubo una situaci\u00f3n de abuso, donde le viernes pasado despidieron a un compa\u00f1ero afiliado de ATE por medio de una carta documento enviada por una fundaci\u00f3n que se autodenomina \u2018Cat\u00f3licos Obreros\u2019, con domicilio en Buenos Aires&#8221;. <\/p>\n\n\n\n<p>Y agreg\u00f3 que &#8220;a partir de toda esta situaci\u00f3n, y la falta de respeto del gobierno de la tutela sindical, que da cobertura a la compa\u00f1era candidata a delegada, nos convocamos para repudiar este traslado&#8221;. <\/p>\n\n\n\n<p>Ponce apunt\u00f3 contra la SENAF en su conjunto porque &#8220;el maltrato hacia los empleados arranca desde la forma en que son contratados y precarizaci\u00f3n que sufre, ni siquiera tienen una ART que los cubra si sucede alg\u00fan accidente laboral&#8221;.<\/p>\n\n\n\n<p>La convocatoria es a las 16 horas en Riobamba 439, barrio Quebrada de las Rosas.<\/p>\n\n\n\n<p><strong>La residencia<\/strong><\/p>\n\n\n\n<p>Riobamba es una residencia de adolescentes varones con discapacidad. j\u00f3venes que necesitan una atenci\u00f3n personalizada. &#8220;Pero hay solo dos educadores por turno para una poblaci\u00f3n de 16 j\u00f3venes, que necesitan ser asistidos desde lo f\u00edsico y lo emocional. Algunos deben cambiarsele los pa\u00f1ales, ba\u00f1arlos o darles de comer&#8221;, dijo Ponce.<\/p>\n\n\n\n<p>La delegada remarc\u00f3 que &#8220;claramente con dos personas cargo de un grupo de j\u00f3venes con esas caracter\u00edsticas es imposible de cubrir el servicio. El rango de edades se extiende desde los 8 o 9 a\u00f1os hasta los 18 a\u00f1os y bajo esta situaci\u00f3n sucedi\u00f3 el abuso&#8221;. <\/p>\n\n\n\n<p><\/p>\n","protected":false},"excerpt":{"rendered":"<p>El penoso panorama que asiste a la Secretar\u00eda de Ni\u00f1ez, Adolescencia y Familia de la provincia se agrava cada vez m\u00e1s, tanto por la situaci\u00f3n que sufren las infancias y juventudes alojadas en el organismo, como tambi\u00e9n por la precarizaci\u00f3n y los malos tratos que desde el gobierno de C\u00f3rdoba se impone a las y [&hellip;]<\/p>\n","protected":false},"author":7,"featured_media":33942,"comment_status":"open","ping_status":"open","sticky":false,"template":"","format":"standard","meta":{"_exactmetrics_skip_tracking":false,"_exactmetrics_sitenote_active":false,"_exactmetrics_sitenote_note":"","_exactmetrics_sitenote_category":0,"jnews-multi-image_gallery":[],"jnews_single_post":{"subtitle":"A las 16 horas las y los trabajadores del organismo se reunieron por la reinstalaci\u00f3n de la compa\u00f1era en el espacio de barrio Quebrada de las Rosas. Realizar\u00e1n ma\u00f1ana una Asamblea en la Residencia Casa Trejo a las 15 hs, en el marco del plan de lucha de SENAF.","format":"standard","video":"","gallery":"","source_name":"","source_url":"","via_name":"","via_url":"","override_template":"0","override":[{"template":"1","single_blog_custom":"","parallax":"1","fullscreen":"1","layout":"right-sidebar","sidebar":"default-sidebar","second_sidebar":"default-sidebar","sticky_sidebar":"1","share_position":"top","share_float_style":"share-monocrhome","show_share_counter":"1","show_view_counter":"1","show_featured":"1","show_post_meta":"1","show_post_author":"1","show_post_author_image":"1","show_post_date":"1","post_date_format":"default","post_date_format_custom":"Y\/m\/d","show_post_category":"1","show_post_reading_time":"0","post_reading_time_wpm":"300","show_zoom_button":"0","zoom_button_out_step":"2","zoom_button_in_step":"3","show_post_tag":"1","show_prev_next_post":"1","show_popup_post":"1","number_popup_post":"1","show_author_box":"0","show_post_related":"0","show_inline_post_related":"0"}],"override_image_size":"0","image_override":[{"single_post_thumbnail_size":"crop-500","single_post_gallery_size":"crop-500"}],"trending_post":"0","trending_post_position":"meta","trending_post_label":"Trending","sponsored_post":"0","sponsored_post_label":"Sponsored by","sponsored_post_name":"","sponsored_post_url":"","sponsored_post_logo_enable":"0","sponsored_post_logo":"","sponsored_post_desc":"","disable_ad":"0"},"jnews_primary_category":{"id":""},"jnews_social_meta":{"fb_title":"","fb_description":"","fb_image":"","twitter_title":"","twitter_description":"","twitter_image":""},"jnews_review":[],"enable_review":"0","type":"percentage","name":"","summary":"","brand":"","sku":"","good":[{"good_text":""}],"bad":[{"bad_text":""}],"score_override":"","override_value":"","rating":[{"rating_text":"","rating_number":"10"}],"price":[{"shop":"","price":"","link":"","icon":""},{"shop":"","price":"","link":"","icon":""},{"shop":"","price":"","link":"","icon":""},{"shop":"","price":"","link":"","icon":""},{"shop":"","price":"","link":"","icon":""},{"shop":"","price":"","link":"","icon":""},{"shop":"","price":"","link":"","icon":""}],"jnews_override_counter":{"override_view_counter":"0","view_counter_number":"0","override_share_counter":"0","share_counter_number":"0","override_like_counter":"0","like_counter_number":"0","override_dislike_counter":"0","dislike_counter_number":"0"},"jnews_post_split":{"enable_post_split":"0","post_split":[{"template":"1","tag":"h2","numbering":"asc","mode":"normal","first":"0","enable_toc":"0","toc_type":"normal"}]},"footnotes":""},"categories":[8],"tags":[1230,457],"class_list":["post-33940","post","type-post","status-publish","format-standard","has-post-thumbnail","hentry","category-provinciales","tag-ministerio-de-justicia-y-ddhh","tag-senaf"],"jetpack_featured_media_url":"https:\/\/atecordoba.org\/wp-content\/uploads\/2022\/09\/senafcartel-e1664387742752.jpg","_links":{"self":[{"href":"https:\/\/atecordoba.org\/index.php?rest_route=\/wp\/v2\/posts\/33940","targetHints":{"allow":["GET"]}}],"collection":[{"href":"https:\/\/atecordoba.org\/index.php?rest_route=\/wp\/v2\/posts"}],"about":[{"href":"https:\/\/atecordoba.org\/index.php?rest_route=\/wp\/v2\/types\/post"}],"author":[{"embeddable":true,"href":"https:\/\/atecordoba.org\/index.php?rest_route=\/wp\/v2\/users\/7"}],"replies":[{"embeddable":true,"href":"https:\/\/atecordoba.org\/index.php?rest_route=%2Fwp%2Fv2%2Fcomments&post=33940"}],"version-history":[{"count":4,"href":"https:\/\/atecordoba.org\/index.php?rest_route=\/wp\/v2\/posts\/33940\/revisions"}],"predecessor-version":[{"id":33949,"href":"https:\/\/atecordoba.org\/index.php?rest_route=\/wp\/v2\/posts\/33940\/revisions\/33949"}],"wp:featuredmedia":[{"embeddable":true,"href":"https:\/\/atecordoba.org\/index.php?rest_route=\/wp\/v2\/media\/33942"}],"wp:attachment":[{"href":"https:\/\/atecordoba.org\/index.php?rest_route=%2Fwp%2Fv2%2Fmedia&parent=33940"}],"wp:term":[{"taxonomy":"category","embeddable":true,"href":"https:\/\/atecordoba.org\/index.php?rest_route=%2Fwp%2Fv2%2Fcategories&post=33940"},{"taxonomy":"post_tag","embeddable":true,"href":"https:\/\/atecordoba.org\/index.php?rest_route=%2Fwp%2Fv2%2Ftags&post=33940"}],"curies":[{"name":"wp","href":"https:\/\/api.w.org\/{rel}","templated":true}]}}