{"id":33931,"date":"2022-09-28T13:27:24","date_gmt":"2022-09-28T16:27:24","guid":{"rendered":"https:\/\/atecordoba.org\/?p=33931"},"modified":"2022-10-03T14:07:44","modified_gmt":"2022-10-03T17:07:44","slug":"preparan-en-ate-la-9a-marcha-de-salud-mental","status":"publish","type":"post","link":"https:\/\/atecordoba.org\/?p=33931","title":{"rendered":"Preparan en ATE la 9a Marcha por la Salud Mental"},"content":{"rendered":"\n<div class=\"wp-block-image\"><figure class=\"aligncenter size-large is-resized\"><img loading=\"lazy\" decoding=\"async\" src=\"https:\/\/atecordoba.org\/wp-content\/uploads\/2022\/09\/WhatsApp-Image-2022-09-28-at-12.54.26-1024x768.jpeg\" alt=\"\" class=\"wp-image-33932\" width=\"768\" height=\"576\" srcset=\"https:\/\/atecordoba.org\/wp-content\/uploads\/2022\/09\/WhatsApp-Image-2022-09-28-at-12.54.26-1024x768.jpeg 1024w, https:\/\/atecordoba.org\/wp-content\/uploads\/2022\/09\/WhatsApp-Image-2022-09-28-at-12.54.26-300x225.jpeg 300w, https:\/\/atecordoba.org\/wp-content\/uploads\/2022\/09\/WhatsApp-Image-2022-09-28-at-12.54.26-768x576.jpeg 768w, https:\/\/atecordoba.org\/wp-content\/uploads\/2022\/09\/WhatsApp-Image-2022-09-28-at-12.54.26-750x563.jpeg 750w, https:\/\/atecordoba.org\/wp-content\/uploads\/2022\/09\/WhatsApp-Image-2022-09-28-at-12.54.26-1140x855.jpeg 1140w, https:\/\/atecordoba.org\/wp-content\/uploads\/2022\/09\/WhatsApp-Image-2022-09-28-at-12.54.26.jpeg 1280w\" sizes=\"auto, (max-width: 768px) 100vw, 768px\" \/><\/figure><\/div>\n\n\n\n<p>Diversas organizaciones se reunieron ayer en el auditorio H\u00e9ctor Castro de ATE C\u00f3rdoba para avanzar con los preparativos que formar\u00e1n parte de la 9a marcha de Salud Mental, que se llevar\u00e1 a cabo el pr\u00f3ximo 11 de noviembre. Se trata de una movilizaci\u00f3n que exige el cumplimiento de la Ley de Salud Mental cuya aplicaci\u00f3n brilla por su ausencia en la provincial.<\/p>\n\n\n\n<p>La legislaci\u00f3n que regula el sistema de salud mental est\u00e1 integrada por la ley nacional 26657 y la ley provincial 9848, ambas de car\u00e1cter progresivo y con pol\u00edticas muy positivas para las y los usuarios del sistema, pero de escasa puesta en marcha. <\/p>\n\n\n\n<p>Para conversar sobre la organizaci\u00f3n del espacio el programa radial Entre Todos y Todas, que la Secretaria de Prensa emite cada martes de 18 a 20 horas en GEN FM 107.5, entrevist\u00f3 a Mari Murillo, de la ONG Confluir -usuarios en acci\u00f3n por el derecho a las salud mental- y ex-presidenta del Consejo Consultivo de Salud Mental y Adicciones de la Naci\u00f3n. <\/p>\n\n\n\n<p>Mari es una l\u00facida usuaria del sistema de salud mental, que brind\u00f3 un cuadro completo del estado de situaci\u00f3n del sistema<\/p>\n\n\n\n<p><strong>\u00bfPor qu\u00e9 se movilizan nuevamente en esta 9\u00aa Marcha por la Salud Mental?<\/strong><\/p>\n\n\n\n<p>La hacemos porque el gobierno no nos escucha. Falta medicaci\u00f3n y m\u00e9dicos, falta asistencia social y equipos interdisciplinarios. No les pagan a los profesionales, pero este gobierno hacen puentes y puentes. \u00bfPara qu\u00e9 queremos tanto puente? &nbsp;Queremos m\u00e9dicos, queremos remedios, queremos ser bien tratados, que haya agua caliente en hospitales como el Neuropsiqui\u00e1trico, que den bien de comer, que nos den un buen trato y no nos castiguen ni nos pongan en celdas de contenci\u00f3n.<\/p>\n\n\n\n<p>Cerraron el IPAD y los usuarios no lo sab\u00edan, ni los m\u00e9dicos tampoco. Una d\u00eda fueron y estaba cerrado. A los adictos los pasaron a atenderse con los enfermos psiqui\u00e1tricos. As\u00ed surgen conflictos de todo tipo e incluso eso fue motivo de que se hicieran denuncias por casos de ab uso sexual.<\/p>\n\n\n\n<p>Por otro lado, la ley de salud mental dice que los usuarios tenemos el derecho de saber qu\u00e9 medicaci\u00f3n tomamos, a que nos informen cu\u00e1l es el diagn\u00f3stico que tenemos, a conocer nuestras historias cl\u00ednicas, a ser bien atendidos y bien tratados, que no venga la polic\u00eda y te pague. Porque la polic\u00eda ve tirados a los pacientes en el suelo, porque los tienen recontra dopados, que los agarran a los patadones. Tiene que haber un poco m\u00e1s de amor, de empat\u00eda.<\/p>\n\n\n\n<p><strong>En estas marchas se genera comunidad, participan las distintas asociaciones, sindicatos, agrupaciones univesitarias y expresiones interesadas en la salud mental. \u00bfComo se eval\u00faa la participaci\u00f3n en las marchas?<\/strong><\/p>\n\n\n\n<p>Bien, porque todos luchamos por lo mismo y tenemos que ser cada d\u00eda m\u00e1s, muchos m\u00e1s, para pode defender la ley y a nosotros. Me pone orgullosa de la participaci\u00f3n de todas esas organizaciones.<\/p>\n\n\n\n<p>Yo defiendo a los usuarios, defiendo la aplicaci\u00f3n de la ley de salud mental. Muchos m\u00e9dicos tampoco la conocen o no la quieren aplicar. Porque en los centros privados les conviene mantener internados, a lo mejor sin necesidad, cuando podria hacer tratamientos ambulatorios con atenci\u00f3n de un equipo interdisciplinario y no hace falta que est\u00e9 internado en un loquero. Ah\u00ed sufre m\u00e1s.<\/p>\n\n\n\n<p>Por eso le pido al gobierno, a la secretaria de Salud Mental, a todos los que integran el sistema de salud mental que por favor abran las casas de medio camino, los dispositivos, los lugares para que los chicos no est\u00e9n en la calle y que puedan tener un lugar para ir cuando les dan el alta. Es muy triste estar encerrado y que uno salga a la calle y te se\u00f1alen con el dedo \u201cahi va el loco\u201d.<\/p>\n\n\n\n<p>No, somos seres humanos. Que no nos estigmaticen porque somos parte de la sociedad, podemos trabajar.<\/p>\n\n\n\n<p><strong>\u00bfQu\u00e9 funciones cumple el Consejo Consultivo que presid\u00eds?<\/strong><\/p>\n\n\n\n<p>Nuncas imagin\u00e9 que iba a llegar a ese lugar. El Consejo est\u00e1 integrado por 28 organizaciones entre las ONG, los colegios profesionales. Estamos dividimos en comisiones y despu\u00e9s cada uno trae al consejo lo que pasa en su sector. Hacemos un plenario cada tres meses, son dos d\u00edas de reuniones. Las conclusiones se pasan a la Direcci\u00f3n de Salud Mental.<\/p>\n\n\n\n<p>La \u00faltima vez le mandamos cinco mails al director de Salud Mental y respondi\u00f3 solo uno y diciendo todas mentiras. \u00bfC\u00f3mo puede estar una persona en un cargo si no tiene empat\u00eda con el otro? Es psic\u00f3loga y adem\u00e1s da clases en la universidad. Hay que tener amor por el otro, amor puro y sano. No te sana un remedio o una pastilla, te cura un abrazo, un beso, una tomada de mano. Los remedios te duran 8 horas, pero un \u2018te quiero\u2019, un abrazo te curan el alma.<\/p>\n","protected":false},"excerpt":{"rendered":"<p>Diversas organizaciones se reunieron ayer en el auditorio H\u00e9ctor Castro de ATE C\u00f3rdoba para avanzar con los preparativos que formar\u00e1n parte de la 9a marcha de Salud Mental, que se llevar\u00e1 a cabo el pr\u00f3ximo 11 de noviembre. Se trata de una movilizaci\u00f3n que exige el cumplimiento de la Ley de Salud Mental cuya aplicaci\u00f3n [&hellip;]<\/p>\n","protected":false},"author":7,"featured_media":33933,"comment_status":"open","ping_status":"open","sticky":false,"template":"","format":"standard","meta":{"_exactmetrics_skip_tracking":false,"_exactmetrics_sitenote_active":false,"_exactmetrics_sitenote_note":"","_exactmetrics_sitenote_category":0,"jnews-multi-image_gallery":[],"jnews_single_post":{"subtitle":"Explic\u00f3 c\u00f3mo viene la organizaci\u00f3n de la marcha Mari Murillo, de la ONG Confluir -usuarios en acci\u00f3n por el derecho a las salud mental- y Ex-Presidenta del Consejo Consultivo de Salud Mental y Adicciones de la Naci\u00f3n. ","format":"standard","video":"","gallery":"","source_name":"","source_url":"","via_name":"","via_url":"","override_template":"0","override":[{"template":"1","single_blog_custom":"","parallax":"1","fullscreen":"1","layout":"right-sidebar","sidebar":"default-sidebar","second_sidebar":"default-sidebar","sticky_sidebar":"1","share_position":"top","share_float_style":"share-monocrhome","show_share_counter":"1","show_view_counter":"1","show_featured":"1","show_post_meta":"1","show_post_author":"1","show_post_author_image":"1","show_post_date":"1","post_date_format":"default","post_date_format_custom":"Y\/m\/d","show_post_category":"1","show_post_reading_time":"0","post_reading_time_wpm":"300","show_zoom_button":"0","zoom_button_out_step":"2","zoom_button_in_step":"3","show_post_tag":"1","show_prev_next_post":"1","show_popup_post":"1","number_popup_post":"1","show_author_box":"0","show_post_related":"0","show_inline_post_related":"0"}],"override_image_size":"0","image_override":[{"single_post_thumbnail_size":"crop-500","single_post_gallery_size":"crop-500"}],"trending_post":"0","trending_post_position":"meta","trending_post_label":"Trending","sponsored_post":"0","sponsored_post_label":"Sponsored by","sponsored_post_name":"","sponsored_post_url":"","sponsored_post_logo_enable":"0","sponsored_post_logo":"","sponsored_post_desc":"","disable_ad":"0"},"jnews_primary_category":{"id":""},"jnews_social_meta":{"fb_title":"","fb_description":"","fb_image":"","twitter_title":"","twitter_description":"","twitter_image":""},"jnews_review":[],"enable_review":"0","type":"percentage","name":"","summary":"","brand":"","sku":"","good":[{"good_text":""}],"bad":[{"bad_text":""}],"score_override":"","override_value":"","rating":[{"rating_text":"","rating_number":"10"}],"price":[{"shop":"","price":"","link":"","icon":""}],"jnews_override_counter":{"override_view_counter":"0","view_counter_number":"0","override_share_counter":"0","share_counter_number":"0","override_like_counter":"0","like_counter_number":"0","override_dislike_counter":"0","dislike_counter_number":"0"},"jnews_post_split":{"enable_post_split":"0","post_split":[{"template":"1","tag":"h2","numbering":"asc","mode":"normal","first":"0","enable_toc":"0","toc_type":"normal"}]},"footnotes":""},"categories":[10],"tags":[1229,1160],"class_list":["post-33931","post","type-post","status-publish","format-standard","has-post-thumbnail","hentry","category-accion-politica","tag-9-marcha-de-salud-mental","tag-cordoba-2"],"jetpack_featured_media_url":"https:\/\/atecordoba.org\/wp-content\/uploads\/2022\/09\/saludmental-e1664382394667.jpeg","_links":{"self":[{"href":"https:\/\/atecordoba.org\/index.php?rest_route=\/wp\/v2\/posts\/33931","targetHints":{"allow":["GET"]}}],"collection":[{"href":"https:\/\/atecordoba.org\/index.php?rest_route=\/wp\/v2\/posts"}],"about":[{"href":"https:\/\/atecordoba.org\/index.php?rest_route=\/wp\/v2\/types\/post"}],"author":[{"embeddable":true,"href":"https:\/\/atecordoba.org\/index.php?rest_route=\/wp\/v2\/users\/7"}],"replies":[{"embeddable":true,"href":"https:\/\/atecordoba.org\/index.php?rest_route=%2Fwp%2Fv2%2Fcomments&post=33931"}],"version-history":[{"count":3,"href":"https:\/\/atecordoba.org\/index.php?rest_route=\/wp\/v2\/posts\/33931\/revisions"}],"predecessor-version":[{"id":33995,"href":"https:\/\/atecordoba.org\/index.php?rest_route=\/wp\/v2\/posts\/33931\/revisions\/33995"}],"wp:featuredmedia":[{"embeddable":true,"href":"https:\/\/atecordoba.org\/index.php?rest_route=\/wp\/v2\/media\/33933"}],"wp:attachment":[{"href":"https:\/\/atecordoba.org\/index.php?rest_route=%2Fwp%2Fv2%2Fmedia&parent=33931"}],"wp:term":[{"taxonomy":"category","embeddable":true,"href":"https:\/\/atecordoba.org\/index.php?rest_route=%2Fwp%2Fv2%2Fcategories&post=33931"},{"taxonomy":"post_tag","embeddable":true,"href":"https:\/\/atecordoba.org\/index.php?rest_route=%2Fwp%2Fv2%2Ftags&post=33931"}],"curies":[{"name":"wp","href":"https:\/\/api.w.org\/{rel}","templated":true}]}}