{"id":33861,"date":"2022-09-27T11:07:48","date_gmt":"2022-09-27T14:07:48","guid":{"rendered":"https:\/\/atecordoba.org\/?p=33861"},"modified":"2022-09-27T11:07:52","modified_gmt":"2022-09-27T14:07:52","slug":"ate-conae-reclama-al-gobierno-nacional-que-pare-la-sangria-de-personal-y-mejore-los-salarios-del-sector","status":"publish","type":"post","link":"https:\/\/atecordoba.org\/?p=33861","title":{"rendered":"ATE CONAE reclama al gobierno nacional que pare la sangr\u00eda de personal y mejore los salarios del sector"},"content":{"rendered":"\n<div class=\"wp-block-image\"><figure class=\"aligncenter size-full\"><img loading=\"lazy\" decoding=\"async\" width=\"616\" height=\"302\" src=\"https:\/\/atecordoba.org\/wp-content\/uploads\/2022\/09\/CONAE-LOGO.jpg\" alt=\"\" class=\"wp-image-33717\" srcset=\"https:\/\/atecordoba.org\/wp-content\/uploads\/2022\/09\/CONAE-LOGO.jpg 616w, https:\/\/atecordoba.org\/wp-content\/uploads\/2022\/09\/CONAE-LOGO-300x147.jpg 300w\" sizes=\"auto, (max-width: 616px) 100vw, 616px\" \/><\/figure><\/div>\n\n\n\n<p>En  una nota dirigida a las autoridades del Gobierno Nacional, las y los trabajadores de la comisi\u00f3n Nacional de Actividades Especiales (CONAE), organizados en ATE, reclamaron en el marco del paro nacional que nuestra organizaci\u00f3n lleva adelante hoy en reclamo de la reapertura de paritarias nacionales, que pague los adicionales demandados para elevar el nivel de ingresos del sector.<\/p>\n\n\n\n<p>En la misiva ATE plantea que &#8221; ante la suba generalizada de precios, las y los trabajadores en general hemos visto mermados nuestros ingresos. En este a\u00f1o de post-pandemia estamos viviendo una situaci\u00f3n singular en la cual tenemos las cifras de desempleo m\u00e1s bajas de los \u00faltimos treinta a\u00f1os pero tambi\u00e9n una situaci\u00f3n en la que gran parte de los trabajadores son pobres o est\u00e1n al l\u00edmite de serlo&#8221;.<\/p>\n\n\n\n<p>&#8220;Esto se explica -denuncia el personal de CONAE- por una apropiaci\u00f3n desproporcionada de la riqueza que produce nuestro pa\u00eds por parte de los sectores concentrados de la econom\u00eda, quienes a su vez fugan sus ganancias en cuanto tienen oportunidad, como se vio con la implementaci\u00f3n del \u201cdolar soja\u201d que hizo disparar el precio de los d\u00f3lares paralelos. Como trabajadores de la APN y de CONAE en particular queremos llamar la atenci\u00f3n al Estado nacional sobre este punto, ya que recordamos el compromiso asumido durante la campa\u00f1a electoral del 2019 y en su asunci\u00f3n. Si bien no obviamos el conjunto de situaciones que atraves\u00f3 el mundo (pandemia y conflicto en Europa), tampoco podemos dejar de se\u00f1alar que las medidas que se han ido tomando son contrarias o insuficientes en relaci\u00f3n con el pacto social con el que se asumi\u00f3.<\/p>\n\n\n\n<p>Por eso, las y los trabajadores exigen &#8220;que se lleven adelante los compromisos discutidos hace ya m\u00e1s de 5 meses para poder sostener el funcionamiento de la CONAE. Actualmente nuestras actividades se encuentran limitadas por la fuga de trabajadoras y trabajadores al sector privado y la imposibilidad de competir con los sueldos que all\u00ed se ofrecen. Esto pone en riesgo el cumplimiento de los objetivos de la CONAE, dej\u00e1ndola en una situaci\u00f3n de vulnerabilidad frente a proyectos pol\u00edticos que manifiestan p\u00fablicamente su desprecio hacia la cosa p\u00fablica&#8221;.<\/p>\n\n\n\n<p>&#8220;Los y las trabajadoras de CONAE queremos defender y sostener nuestra actividad, que consideramos estrat\u00e9gica para el desarrollo de nuestro pa\u00eds. No podemos ni debemos dejar este sector en manos del mercado ni en manos de intereses extranjeros que nos lleven a perder nuestra soberan\u00eda tecnol\u00f3gica y atenten contra los intereses nacionales&#8221;.<\/p>\n\n\n\n<p>En virtud de los planteado desde ATE CONAE solicitan la urgente la implementaci\u00f3n de:<\/p>\n\n\n\n<ul class=\"wp-block-list\"><li>Adicional Cient\u00edfico T\u00e9cnico<\/li><li>Adicional por T\u00edtulo similar a SINEP<\/li><li>Adicional Inform\u00e1tico<\/li><li>Convenio Colectivo Sectorial propio de la CONAE<\/li><\/ul>\n","protected":false},"excerpt":{"rendered":"<p>En una nota dirigida a las autoridades del Gobierno Nacional, las y los trabajadores de la comisi\u00f3n Nacional de Actividades Especiales (CONAE), organizados en ATE, reclamaron en el marco del paro nacional que nuestra organizaci\u00f3n lleva adelante hoy en reclamo de la reapertura de paritarias nacionales, que pague los adicionales demandados para elevar el nivel [&hellip;]<\/p>\n","protected":false},"author":7,"featured_media":33717,"comment_status":"open","ping_status":"open","sticky":false,"template":"","format":"standard","meta":{"_exactmetrics_skip_tracking":false,"_exactmetrics_sitenote_active":false,"_exactmetrics_sitenote_note":"","_exactmetrics_sitenote_category":0,"jnews-multi-image_gallery":[],"jnews_single_post":{"subtitle":"las y los trabajadores exigen que se lleven adelante \"los compromisos discutidos hace ya m\u00e1s de 5 meses para poder sostener el funcionamiento de la CONAE. Actualmente nuestras actividades se encuentran limitadas por la fuga de trabajadoras y trabajadores al sector privado y la imposibilidad de competir con los sueldos que all\u00ed se ofrecen. Esto pone en riesgo el cumplimiento de los objetivos de la CONAE, dej\u00e1ndola en una situaci\u00f3n de vulnerabilidad frente a proyectos pol\u00edticos que manifiestan p\u00fablicamente su desprecio hacia la cosa p\u00fablica\".","format":"standard","video":"","gallery":"","source_name":"","source_url":"","via_name":"","via_url":"","override_template":"0","override":[{"template":"1","single_blog_custom":"","parallax":"1","fullscreen":"1","layout":"right-sidebar","sidebar":"default-sidebar","second_sidebar":"default-sidebar","sticky_sidebar":"1","share_position":"top","share_float_style":"share-monocrhome","show_share_counter":"1","show_view_counter":"1","show_featured":"1","show_post_meta":"1","show_post_author":"1","show_post_author_image":"1","show_post_date":"1","post_date_format":"default","post_date_format_custom":"Y\/m\/d","show_post_category":"1","show_post_reading_time":"0","post_reading_time_wpm":"300","show_zoom_button":"0","zoom_button_out_step":"2","zoom_button_in_step":"3","show_post_tag":"1","show_prev_next_post":"1","show_popup_post":"1","number_popup_post":"1","show_author_box":"0","show_post_related":"0","show_inline_post_related":"0"}],"override_image_size":"0","image_override":[{"single_post_thumbnail_size":"crop-500","single_post_gallery_size":"crop-500"}],"trending_post":"0","trending_post_position":"meta","trending_post_label":"Trending","sponsored_post":"0","sponsored_post_label":"Sponsored by","sponsored_post_name":"","sponsored_post_url":"","sponsored_post_logo_enable":"0","sponsored_post_logo":"","sponsored_post_desc":"","disable_ad":"0"},"jnews_primary_category":{"id":""},"jnews_social_meta":{"fb_title":"","fb_description":"","fb_image":"","twitter_title":"","twitter_description":"","twitter_image":""},"jnews_review":[],"enable_review":"0","type":"percentage","name":"","summary":"","brand":"","sku":"","good":[{"good_text":""}],"bad":[{"bad_text":""}],"score_override":"","override_value":"","rating":[{"rating_text":"","rating_number":"10"}],"price":[{"shop":"","price":"","link":"","icon":""}],"jnews_override_counter":{"override_view_counter":"0","view_counter_number":"0","override_share_counter":"0","share_counter_number":"0","override_like_counter":"0","like_counter_number":"0","override_dislike_counter":"0","dislike_counter_number":"0"},"jnews_post_split":{"enable_post_split":"0","post_split":[{"template":"1","tag":"h2","numbering":"asc","mode":"normal","first":"0","enable_toc":"0","toc_type":"normal"}]},"footnotes":""},"categories":[18],"tags":[463],"class_list":["post-33861","post","type-post","status-publish","format-standard","has-post-thumbnail","hentry","category-nacionales","tag-conae"],"jetpack_featured_media_url":"https:\/\/atecordoba.org\/wp-content\/uploads\/2022\/09\/CONAE-LOGO.jpg","_links":{"self":[{"href":"https:\/\/atecordoba.org\/index.php?rest_route=\/wp\/v2\/posts\/33861","targetHints":{"allow":["GET"]}}],"collection":[{"href":"https:\/\/atecordoba.org\/index.php?rest_route=\/wp\/v2\/posts"}],"about":[{"href":"https:\/\/atecordoba.org\/index.php?rest_route=\/wp\/v2\/types\/post"}],"author":[{"embeddable":true,"href":"https:\/\/atecordoba.org\/index.php?rest_route=\/wp\/v2\/users\/7"}],"replies":[{"embeddable":true,"href":"https:\/\/atecordoba.org\/index.php?rest_route=%2Fwp%2Fv2%2Fcomments&post=33861"}],"version-history":[{"count":1,"href":"https:\/\/atecordoba.org\/index.php?rest_route=\/wp\/v2\/posts\/33861\/revisions"}],"predecessor-version":[{"id":33862,"href":"https:\/\/atecordoba.org\/index.php?rest_route=\/wp\/v2\/posts\/33861\/revisions\/33862"}],"wp:featuredmedia":[{"embeddable":true,"href":"https:\/\/atecordoba.org\/index.php?rest_route=\/wp\/v2\/media\/33717"}],"wp:attachment":[{"href":"https:\/\/atecordoba.org\/index.php?rest_route=%2Fwp%2Fv2%2Fmedia&parent=33861"}],"wp:term":[{"taxonomy":"category","embeddable":true,"href":"https:\/\/atecordoba.org\/index.php?rest_route=%2Fwp%2Fv2%2Fcategories&post=33861"},{"taxonomy":"post_tag","embeddable":true,"href":"https:\/\/atecordoba.org\/index.php?rest_route=%2Fwp%2Fv2%2Ftags&post=33861"}],"curies":[{"name":"wp","href":"https:\/\/api.w.org\/{rel}","templated":true}]}}