{"id":3386,"date":"2013-10-04T18:59:20","date_gmt":"2013-10-04T21:59:20","guid":{"rendered":"http:\/\/www.atecordoba.org\/?p=3386"},"modified":"2013-10-04T18:59:20","modified_gmt":"2013-10-04T21:59:20","slug":"plenario-de-personal-civil-analizo-situacion-en-el-sector","status":"publish","type":"post","link":"https:\/\/atecordoba.org\/?p=3386","title":{"rendered":"Plenario de Personal Civil analiz\u00f3 situaci\u00f3n en el sector"},"content":{"rendered":"<p><em>Presidido por Mar\u00eda Teresa Romero, secretaria General de ATE C\u00f3rdoba, el encuentro de delegados realizado el mi\u00e9rcoles pasado analiz\u00f3\u00a0la grilla salarial y las problem\u00e1ticas y propuestas a plantear a la patronal.\u00a0<\/em><\/p>\n<figure id=\"attachment_3387\" aria-describedby=\"caption-attachment-3387\" style=\"width: 457px\" class=\"wp-caption aligncenter\"><a href=\"http:\/\/www.atecordoba.org\/wp-content\/uploads\/2013\/10\/plenario-personal-civil-2-10.png\"><img loading=\"lazy\" decoding=\"async\" class=\" wp-image-3387\" alt=\"plenario personal civil 2-10\" src=\"http:\/\/www.atecordoba.org\/wp-content\/uploads\/2013\/10\/plenario-personal-civil-2-10.png\" width=\"457\" height=\"343\" \/><\/a><figcaption id=\"caption-attachment-3387\" class=\"wp-caption-text\">Alejandro Charra, paritario del sector y secretario de Organizaci\u00f3n del CDP detall\u00f3 los avances en la negociaci\u00f3n.<\/figcaption><\/figure>\n<p>El Plenario Ordinario de Delegados del Sectorial Personal Civil y Docente Civil de las Fuerzas Armadas y de Seguridad e IOSE cont\u00f3 con la asistencia de representantes de los trabajadores de 12 reparticiones, para debatir las perspectivas de este importante Sector del Estado Nacional.<\/p>\n<p>El d\u00eda mi\u00e9rcoles 02 de octubre del corriente y presidido por la Compa\u00f1era Secretaria General del CDP Mar\u00eda Teresa Romero, se llevo a cabo el Plenario Ordinario de Delegados del Sectorial Personal Civil y Docente Civil de las Fuerzas Armadas y de Seguridad e IOSE. Al mismo asistieron representantes de los trabajadores de 12 reparticiones, para debatir las perspectivas de este importante Sector del Estado Nacional.<\/p>\n<p>La actividad comenz\u00f3 a las 10:00 de la ma\u00f1ana con un informe a cargo de los compa\u00f1eros Miriam Martino y Alejandro Charra, Secretarios de Acci\u00f3n Pol\u00edtica y Organizaci\u00f3n respectivamente y Paritarios Nacionales del Sector, donde se inform\u00f3 sobre las promesas de la patronal en cuento a los avances en materia de negociaci\u00f3n colectiva que se han dado, desde la reciente reapertura de las Paritarias de los Civiles que deber\u00edan culminar a principios del a\u00f1o entrante con la firma del primer Convenio Colectivo Sectorial de Trabajo de este \u00e1mbito.<\/p>\n<p>Continuando con la exposici\u00f3n de las proyecciones realizadas por el Equipo T\u00e9cnico de Carrera respecto a la grilla salarial y las problem\u00e1ticas y propuestas a plantear por el Equipo T\u00e9cnico de Modalidades Operativas.<\/p>\n<p>Para finalizar se evaluaron las conclusiones de la reuni\u00f3n sostenida con el Subsecretario de Coordinaci\u00f3n del Ministerio de Defensa, Lic. German Mart\u00ednez, quien se comprometi\u00f3 a colaborar en todo lo necesario para la concreci\u00f3n del nuevo Convenio Colectivo y a gestionar una reuni\u00f3n con personal de dicho Ministerio, para abordar la problem\u00e1tica Docente y del nuevo Instituto de Obra Social de las Fuerzas Armadas.<\/p>\n<p>Posteriormente se sostuvo un debate entre los all\u00ed presentes que concluy\u00f3 con un mandato a los Paritarios Nacionales para continuar las negociaciones en el marco actual por considerar que los avances han sido positivos.<\/p>\n<p>Del plenario, adem\u00e1s de los ya mencionados participaron los compa\u00f1eros secretarios del Interior, Luis Barcena y de Prensa, Daniel Pawluchuzk, as\u00ed como los vocales V\u00edctor Lecuona, Rita Toncovich y Daniel Fenoglio.<\/p>\n<p>&nbsp;<\/p>\n","protected":false},"excerpt":{"rendered":"<p>Presidido por Mar\u00eda Teresa Romero, secretaria General de ATE C\u00f3rdoba, el encuentro de delegados realizado el mi\u00e9rcoles pasado analiz\u00f3\u00a0la grilla salarial y las problem\u00e1ticas y propuestas a plantear a la patronal.\u00a0 El Plenario Ordinario de Delegados del Sectorial Personal Civil y Docente Civil de las Fuerzas Armadas y de Seguridad e IOSE cont\u00f3 con la [&hellip;]<\/p>\n","protected":false},"author":1,"featured_media":19220,"comment_status":"open","ping_status":"open","sticky":false,"template":"","format":"standard","meta":{"_exactmetrics_skip_tracking":false,"_exactmetrics_sitenote_active":false,"_exactmetrics_sitenote_note":"","_exactmetrics_sitenote_category":0,"jnews-multi-image_gallery":[],"jnews_single_post":[],"jnews_primary_category":[],"jnews_social_meta":[],"jnews_review":[],"enable_review":"","type":"","name":"","summary":"","brand":"","sku":"","good":[],"bad":[],"score_override":"","override_value":"","rating":[],"price":[],"jnews_override_counter":[],"jnews_post_split":[],"footnotes":""},"categories":[18],"tags":[],"class_list":["post-3386","post","type-post","status-publish","format-standard","has-post-thumbnail","hentry","category-nacionales"],"jetpack_featured_media_url":"https:\/\/atecordoba.org\/wp-content\/uploads\/2020\/05\/logo-nuevochico-e1561581322808.png","_links":{"self":[{"href":"https:\/\/atecordoba.org\/index.php?rest_route=\/wp\/v2\/posts\/3386","targetHints":{"allow":["GET"]}}],"collection":[{"href":"https:\/\/atecordoba.org\/index.php?rest_route=\/wp\/v2\/posts"}],"about":[{"href":"https:\/\/atecordoba.org\/index.php?rest_route=\/wp\/v2\/types\/post"}],"author":[{"embeddable":true,"href":"https:\/\/atecordoba.org\/index.php?rest_route=\/wp\/v2\/users\/1"}],"replies":[{"embeddable":true,"href":"https:\/\/atecordoba.org\/index.php?rest_route=%2Fwp%2Fv2%2Fcomments&post=3386"}],"version-history":[{"count":0,"href":"https:\/\/atecordoba.org\/index.php?rest_route=\/wp\/v2\/posts\/3386\/revisions"}],"wp:featuredmedia":[{"embeddable":true,"href":"https:\/\/atecordoba.org\/index.php?rest_route=\/wp\/v2\/media\/19220"}],"wp:attachment":[{"href":"https:\/\/atecordoba.org\/index.php?rest_route=%2Fwp%2Fv2%2Fmedia&parent=3386"}],"wp:term":[{"taxonomy":"category","embeddable":true,"href":"https:\/\/atecordoba.org\/index.php?rest_route=%2Fwp%2Fv2%2Fcategories&post=3386"},{"taxonomy":"post_tag","embeddable":true,"href":"https:\/\/atecordoba.org\/index.php?rest_route=%2Fwp%2Fv2%2Ftags&post=3386"}],"curies":[{"name":"wp","href":"https:\/\/api.w.org\/{rel}","templated":true}]}}