{"id":33857,"date":"2022-09-26T14:09:24","date_gmt":"2022-09-26T17:09:24","guid":{"rendered":"https:\/\/atecordoba.org\/?p=33857"},"modified":"2022-09-26T14:09:25","modified_gmt":"2022-09-26T17:09:25","slug":"se-completo-el-trayecto-formativo-para-provinciales-sobre-ambientes-de-trabajo-libres-de-violencia","status":"publish","type":"post","link":"https:\/\/atecordoba.org\/?p=33857","title":{"rendered":"Se complet\u00f3 el trayecto formativo para provinciales sobre &#8220;ambientes de trabajo libres de violencia&#8221;"},"content":{"rendered":"\n<div class=\"wp-block-image\"><figure class=\"alignleft size-full is-resized\"><img loading=\"lazy\" decoding=\"async\" src=\"https:\/\/atecordoba.org\/wp-content\/uploads\/2022\/09\/WhatsApp-Image-2022-09-26-at-13.20.51.jpeg\" alt=\"\" class=\"wp-image-33858\" width=\"298\" height=\"299\" \/><\/figure><\/div>\n\n\n\n<p>En el dictado del segundo m\u00f3dulo a cargo de la compa\u00f1era Magal\u00ed Arocena, se complet\u00f3 el lunes pasado el trayecto formativo impulsado por a Secretaria de Formaci\u00f3n y el Departamento de Salud Laboral del Consejo Directivo Provincial, conjuntamente con el Instituto de Salud Laboral de Salud y Seguridad de las y los trabajadores (ISSTATE), dependiente de ATE Nacional.<\/p>\n\n\n\n<p>Se trat\u00f3 de un curso de formaci\u00f3n para acompa\u00f1ar a las y los estatales de \u00e1mbito provincial sobre como promover ambientes laborales libres de violencia. En la oportunidad, participaron compa\u00f1eros y compa\u00f1eras desde distintos puntos de la provincia v\u00eda virtual. Fueron dos encuentros virtuales via z\u00f3om, los d\u00edas 14 y 19 de septiembre.<\/p>\n\n\n\n<p>En el primer turno se trat\u00f3 la normativa vigente y fue dictado por la abogada Mar\u00eda Martha Terragno, parte del equipo jur\u00eddico del CDP. <\/p>\n\n\n\n<p>En tanto, el segundo m\u00f3dulo estuvo a cargo de la compa\u00f1era Arocena, licenciada en Higiene y Seguridad en el Trabajo, directora de capacitaci\u00f3n del ISSTATE, y abarc\u00f3 las tem\u00e1ticas con perspectiva de salud laboral con la mira de las estrategias sindicales, negociaci\u00f3n colectiva, resoluci\u00f3n de conflictos.<\/p>\n\n\n\n<div class=\"wp-block-image\"><figure class=\"aligncenter size-large is-resized\"><img loading=\"lazy\" decoding=\"async\" src=\"https:\/\/atecordoba.org\/wp-content\/uploads\/2022\/09\/WhatsApp-Image-2022-09-26-at-13.18.39-1024x449.jpeg\" alt=\"\" class=\"wp-image-33859\" width=\"768\" height=\"337\" srcset=\"https:\/\/atecordoba.org\/wp-content\/uploads\/2022\/09\/WhatsApp-Image-2022-09-26-at-13.18.39-1024x449.jpeg 1024w, https:\/\/atecordoba.org\/wp-content\/uploads\/2022\/09\/WhatsApp-Image-2022-09-26-at-13.18.39-300x132.jpeg 300w, https:\/\/atecordoba.org\/wp-content\/uploads\/2022\/09\/WhatsApp-Image-2022-09-26-at-13.18.39-768x337.jpeg 768w, https:\/\/atecordoba.org\/wp-content\/uploads\/2022\/09\/WhatsApp-Image-2022-09-26-at-13.18.39-1536x674.jpeg 1536w, https:\/\/atecordoba.org\/wp-content\/uploads\/2022\/09\/WhatsApp-Image-2022-09-26-at-13.18.39-750x329.jpeg 750w, https:\/\/atecordoba.org\/wp-content\/uploads\/2022\/09\/WhatsApp-Image-2022-09-26-at-13.18.39-1140x500.jpeg 1140w, https:\/\/atecordoba.org\/wp-content\/uploads\/2022\/09\/WhatsApp-Image-2022-09-26-at-13.18.39.jpeg 1600w\" sizes=\"auto, (max-width: 768px) 100vw, 768px\" \/><\/figure><\/div>\n\n\n\n<p>&#8220;Fue una jornada muy fruct\u00edfera donde participaron compa\u00f1eros de distintas \u00e1reas de la administraci\u00f3n provincial, desde SENAF a Auxiliares de PAICOR y de limpieza de R\u00edo Tercero, compa\u00f1eras de salud y educaci\u00f3n, guardaparques, entre otros&#8221;, resumi\u00f3 Mat\u00edas Giuliani, responsable del Departamento de Salud Laboral del CDP.<\/p>\n\n\n\n<p>Vale aclarar que este tracto formativo entrega certificaci\u00f3n y que cuenta con el aval del Ministerio de Trabajo de la Naci\u00f3n.<\/p>\n\n\n\n<p><\/p>\n","protected":false},"excerpt":{"rendered":"<p>En el dictado del segundo m\u00f3dulo a cargo de la compa\u00f1era Magal\u00ed Arocena, se complet\u00f3 el lunes pasado el trayecto formativo impulsado por a Secretaria de Formaci\u00f3n y el Departamento de Salud Laboral del Consejo Directivo Provincial, conjuntamente con el Instituto de Salud Laboral de Salud y Seguridad de las y los trabajadores (ISSTATE), dependiente [&hellip;]<\/p>\n","protected":false},"author":7,"featured_media":33858,"comment_status":"open","ping_status":"open","sticky":false,"template":"","format":"standard","meta":{"_exactmetrics_skip_tracking":false,"_exactmetrics_sitenote_active":false,"_exactmetrics_sitenote_note":"","_exactmetrics_sitenote_category":0,"jnews-multi-image_gallery":[],"jnews_single_post":{"subtitle":"Este segundo taller estuvo a cargo de la compa\u00f1era Magal\u00ed Arocena, responsable del \u00e1rea de capacitaci\u00f3n del Instituto de Salud Laboral de Salud y Seguridad de las y los trabajadores (ISSTATE)","format":"standard","video":"","gallery":"","source_name":"","source_url":"","via_name":"","via_url":"","override_template":"0","override":[{"template":"1","single_blog_custom":"","parallax":"1","fullscreen":"1","layout":"right-sidebar","sidebar":"default-sidebar","second_sidebar":"default-sidebar","sticky_sidebar":"1","share_position":"top","share_float_style":"share-monocrhome","show_share_counter":"1","show_view_counter":"1","show_featured":"1","show_post_meta":"1","show_post_author":"1","show_post_author_image":"1","show_post_date":"1","post_date_format":"default","post_date_format_custom":"Y\/m\/d","show_post_category":"1","show_post_reading_time":"0","post_reading_time_wpm":"300","show_zoom_button":"0","zoom_button_out_step":"2","zoom_button_in_step":"3","show_post_tag":"1","show_prev_next_post":"1","show_popup_post":"1","number_popup_post":"1","show_author_box":"0","show_post_related":"0","show_inline_post_related":"0"}],"override_image_size":"0","image_override":[{"single_post_thumbnail_size":"crop-500","single_post_gallery_size":"crop-500"}],"trending_post":"0","trending_post_position":"meta","trending_post_label":"Trending","sponsored_post":"0","sponsored_post_label":"Sponsored by","sponsored_post_name":"","sponsored_post_url":"","sponsored_post_logo_enable":"0","sponsored_post_logo":"","sponsored_post_desc":"","disable_ad":"0"},"jnews_primary_category":{"id":""},"jnews_social_meta":{"fb_title":"","fb_description":"","fb_image":"","twitter_title":"","twitter_description":"","twitter_image":""},"jnews_review":[],"enable_review":"0","type":"percentage","name":"","summary":"","brand":"","sku":"","good":[{"good_text":""}],"bad":[{"bad_text":""}],"score_override":"","override_value":"","rating":[{"rating_text":"","rating_number":"10"}],"price":[{"shop":"","price":"","link":"","icon":""}],"jnews_override_counter":{"override_view_counter":"0","view_counter_number":"0","override_share_counter":"0","share_counter_number":"0","override_like_counter":"0","like_counter_number":"0","override_dislike_counter":"0","dislike_counter_number":"0"},"jnews_post_split":{"enable_post_split":"0","post_split":[{"template":"1","tag":"h2","numbering":"asc","mode":"normal","first":"0","enable_toc":"0","toc_type":"normal"}]},"footnotes":""},"categories":[756,341,88],"tags":[],"class_list":["post-33857","post","type-post","status-publish","format-standard","has-post-thumbnail","hentry","category-consejo-directivo-nacional-cdn","category-cdp","category-formacion"],"jetpack_featured_media_url":"https:\/\/atecordoba.org\/wp-content\/uploads\/2022\/09\/WhatsApp-Image-2022-09-26-at-13.20.51-e1664212061892.jpeg","_links":{"self":[{"href":"https:\/\/atecordoba.org\/index.php?rest_route=\/wp\/v2\/posts\/33857","targetHints":{"allow":["GET"]}}],"collection":[{"href":"https:\/\/atecordoba.org\/index.php?rest_route=\/wp\/v2\/posts"}],"about":[{"href":"https:\/\/atecordoba.org\/index.php?rest_route=\/wp\/v2\/types\/post"}],"author":[{"embeddable":true,"href":"https:\/\/atecordoba.org\/index.php?rest_route=\/wp\/v2\/users\/7"}],"replies":[{"embeddable":true,"href":"https:\/\/atecordoba.org\/index.php?rest_route=%2Fwp%2Fv2%2Fcomments&post=33857"}],"version-history":[{"count":1,"href":"https:\/\/atecordoba.org\/index.php?rest_route=\/wp\/v2\/posts\/33857\/revisions"}],"predecessor-version":[{"id":33860,"href":"https:\/\/atecordoba.org\/index.php?rest_route=\/wp\/v2\/posts\/33857\/revisions\/33860"}],"wp:featuredmedia":[{"embeddable":true,"href":"https:\/\/atecordoba.org\/index.php?rest_route=\/wp\/v2\/media\/33858"}],"wp:attachment":[{"href":"https:\/\/atecordoba.org\/index.php?rest_route=%2Fwp%2Fv2%2Fmedia&parent=33857"}],"wp:term":[{"taxonomy":"category","embeddable":true,"href":"https:\/\/atecordoba.org\/index.php?rest_route=%2Fwp%2Fv2%2Fcategories&post=33857"},{"taxonomy":"post_tag","embeddable":true,"href":"https:\/\/atecordoba.org\/index.php?rest_route=%2Fwp%2Fv2%2Ftags&post=33857"}],"curies":[{"name":"wp","href":"https:\/\/api.w.org\/{rel}","templated":true}]}}