{"id":33844,"date":"2022-09-23T13:37:29","date_gmt":"2022-09-23T16:37:29","guid":{"rendered":"https:\/\/atecordoba.org\/?p=33844"},"modified":"2022-09-23T13:37:32","modified_gmt":"2022-09-23T16:37:32","slug":"traslasierra-balance-positivo-de-los-cursos-de-capacitacion","status":"publish","type":"post","link":"https:\/\/atecordoba.org\/?p=33844","title":{"rendered":"Traslasierra: Balance positivo de los cursos de capacitaci\u00f3n"},"content":{"rendered":"\n<div class=\"wp-block-image\"><figure class=\"aligncenter size-large is-resized\"><img loading=\"lazy\" decoding=\"async\" src=\"https:\/\/atecordoba.org\/wp-content\/uploads\/2022\/09\/IMG-20220918-WA0055-1024x768.jpg\" alt=\"\" class=\"wp-image-33753\" width=\"768\" height=\"576\" srcset=\"https:\/\/atecordoba.org\/wp-content\/uploads\/2022\/09\/IMG-20220918-WA0055-1024x768.jpg 1024w, https:\/\/atecordoba.org\/wp-content\/uploads\/2022\/09\/IMG-20220918-WA0055-300x225.jpg 300w, https:\/\/atecordoba.org\/wp-content\/uploads\/2022\/09\/IMG-20220918-WA0055-768x576.jpg 768w, https:\/\/atecordoba.org\/wp-content\/uploads\/2022\/09\/IMG-20220918-WA0055-1536x1152.jpg 1536w, https:\/\/atecordoba.org\/wp-content\/uploads\/2022\/09\/IMG-20220918-WA0055-750x563.jpg 750w, https:\/\/atecordoba.org\/wp-content\/uploads\/2022\/09\/IMG-20220918-WA0055-1140x855.jpg 1140w, https:\/\/atecordoba.org\/wp-content\/uploads\/2022\/09\/IMG-20220918-WA0055.jpg 1600w\" sizes=\"auto, (max-width: 768px) 100vw, 768px\" \/><\/figure><\/div>\n\n\n\n<p>Recientemente se llevaron a cabo en la Casa de ATE Traslasierra dos cursos de formaci\u00f3n dictados para los estatales municipales de la regi\u00f3n y para las y lso agentes de salud del sistema provincial. Se trata de una pol\u00edtica activa que ATE C\u00f3rdoba viene desarrollando con muy buena recepci\u00f3n de parte de la masa de afiliados en todo el territorio provincial. <\/p>\n\n\n\n<p>En esta oportunidad, los municipales recibieron una formaci\u00f3n de parte del secretario del \u00e1rea del Consejo Directivo Provincial. C\u00e9sar Teaux, y de la secretaria de Prensa, Julia Giuliani. &#8220;Concurrieron compa\u00f1eros y compa\u00f1eras de todo la regi\u00f3n y abordamos lo relacionado con los estatutos municipales, que tienen que ver con nuestros derechos laborales&#8221;, explic\u00f3 Mar\u00eda Isabel Diaz, responsable del sector municipal en ATE Traslasierra, al programa radial Entre Todos y Todas, que la Secretar\u00eda de Prensa emite cada martes de 18 a 20 horas en GEN FM 107.5<\/p>\n\n\n\n<p>Al mismo tiempo, Hugo Galaburri secretario General de la delegaci\u00f3n, celebr\u00f3 tambi\u00e9n que se haya realizado una formaci\u00f3n para el sector salud provincial, dictada por t\u00e9cnicas del Movimiento Campesino de la zona. &#8220;La Casa de ATE es un espacio dispuesto para brindar todas las herramientas de formaci\u00f3n a las y los estatales de Traslasierra&#8221;, dijo Galaburri en la misma emisi\u00f3n.<\/p>\n\n\n\n<p><strong>Situaci\u00f3n de las y los municipales<\/strong><\/p>\n\n\n\n<p>El dirigente describi\u00f3 cuales son los desaf\u00edos que enfrenta ATE respecto a la representaci\u00f3n de las y los municipales afirmando que &#8220;tuvimos varios episodios de avasallamiento de derechos en el \u00e1mbito municipal de Traslasierra, donde algunos intendentes e intendentas se manejan como patrones de estancia&#8221;.<\/p>\n\n\n\n<p>Y agreg\u00f3 Galaburri: &#8220;tienen un modus operandi para someter a los trabajadores, principalmente a trav\u00e9s de los salarios tan bajos que se pagan en la regi\u00f3n ,con haberes que fluct\u00faan de 20 a 40 mil pesos, depende del salario b\u00e1sico de cada localidad. Nosotros planteamos unificar un criterio y establecer un monto fijo para odos los municipios de la regi\u00f3n&#8221;.<\/p>\n\n\n\n<p><strong>D\u00eda de las ni\u00f1eces<\/strong><\/p>\n\n\n\n<p>Por \u00faltimo, Mary D\u00edaz se explay\u00f3 sobre los festejos del D\u00eda de las Ni\u00f1eces que se realizaron el domingo pasado en la Casa de ATE, conjuntamente con la organizaci\u00f3n Casa Diversa, que integra la CTAA. &#8220;Hicimos una coproducci\u00f3n para celebrar la semana de las ni\u00f1eces que se desprend\u00eda a partir del d\u00eda del Ni\u00f1o&#8221;. <\/p>\n\n\n\n<p>La dirigente afirm\u00f3 que &#8220;estamos trabajando en un proyecto de ley sobre le sistema de protecci\u00f3n integral de los derechos de los ni\u00f1os, ni\u00f1as y adolescentes. Hubo un cambio bastante importante con la introducci\u00f3n de la perspectiva de g\u00e9nero para hablar de la inclusi\u00f3n, no solo desde la sem\u00e1ntica o lo gramatical, sino para repensar al ni\u00f1o como sujeto de derecho en todos los aspectos y\u00a0 acomodarnos a las transformaciones culturales y sociales, para acompa\u00f1ar a las familias donde se van produciendo estas realidades relacionadas con la cuesti\u00f3n de g\u00e9nero desde la ni\u00f1ez&#8221;.<\/p>\n\n\n\n<p>As\u00ed, los festejos incluyeron actividades de integraci\u00f3n canalizadas &#8220;desde una obra de teatro de t\u00edteres que tuvo una amplia convocatoria y fue una iniciativa nueva muy linda&#8221;.<\/p>\n","protected":false},"excerpt":{"rendered":"<p>Recientemente se llevaron a cabo en la Casa de ATE Traslasierra dos cursos de formaci\u00f3n dictados para los estatales municipales de la regi\u00f3n y para las y lso agentes de salud del sistema provincial. Se trata de una pol\u00edtica activa que ATE C\u00f3rdoba viene desarrollando con muy buena recepci\u00f3n de parte de la masa de [&hellip;]<\/p>\n","protected":false},"author":7,"featured_media":33748,"comment_status":"open","ping_status":"open","sticky":false,"template":"","format":"standard","meta":{"_exactmetrics_skip_tracking":false,"_exactmetrics_sitenote_active":false,"_exactmetrics_sitenote_note":"","_exactmetrics_sitenote_category":0,"jnews-multi-image_gallery":[],"jnews_single_post":{"subtitle":"Provinciales y municipales dieron muy buena recepci\u00f3n a estas instancias de formaci\u00f3n. Adem\u00e1s se celebr\u00f3 el D\u00eda de las Ni\u00f1eces.","format":"standard","video":"","gallery":"","source_name":"","source_url":"","via_name":"","via_url":"","override_template":"0","override":[{"template":"1","single_blog_custom":"","parallax":"1","fullscreen":"1","layout":"right-sidebar","sidebar":"default-sidebar","second_sidebar":"default-sidebar","sticky_sidebar":"1","share_position":"top","share_float_style":"share-monocrhome","show_share_counter":"1","show_view_counter":"1","show_featured":"1","show_post_meta":"1","show_post_author":"1","show_post_author_image":"1","show_post_date":"1","post_date_format":"default","post_date_format_custom":"Y\/m\/d","show_post_category":"1","show_post_reading_time":"0","post_reading_time_wpm":"300","show_zoom_button":"0","zoom_button_out_step":"2","zoom_button_in_step":"3","show_post_tag":"1","show_prev_next_post":"1","show_popup_post":"1","number_popup_post":"1","show_author_box":"0","show_post_related":"0","show_inline_post_related":"0"}],"override_image_size":"0","image_override":[{"single_post_thumbnail_size":"crop-500","single_post_gallery_size":"crop-500"}],"trending_post":"0","trending_post_position":"meta","trending_post_label":"Trending","sponsored_post":"0","sponsored_post_label":"Sponsored by","sponsored_post_name":"","sponsored_post_url":"","sponsored_post_logo_enable":"0","sponsored_post_logo":"","sponsored_post_desc":"","disable_ad":"0"},"jnews_primary_category":{"id":""},"jnews_social_meta":{"fb_title":"","fb_description":"","fb_image":"","twitter_title":"","twitter_description":"","twitter_image":""},"jnews_review":[],"enable_review":"0","type":"percentage","name":"","summary":"","brand":"","sku":"","good":[{"good_text":""}],"bad":[{"bad_text":""}],"score_override":"","override_value":"","rating":[{"rating_text":"","rating_number":"10"}],"price":[{"shop":"","price":"","link":"","icon":""}],"jnews_override_counter":{"override_view_counter":"0","view_counter_number":"0","override_share_counter":"0","share_counter_number":"0","override_like_counter":"0","like_counter_number":"0","override_dislike_counter":"0","dislike_counter_number":"0"},"jnews_post_split":{"enable_post_split":"0","post_split":[{"template":"1","tag":"h2","numbering":"asc","mode":"normal","first":"0","enable_toc":"0","toc_type":"normal"}]},"footnotes":""},"categories":[1056,88],"tags":[],"class_list":["post-33844","post","type-post","status-publish","format-standard","has-post-thumbnail","hentry","category-traslasierra","category-formacion"],"jetpack_featured_media_url":"https:\/\/atecordoba.org\/wp-content\/uploads\/2022\/09\/IMG-20220918-WA0093-e1663950985996.jpg","_links":{"self":[{"href":"https:\/\/atecordoba.org\/index.php?rest_route=\/wp\/v2\/posts\/33844","targetHints":{"allow":["GET"]}}],"collection":[{"href":"https:\/\/atecordoba.org\/index.php?rest_route=\/wp\/v2\/posts"}],"about":[{"href":"https:\/\/atecordoba.org\/index.php?rest_route=\/wp\/v2\/types\/post"}],"author":[{"embeddable":true,"href":"https:\/\/atecordoba.org\/index.php?rest_route=\/wp\/v2\/users\/7"}],"replies":[{"embeddable":true,"href":"https:\/\/atecordoba.org\/index.php?rest_route=%2Fwp%2Fv2%2Fcomments&post=33844"}],"version-history":[{"count":1,"href":"https:\/\/atecordoba.org\/index.php?rest_route=\/wp\/v2\/posts\/33844\/revisions"}],"predecessor-version":[{"id":33847,"href":"https:\/\/atecordoba.org\/index.php?rest_route=\/wp\/v2\/posts\/33844\/revisions\/33847"}],"wp:featuredmedia":[{"embeddable":true,"href":"https:\/\/atecordoba.org\/index.php?rest_route=\/wp\/v2\/media\/33748"}],"wp:attachment":[{"href":"https:\/\/atecordoba.org\/index.php?rest_route=%2Fwp%2Fv2%2Fmedia&parent=33844"}],"wp:term":[{"taxonomy":"category","embeddable":true,"href":"https:\/\/atecordoba.org\/index.php?rest_route=%2Fwp%2Fv2%2Fcategories&post=33844"},{"taxonomy":"post_tag","embeddable":true,"href":"https:\/\/atecordoba.org\/index.php?rest_route=%2Fwp%2Fv2%2Ftags&post=33844"}],"curies":[{"name":"wp","href":"https:\/\/api.w.org\/{rel}","templated":true}]}}