{"id":33837,"date":"2022-09-23T12:18:16","date_gmt":"2022-09-23T15:18:16","guid":{"rendered":"https:\/\/atecordoba.org\/?p=33837"},"modified":"2022-09-23T12:18:19","modified_gmt":"2022-09-23T15:18:19","slug":"avances-en-el-cupo-por-discapacidad-en-la-universidad-nacional","status":"publish","type":"post","link":"https:\/\/atecordoba.org\/?p=33837","title":{"rendered":"Avances en el Cupo por Discapacidad en la Universidad Nacional"},"content":{"rendered":"\n<div class=\"wp-block-image\"><figure class=\"aligncenter size-full\"><img decoding=\"async\" src=\"https:\/\/atecordoba.org\/wp-content\/uploads\/2022\/09\/unrc.png\" alt=\"\" class=\"wp-image-33838\" \/><figcaption>La conducci\u00f3n de la seccional ATE R\u00edo Cuarto con las autoridades de la UNRC.<\/figcaption><\/figure><\/div>\n\n\n\n<p>Ayer el Departamento de Discapacidad de ATE R\u00edo Cuarto fue convocado por las autoridades de la Universidad Nacional R\u00edo Cuarto para informar a nuestra organizaci\u00f3n sobre la apertura de inscripciones para cumplimentar de manera paulatina el Cupo por Discapacidad.<br><br>Franco Orsato titular del espacio explic\u00f3: &#8220;a partir de la nota presentada por ATE, se ha avanzado en esta \u00faltima etapa al homologarse el acuerdo paritario correspondiente al acta del d\u00eda 6 del 2022 de la Comisi\u00f3n T\u00e9cnica Paritaria del sector No Docente. Cabe recalcar que esta apertura de las vacantes para el cupo laboral por discapacidad del 4% se va a hacer en el claustro No Docente&#8221;. Y agreg\u00f3 que es un avance muy importante porque a partir de ahora los plazos son mucho m\u00e1s cercanos tanto como para la apertura de un registro de personas con discapacidad como para la inscripci\u00f3n, an\u00e1lisis y el informe que se eleva a la Secretar\u00eda General.<br><br>Por otra parte, el trabajador de ANDIS resalt\u00f3 que luego de muchos a\u00f1os de espera y de lucha se ha avanzado r\u00e1pidamente. &#8220;Creemos que hemos puesto un granito de arena, peleando y tirando para adelante para que el colectivo de discapacidad pudiera hacer posible y factible concretar una realidad un derecho. El acceso al trabajo que para las personas con discapacidad permite algo que es fundamental y es la autonom\u00eda, el ingreso, la cobertura de una obra social, adem\u00e1s que es el cumplimiento de una norma que est\u00e1 en la Constituci\u00f3n Nacional&#8221;, celebr\u00f3 el dirigente.<br><br>Finalmente, desde el departamento se\u00f1alaron que ATE va a estar informando sobre los plazos de inscripci\u00f3n, los d\u00edas y las fechas y se va colaborar respecto a esto para la accesibilidad a todas aquellas personas que deseen acceder y conocer las caracter\u00edsticas de estos concursos, apertura y requisitos.<br><br>Participaron de la reuni\u00f3n Rafaela Alcoba secretaria general de ATE R\u00edo Cuarto, Roberto Rovere Rector de la Universidad Nacional de R\u00edo Cuarto, Enrique B\u00e9rgamo Secretario General de la casa de altos estudios y el Secretario de Extensi\u00f3n y Desarrollo Pedro Ducanto.\u00a0ATE R\u00edo Cuarto<\/p>\n","protected":false},"excerpt":{"rendered":"<p>Ayer el Departamento de Discapacidad de ATE R\u00edo Cuarto fue convocado por las autoridades de la Universidad Nacional R\u00edo Cuarto para informar a nuestra organizaci\u00f3n sobre la apertura de inscripciones para cumplimentar de manera paulatina el Cupo por Discapacidad. Franco Orsato titular del espacio explic\u00f3: &#8220;a partir de la nota presentada por ATE, se ha [&hellip;]<\/p>\n","protected":false},"author":7,"featured_media":33838,"comment_status":"open","ping_status":"open","sticky":false,"template":"","format":"standard","meta":{"_exactmetrics_skip_tracking":false,"_exactmetrics_sitenote_active":false,"_exactmetrics_sitenote_note":"","_exactmetrics_sitenote_category":0,"jnews-multi-image_gallery":[],"jnews_single_post":{"subtitle":"\"El acceso al trabajo que para las personas con discapacidad permite algo que es fundamental y es la autonom\u00eda, el ingreso, la cobertura de una obra social, adem\u00e1s que es el cumplimiento de una norma que est\u00e1 en la Constituci\u00f3n Nacional\", celebr\u00f3 el director del Departamento de Discapacidad de ATE, Franco Orsato.","format":"standard","video":"","gallery":"","source_name":"","source_url":"","via_name":"","via_url":"","override_template":"0","override":[{"template":"1","single_blog_custom":"","parallax":"1","fullscreen":"1","layout":"right-sidebar","sidebar":"default-sidebar","second_sidebar":"default-sidebar","sticky_sidebar":"1","share_position":"top","share_float_style":"share-monocrhome","show_share_counter":"1","show_view_counter":"1","show_featured":"1","show_post_meta":"1","show_post_author":"1","show_post_author_image":"1","show_post_date":"1","post_date_format":"default","post_date_format_custom":"Y\/m\/d","show_post_category":"1","show_post_reading_time":"0","post_reading_time_wpm":"300","show_zoom_button":"0","zoom_button_out_step":"2","zoom_button_in_step":"3","show_post_tag":"1","show_prev_next_post":"1","show_popup_post":"1","number_popup_post":"1","show_author_box":"0","show_post_related":"0","show_inline_post_related":"0"}],"override_image_size":"0","image_override":[{"single_post_thumbnail_size":"crop-500","single_post_gallery_size":"crop-500"}],"trending_post":"0","trending_post_position":"meta","trending_post_label":"Trending","sponsored_post":"0","sponsored_post_label":"Sponsored by","sponsored_post_name":"","sponsored_post_url":"","sponsored_post_logo_enable":"0","sponsored_post_logo":"","sponsored_post_desc":"","disable_ad":"0"},"jnews_primary_category":{"id":""},"jnews_social_meta":{"fb_title":"","fb_description":"","fb_image":"","twitter_title":"","twitter_description":"","twitter_image":""},"jnews_review":[],"enable_review":"0","type":"percentage","name":"","summary":"","brand":"","sku":"","good":[{"good_text":""}],"bad":[{"bad_text":""}],"score_override":"","override_value":"","rating":[{"rating_text":"","rating_number":"10"}],"price":[{"shop":"","price":"","link":"","icon":""}],"jnews_override_counter":{"override_view_counter":"0","view_counter_number":"0","override_share_counter":"0","share_counter_number":"0","override_like_counter":"0","like_counter_number":"0","override_dislike_counter":"0","dislike_counter_number":"0"},"jnews_post_split":{"enable_post_split":"0","post_split":[{"template":"1","tag":"h2","numbering":"asc","mode":"normal","first":"0","enable_toc":"0","toc_type":"normal"}]},"footnotes":""},"categories":[625,12],"tags":[1228],"class_list":["post-33837","post","type-post","status-publish","format-standard","has-post-thumbnail","hentry","category-discapacidad","category-rio-cuarto","tag-universidad-nacional-rio-cuarto"],"jetpack_featured_media_url":"https:\/\/atecordoba.org\/wp-content\/uploads\/2022\/09\/unrc-e1663946205720.png","_links":{"self":[{"href":"https:\/\/atecordoba.org\/index.php?rest_route=\/wp\/v2\/posts\/33837","targetHints":{"allow":["GET"]}}],"collection":[{"href":"https:\/\/atecordoba.org\/index.php?rest_route=\/wp\/v2\/posts"}],"about":[{"href":"https:\/\/atecordoba.org\/index.php?rest_route=\/wp\/v2\/types\/post"}],"author":[{"embeddable":true,"href":"https:\/\/atecordoba.org\/index.php?rest_route=\/wp\/v2\/users\/7"}],"replies":[{"embeddable":true,"href":"https:\/\/atecordoba.org\/index.php?rest_route=%2Fwp%2Fv2%2Fcomments&post=33837"}],"version-history":[{"count":1,"href":"https:\/\/atecordoba.org\/index.php?rest_route=\/wp\/v2\/posts\/33837\/revisions"}],"predecessor-version":[{"id":33839,"href":"https:\/\/atecordoba.org\/index.php?rest_route=\/wp\/v2\/posts\/33837\/revisions\/33839"}],"wp:featuredmedia":[{"embeddable":true,"href":"https:\/\/atecordoba.org\/index.php?rest_route=\/wp\/v2\/media\/33838"}],"wp:attachment":[{"href":"https:\/\/atecordoba.org\/index.php?rest_route=%2Fwp%2Fv2%2Fmedia&parent=33837"}],"wp:term":[{"taxonomy":"category","embeddable":true,"href":"https:\/\/atecordoba.org\/index.php?rest_route=%2Fwp%2Fv2%2Fcategories&post=33837"},{"taxonomy":"post_tag","embeddable":true,"href":"https:\/\/atecordoba.org\/index.php?rest_route=%2Fwp%2Fv2%2Ftags&post=33837"}],"curies":[{"name":"wp","href":"https:\/\/api.w.org\/{rel}","templated":true}]}}