{"id":3380,"date":"2013-10-04T18:29:58","date_gmt":"2013-10-04T21:29:58","guid":{"rendered":"http:\/\/www.atecordoba.org\/?p=3380"},"modified":"2013-10-04T18:29:58","modified_gmt":"2013-10-04T21:29:58","slug":"la-cta-se-solidarizo-con-la-lucha-contra-monsanto-y-rechazo-las-expresiones-de-la-cgt","status":"publish","type":"post","link":"https:\/\/atecordoba.org\/?p=3380","title":{"rendered":"La CTA se solidariz\u00f3 con la lucha contra Monsanto y rechaz\u00f3 las expresiones de la CGT"},"content":{"rendered":"<p><em>En el Sal\u00f3n Auditorio del Cispren se realiz\u00f3 hoy una conferencia de prensa en la que participaron referentes organizaciones, pol\u00edticas y sindicales que apoyan el bloqueo a la planta de Monsanto en la localidad de Malvinas Argentinas y que participar\u00e1 de la movilizaci\u00f3n provincial contra la instalaci\u00f3n de multinacional, a realizarse el martes 8 de octubre, a las 18.<\/em><\/p>\n<p>(fuente: prensared.org)<\/p>\n<figure id=\"attachment_3381\" aria-describedby=\"caption-attachment-3381\" style=\"width: 480px\" class=\"wp-caption aligncenter\"><a href=\"http:\/\/www.atecordoba.org\/wp-content\/uploads\/2013\/10\/copia-2.png\"><img loading=\"lazy\" decoding=\"async\" class=\" wp-image-3381\" alt=\"copia 2\" src=\"http:\/\/www.atecordoba.org\/wp-content\/uploads\/2013\/10\/copia-2.png\" width=\"480\" height=\"360\" \/><\/a><figcaption id=\"caption-attachment-3381\" class=\"wp-caption-text\">Conferencia de prensa. De izquierda a derecha: Irina Santesteban, Normando Ocampo, Luis B\u00e1rcena, Luis Baronetto, Raul Gomez, Daniel Pawluchuzk y Guido Dreizik<\/figcaption><\/figure>\n<p>En la conferencia de prensa estuvieron presentes el ex Director de Derechos Humanos de la municipalidad de C\u00f3rdoba, Luis Baronetto, el secretario General dela CTA-C\u00f3rdoba\u00a0Capital, Guido Dreizik, la secretaria General de los Trabajadores del Poder Judicial, Irina Santesteban, el secretario Gremial del Cispren, Esteban Liendo, el Secretario de Relaciones Institucionales de\u00a0la CTA-C\u00f3rdoba<b>, Ra\u00fal G\u00f3mez, Luis Barcena, secretario de Interior de ATE C\u00f3rdoba y Daniel Pauluchuzk, secretario de Prensa, junto<\/b>\u00a0y a Normando \u201cel Piojo Ocampo, secretario general de ATE La Rioja e integrante de la Asamblea\u00a0el Famatina No se toca.<\/p>\n<p>En primer t\u00e9rmino, Esteban Liendo agradeci\u00f3 la presencia de las organizaciones en la conferencia de prensa y sobre el tema de la convocatoria, record\u00f3 que el fin de semana pasado, en el 30\u00ba Congreso de Trabajadores de Prensa de\u00a0La Carlota, el despacho de\u00a0la Comisi\u00f3n\u00a0de Acci\u00f3n Pol\u00edtico-Gremial apoy\u00f3 la lucha contra la radicaci\u00f3n de Monsanto.<\/p>\n<p><a href=\"http:\/\/www.atecordoba.org\/wp-content\/uploads\/2013\/10\/copia-3.png\"><img loading=\"lazy\" decoding=\"async\" class=\" wp-image-3382 alignleft\" alt=\"copia 3\" src=\"http:\/\/www.atecordoba.org\/wp-content\/uploads\/2013\/10\/copia-3.png\" width=\"480\" height=\"360\" \/><\/a>\u201cEl Cispren participa activamente en esta lucha por desalojar a la multinacional de Malvinas Argentinas, como lo hacen muchas otras organizaciones porque ac\u00e1 lo que est\u00e1 en juego es la vida de las personas. En ese sentido, lo que a m\u00ed me llama la atenci\u00f3n es que al lado de Monsanto hay una escuela, con todo lo que ello significa, y de eso no habla mucha gente y menos algunos los gremios, que ponen de escudo a los trabajadores para no debatir el tema de fondo\u201d.<\/p>\n<p>Por su parte, Luis Baronetto asegur\u00f3 que \u201ccuando est\u00e1 afectada la vida, se afecta el principal derecho humano porque si no hay vida no hay derechos. Y son muchos los estudios que hay de c\u00f3mo est\u00e1 la vida afectada, incluso desde el seno materno, con casos de abortos, y ac\u00e1 debieran estar todos aquellos que dicen que defienden la vida, pero que est\u00e1n contra el aborto\u201d<\/p>\n<p>\u201cMonsanto afecta la vida de personas que no tienen herramientas para defenderse por si solas y que por lo tanto son las personas que mas necesitan de la protecci\u00f3n del conjunto de la sociedad, no solo del Estado, sino tambi\u00e9n de la las organizaciones, por eso es grav\u00edsimo que haya gremios que asuman esta responsabilidad para defender sus propios intereses\u201d, enfatiz\u00f3.<\/p>\n<p>En ese sentido, plante\u00f3 que se deben articular acciones \u201cpara que los derechos de la gente de Malvinas Argentinas est\u00e9n garantizados, empezando por el derecho a la vida porque reitero si no hay vida no hay libertad, entonces mal vamos a defender el trabajo, si primero no empezamos defendiendo la vida y por eso debemos luchar para que por el bien de todos, Monsanto no se instale en Malvinas Argentinas\u201d.<a href=\"http:\/\/www.atecordoba.org\/wp-content\/uploads\/2013\/10\/copia-5.png\"><img loading=\"lazy\" decoding=\"async\" class=\" wp-image-3383 alignright\" alt=\"copia 5\" src=\"http:\/\/www.atecordoba.org\/wp-content\/uploads\/2013\/10\/copia-5.png\" width=\"360\" height=\"480\" \/><\/a><\/p>\n<p>A su turno, Irina Santesteban manifest\u00f3 que \u201clos trabajadores judiciales siempre hemos tenido un compromiso con las cuestiones ambientales, como lo hicimos el a\u00f1o pasado apoyando el juicio contra las fumigaciones y contaminaci\u00f3n en barrio Ituzaingo, y tambi\u00e9n hicimos p\u00fablica nuestra posici\u00f3n contra la radicaci\u00f3n de Monsanto en la provincia de C\u00f3rdoba\u201d.<\/p>\n<p>\u201cNosotros repudiamos el fallo del Tribunal Superior de Justicia de abril pasado que autoriz\u00f3 a Monsanto a continuar con las obras, lo cual demuestra una vez m\u00e1s que el TSJ es funcional al Poder Ejecutivo, que habla de independencia cuando le conviene, y en este caso adem\u00e1s hay una connivencia entre los gobiernos provincial y nacional con Monsanto, una multinacional cuestionada en todo el mundo\u201d.<\/p>\n<p>Consider\u00f3 como \u201cmuy grave\u201d la actitud de\u00a0la CGT\u00a0de C\u00f3rdoba \u201cporque est\u00e1 bien que defienda la fuente de trabajo, pero as\u00ed debiera hacerlo en todos los casos, y no es as\u00ed porque en la empresa automotriz Wolskwagen hubo despidos, y no actu\u00f3 de la misma manera, y por otra parte ahora avala, de alguna manera, en el caso Monsanto el fallo del Tribunal Superior de Justicia, hecho a la medida del gobierno y de la empresa\u201d.<\/p>\n<p>&nbsp;<\/p>\n<p><b>Posici\u00f3n de ATE<\/b><b><\/b><\/p>\n<p>Al referirse al tema de la convocatoria a la prensa, Luis Barcena expres\u00f3 que \u201cac\u00e1 en C\u00f3rdoba como en ning\u00fan lugar del pa\u00eds hace falta la semilla transg\u00e9nica de Monsanto porque basta tirar una semilla para que crezca sin necesidad de tratamientos especiales\u201d.<\/p>\n<p>Denunci\u00f3 que \u201cMonsanto y el gobierno enga\u00f1an a la gente porque no todos los que viven en Malvinas Argentinas van a trabajar en la multinacional, y en este caso tambi\u00e9n es c\u00f3mplice el secretario General de\u00a0la CGT, Jos\u00e9 Pihen porque se preocupa por 170 trabajadores, pero mira para otro lado en otros casos\u201d.<\/p>\n<p>\u201cPihen, que adem\u00e1s es legislador de Uni\u00f3n por C\u00f3rdoba y vocero del gobierno, deber\u00eda preocuparse por los miles trabajadores estatales precarizados en toda la provincia y por la cr\u00edtica situaci\u00f3n del sistema de salud, con hospitales y dispensarios donde faltan empleados e insumos para atender como corresponde a la gente\u201d.<\/p>\n<p>El secretario General de CTA\u00a0La Rioja\u00a0\u2013 Regi\u00f3n Oeste y de ATE de esa Provincia,\u00a0Normando \u201cPiojo\u201d Ocampo\u00a0manifest\u00f3 su total apoyo a la lucha contra la radicaci\u00f3n de Monsanto.<\/p>\n<p>\u201cNo hay que bajar los brazos como no lo hicimos nosotros en Famatina, y as\u00ed despu\u00e9s de siete a\u00f1os de lucha, le terminamos ganando la guerra, primero a\u00a0la Barrick\u00a0Gold\u00a0y despu\u00e9s Osisko, pero para eso todos deben estar unidos y dejar los intereses particulares de lado.\u201d<\/p>\n<p style=\"text-align: center;\"><a href=\"http:\/\/www.atecordoba.org\/wp-content\/uploads\/2013\/10\/copia-7.png\"><img loading=\"lazy\" decoding=\"async\" class=\"aligncenter  wp-image-3384\" alt=\"copia 7\" src=\"http:\/\/www.atecordoba.org\/wp-content\/uploads\/2013\/10\/copia-7.png\" width=\"480\" height=\"360\" \/><\/a><\/p>\n<p>\u201cLa solidaridad tambi\u00e9n es fundamental en estos casos porque nosotros para ganar esa guerra de la que les hablo tuvimos el apoyo de todo el pa\u00eds, no crean que el pueblo de Famatina (5 mil habitantes) fue el que gan\u00f3 esa guerra, sino que fue por la suma de voluntades de toda la ciudadan\u00eda que se comprometi\u00f3 con la causa\u201d.<\/p>\n<p>Por \u00faltimo, Daniel Pawluchuzk analiz\u00f3 la situaci\u00f3n actual del sistema sanitario provincial, a la luz de los conflictos que ATE viene llevando adelante. \u201cFaltan trabajadores, enfermeros. Y los que hay est\u00e1n precarizados. Est\u00e1n esclavizados legalmente. No hay estabilidad laboral. El 70% de los que trabajan en hospitales municipales no est\u00e1n registrados\u201d.<\/p>\n<p>En ese sentido, el dirigente sentenci\u00f3 que \u201cPihen es c\u00f3mplice de \u00e9sta situaci\u00f3n en materia de salud p\u00fablica\u201d. \u201cNo existe la salud p\u00fablica en el Interior\u201d, dijo. \u201cNo hay aparatolog\u00eda. Los hospitales de all\u00ed funcionan como dispensarios para que los pacientes sean trasladados a otro lugar. Y todo esto deriva al negocio de la salud privada\u201d.<\/p>\n<p>Finalmente, Pawluchuzk declar\u00f3 que el l\u00edder de la CGT C\u00f3rdoba es \u201cvocero de prensa del Gobierno. Debemos combatirlo y hacer tomar conciencia a los trabajadores\u201d, en momentos que los empleados de salud realizan asambleas para tomar pr\u00f3ximas medidas de fuerza.<\/p>\n<p>&nbsp;<\/p>\n<p>&nbsp;<\/p>\n","protected":false},"excerpt":{"rendered":"<p>En el Sal\u00f3n Auditorio del Cispren se realiz\u00f3 hoy una conferencia de prensa en la que participaron referentes organizaciones, pol\u00edticas y sindicales que apoyan el bloqueo a la planta de Monsanto en la localidad de Malvinas Argentinas y que participar\u00e1 de la movilizaci\u00f3n provincial contra la instalaci\u00f3n de multinacional, a realizarse el martes 8 de [&hellip;]<\/p>\n","protected":false},"author":1,"featured_media":19220,"comment_status":"open","ping_status":"open","sticky":false,"template":"","format":"standard","meta":{"_exactmetrics_skip_tracking":false,"_exactmetrics_sitenote_active":false,"_exactmetrics_sitenote_note":"","_exactmetrics_sitenote_category":0,"jnews-multi-image_gallery":[],"jnews_single_post":[],"jnews_primary_category":[],"jnews_social_meta":[],"jnews_review":[],"enable_review":"","type":"","name":"","summary":"","brand":"","sku":"","good":[],"bad":[],"score_override":"","override_value":"","rating":[],"price":[],"jnews_override_counter":[],"jnews_post_split":[],"footnotes":""},"categories":[92],"tags":[],"class_list":["post-3380","post","type-post","status-publish","format-standard","has-post-thumbnail","hentry","category-cta"],"jetpack_featured_media_url":"https:\/\/atecordoba.org\/wp-content\/uploads\/2020\/05\/logo-nuevochico-e1561581322808.png","_links":{"self":[{"href":"https:\/\/atecordoba.org\/index.php?rest_route=\/wp\/v2\/posts\/3380","targetHints":{"allow":["GET"]}}],"collection":[{"href":"https:\/\/atecordoba.org\/index.php?rest_route=\/wp\/v2\/posts"}],"about":[{"href":"https:\/\/atecordoba.org\/index.php?rest_route=\/wp\/v2\/types\/post"}],"author":[{"embeddable":true,"href":"https:\/\/atecordoba.org\/index.php?rest_route=\/wp\/v2\/users\/1"}],"replies":[{"embeddable":true,"href":"https:\/\/atecordoba.org\/index.php?rest_route=%2Fwp%2Fv2%2Fcomments&post=3380"}],"version-history":[{"count":0,"href":"https:\/\/atecordoba.org\/index.php?rest_route=\/wp\/v2\/posts\/3380\/revisions"}],"wp:featuredmedia":[{"embeddable":true,"href":"https:\/\/atecordoba.org\/index.php?rest_route=\/wp\/v2\/media\/19220"}],"wp:attachment":[{"href":"https:\/\/atecordoba.org\/index.php?rest_route=%2Fwp%2Fv2%2Fmedia&parent=3380"}],"wp:term":[{"taxonomy":"category","embeddable":true,"href":"https:\/\/atecordoba.org\/index.php?rest_route=%2Fwp%2Fv2%2Fcategories&post=3380"},{"taxonomy":"post_tag","embeddable":true,"href":"https:\/\/atecordoba.org\/index.php?rest_route=%2Fwp%2Fv2%2Ftags&post=3380"}],"curies":[{"name":"wp","href":"https:\/\/api.w.org\/{rel}","templated":true}]}}