{"id":33789,"date":"2022-09-22T11:23:19","date_gmt":"2022-09-22T14:23:19","guid":{"rendered":"https:\/\/atecordoba.org\/?p=33789"},"modified":"2022-09-22T12:54:18","modified_gmt":"2022-09-22T15:54:18","slug":"paro-nacional-giuliani-destaco-que-la-huelga-sera-activa-y-enlazada-con-la-agenda-de-los-movimientos-sociales","status":"publish","type":"post","link":"https:\/\/atecordoba.org\/?p=33789","title":{"rendered":"Paro nacional: Giuliani destac\u00f3 que la huelga \u201cser\u00e1 activa y enlazada con la agenda de los movimientos sociales\u201d"},"content":{"rendered":"\n<div class=\"wp-block-image\"><figure class=\"aligncenter size-large is-resized\"><img loading=\"lazy\" decoding=\"async\" src=\"https:\/\/atecordoba.org\/wp-content\/uploads\/2022\/09\/palco-1-1024x684.jpg\" alt=\"\" class=\"wp-image-33802\" width=\"768\" height=\"513\" srcset=\"https:\/\/atecordoba.org\/wp-content\/uploads\/2022\/09\/palco-1-1024x684.jpg 1024w, https:\/\/atecordoba.org\/wp-content\/uploads\/2022\/09\/palco-1-300x200.jpg 300w, https:\/\/atecordoba.org\/wp-content\/uploads\/2022\/09\/palco-1-768x513.jpg 768w, https:\/\/atecordoba.org\/wp-content\/uploads\/2022\/09\/palco-1-1536x1025.jpg 1536w, https:\/\/atecordoba.org\/wp-content\/uploads\/2022\/09\/palco-1-750x501.jpg 750w, https:\/\/atecordoba.org\/wp-content\/uploads\/2022\/09\/palco-1-1140x761.jpg 1140w, https:\/\/atecordoba.org\/wp-content\/uploads\/2022\/09\/palco-1.jpg 2048w\" sizes=\"auto, (max-width: 768px) 100vw, 768px\" \/><\/figure><\/div>\n\n\n\n<p>El lunes pasado la conducci\u00f3n nacional de ATE resolvi\u00f3 llevar a cabo un paro nacional activo con movilizaciones el pr\u00f3ximo 27 de septiembre, a causa de &#8220;la situaci\u00f3n de la paritaria anual y la falta de respuesta por parte del Gobierno ante el reiterado pedido del adelantamiento de la revisi\u00f3n paritaria para el mes de septiembre&#8221;, seg\u00fan preciso en Consejo Directivo Nacional, en una reuni\u00f3n que cont\u00f3 con la presencia de los secretarios Generales de las provincias y estuvo encabezada por el secretario General de ATE, Hugo Godoy.&nbsp; <\/p>\n\n\n\n<p>En ese marco, el secretario General de ATE C\u00f3rdoba Federico Giuliani resumi\u00f3 los principales puntos incluidos en el pliego de reivindicaciones de las y los estatales. &#8220;No solo por las diferentes problem\u00e1ticas que estamos sufriendo los laburantes en los estados nacional, provincial y municipal, sino porque hay muchos conflictos a nivel provincial&#8221;, resumi\u00f3 Giuliani en una entrevista que dio al programa radial Entre Todos y Todas, que la Secretar\u00eda de Prensa de ATE C\u00f3rdoba emite cada martes de 18 a 20 horas por GEN FM 107.5.<\/p>\n\n\n\n<p>El dirigente remarc\u00f3 que &#8220;la idea es unificar en un mismo pu\u00f1o, el mismo d\u00eda, la misma vez, muchas acciones en conjunto y darle visibilidad a la problem\u00e1tica territorial. Este es un planteo que venimos haciendo hace mucho tiempo y por diferentes motivos la conducci\u00f3n nacional decidi\u00f3 que la fecha sea esta. Nosotros avalamos, bancamos y el paro va a ser activo con movilizaci\u00f3n el pr\u00f3ximo 27 de septiembre con impacto en la Naci\u00f3n, Provincia y municipios&#8221;.<\/p>\n\n\n\n<div class=\"wp-block-image\"><figure class=\"alignright size-large is-resized\"><img loading=\"lazy\" decoding=\"async\" src=\"https:\/\/atecordoba.org\/wp-content\/uploads\/2022\/09\/WhatsApp-Image-2022-09-22-at-11.24.26-888x1024.jpeg\" alt=\"\" class=\"wp-image-33796\" width=\"444\" height=\"512\" srcset=\"https:\/\/atecordoba.org\/wp-content\/uploads\/2022\/09\/WhatsApp-Image-2022-09-22-at-11.24.26-888x1024.jpeg 888w, https:\/\/atecordoba.org\/wp-content\/uploads\/2022\/09\/WhatsApp-Image-2022-09-22-at-11.24.26-260x300.jpeg 260w, https:\/\/atecordoba.org\/wp-content\/uploads\/2022\/09\/WhatsApp-Image-2022-09-22-at-11.24.26-768x885.jpeg 768w, https:\/\/atecordoba.org\/wp-content\/uploads\/2022\/09\/WhatsApp-Image-2022-09-22-at-11.24.26-750x865.jpeg 750w, https:\/\/atecordoba.org\/wp-content\/uploads\/2022\/09\/WhatsApp-Image-2022-09-22-at-11.24.26.jpeg 1080w\" sizes=\"auto, (max-width: 444px) 100vw, 444px\" \/><\/figure><\/div>\n\n\n\n<p>&#8211;<strong>Hay muchos motivos, a la agenda de los estatales de precarizaci\u00f3n, baj\u00edsmos salarios y condiciones de trabajo, se suma una situaci\u00f3n social relacionada con lo ambiental y la desocupaci\u00f3n, entre otros temas.<\/strong><\/p>\n\n\n\n<p>Federico Giuliani: El acuerdo con el FMI se aplica a nivel nacional impacta en las provincias a trav\u00e9s de las pol\u00edticas que despliegan sus gobernadores y las de los intendentes en los municipios. En ese contexto, el paro esta directamente fundado en la situaci\u00f3n salarial que se vive nuestra masa de afiliados, la mayor\u00eda trabaja para ser pobre por lo cual necesitamos en primer lugar levantar el salario m\u00ednimo, vital y m\u00f3vil, y desde ah\u00ed poder empezar a construir un piso de dignidad. Hoy para no ser pobres hay que ganar 119 mil pesos en Argentina. <\/p>\n\n\n\n<p>Pero despu\u00e9s est\u00e1 el pase a planta permanente, no sabemos que va a pasar el a\u00f1o que que viene, si nos van a dejar a merced del neoliberalismo para que nos eche a la calle como cuando pas\u00f3 en el macrismo, por lo cual necesitamos el gesto para que la reapertura paritaria se concrete no solo por el salario sino por el pase a planta permanente.<\/p>\n\n\n\n<p>Y despu\u00e9s, lo ligado a las pol\u00edticas del macrismo como la reincorporaci\u00f3n de los despedidos del 2016, 2017, 2018, centralmente en la Secretaria de Agricultura Familiar, en Fadea. <\/p>\n\n\n\n<p>Motivos sobran desde lo gremial y desde lo social tambi\u00e9n: el hambre, el control de la inflaci\u00f3n con un acumulado en lo que va del 2022 de 56.4% no hay aumento que alcance. Por lo cual claramente hay que ponerle nombre y apellido a los formadores de precios pero tambi\u00e9n hay que decir que el gobierno nacional no tiene una pol\u00edtica o actitud concreta para controlar. Hay una ausencia total del Estado para llevar adelante pr\u00e1cticas de control que permitan controlar los precios que pulverizan cualquier tipo de aumento.<\/p>\n\n\n\n<p><strong>Estamos a una semana de ese paro nacional, como ser\u00e1 la movilizaci\u00f3n.<\/strong><\/p>\n\n\n\n<p>F.G.: Lo vamos a discutir porque se resolvi\u00f3 ayer. Lo importante es que no vamos a hacer un paro dominguero, que va a ser activo, seguramente en la calle como nos caracteriza en C\u00f3rdoba, pero no definimos aun la modalidad, por lo cual m\u00e1s cerca del fin de semana tendremos la novedad. Va a ser con mucho ruido y enlaz\u00e1ndola con las reivindicaciones de las organizaciones sociales de la CTAA pero tambi\u00e9n de otras que son del campo popular como son las de los movimientos piqueteros.<\/p>\n\n\n\n<p><\/p>\n","protected":false},"excerpt":{"rendered":"<p>El lunes pasado la conducci\u00f3n nacional de ATE resolvi\u00f3 llevar a cabo un paro nacional activo con movilizaciones el pr\u00f3ximo 27 de septiembre, a causa de &#8220;la situaci\u00f3n de la paritaria anual y la falta de respuesta por parte del Gobierno ante el reiterado pedido del adelantamiento de la revisi\u00f3n paritaria para el mes de [&hellip;]<\/p>\n","protected":false},"author":7,"featured_media":33790,"comment_status":"open","ping_status":"open","sticky":false,"template":"","format":"standard","meta":{"_exactmetrics_skip_tracking":false,"_exactmetrics_sitenote_active":false,"_exactmetrics_sitenote_note":"","_exactmetrics_sitenote_category":0,"jnews-multi-image_gallery":[],"jnews_single_post":{"subtitle":"El secretario General de ATE explic\u00f3 que el paro nacional del 27 septiembre est\u00e1 motivado directamente por \"la situaci\u00f3n salarial que se vive nuestra masa de afiliados. La mayor\u00eda trabaja para ser pobre por lo cual necesitamos en primer lugar levantar el salario m\u00ednimo, vital y m\u00f3vil, y desde ah\u00ed poder empezar a construir un piso de dignidad. Hoy para no ser pobres hay que ganar 119 mil pesos en Argentina\". ","format":"standard","video":"","gallery":"","source_name":"","source_url":"","via_name":"","via_url":"","override_template":"0","override":[{"template":"1","single_blog_custom":"","parallax":"1","fullscreen":"1","layout":"right-sidebar","sidebar":"default-sidebar","second_sidebar":"default-sidebar","sticky_sidebar":"1","share_position":"top","share_float_style":"share-monocrhome","show_share_counter":"1","show_view_counter":"1","show_featured":"1","show_post_meta":"1","show_post_author":"1","show_post_author_image":"1","show_post_date":"1","post_date_format":"default","post_date_format_custom":"Y\/m\/d","show_post_category":"1","show_post_reading_time":"0","post_reading_time_wpm":"300","show_zoom_button":"0","zoom_button_out_step":"2","zoom_button_in_step":"3","show_post_tag":"1","show_prev_next_post":"1","show_popup_post":"1","number_popup_post":"1","show_author_box":"0","show_post_related":"0","show_inline_post_related":"0"}],"override_image_size":"0","image_override":[{"single_post_thumbnail_size":"crop-500","single_post_gallery_size":"crop-500"}],"trending_post":"0","trending_post_position":"meta","trending_post_label":"Trending","sponsored_post":"0","sponsored_post_label":"Sponsored by","sponsored_post_name":"","sponsored_post_url":"","sponsored_post_logo_enable":"0","sponsored_post_logo":"","sponsored_post_desc":"","disable_ad":"0"},"jnews_primary_category":{"id":""},"jnews_social_meta":{"fb_title":"","fb_description":"","fb_image":"","twitter_title":"","twitter_description":"","twitter_image":""},"jnews_review":[],"enable_review":"0","type":"percentage","name":"","summary":"","brand":"","sku":"","good":[{"good_text":""}],"bad":[{"bad_text":""}],"score_override":"","override_value":"","rating":[{"rating_text":"","rating_number":"10"}],"price":[{"shop":"","price":"","link":"","icon":""}],"jnews_override_counter":{"override_view_counter":"0","view_counter_number":"0","override_share_counter":"0","share_counter_number":"0","override_like_counter":"0","like_counter_number":"0","override_dislike_counter":"0","dislike_counter_number":"0"},"jnews_post_split":{"enable_post_split":"0","post_split":[{"template":"1","tag":"h2","numbering":"asc","mode":"normal","first":"0","enable_toc":"0","toc_type":"normal"}]},"footnotes":""},"categories":[341,346],"tags":[1160,568,595],"class_list":["post-33789","post","type-post","status-publish","format-standard","has-post-thumbnail","hentry","category-cdp","category-prensa-y-comunicacion","tag-cordoba-2","tag-paro-estatales","tag-paro-nacional"],"jetpack_featured_media_url":"https:\/\/atecordoba.org\/wp-content\/uploads\/2022\/09\/palco-e1663856463230.jpg","_links":{"self":[{"href":"https:\/\/atecordoba.org\/index.php?rest_route=\/wp\/v2\/posts\/33789","targetHints":{"allow":["GET"]}}],"collection":[{"href":"https:\/\/atecordoba.org\/index.php?rest_route=\/wp\/v2\/posts"}],"about":[{"href":"https:\/\/atecordoba.org\/index.php?rest_route=\/wp\/v2\/types\/post"}],"author":[{"embeddable":true,"href":"https:\/\/atecordoba.org\/index.php?rest_route=\/wp\/v2\/users\/7"}],"replies":[{"embeddable":true,"href":"https:\/\/atecordoba.org\/index.php?rest_route=%2Fwp%2Fv2%2Fcomments&post=33789"}],"version-history":[{"count":6,"href":"https:\/\/atecordoba.org\/index.php?rest_route=\/wp\/v2\/posts\/33789\/revisions"}],"predecessor-version":[{"id":33804,"href":"https:\/\/atecordoba.org\/index.php?rest_route=\/wp\/v2\/posts\/33789\/revisions\/33804"}],"wp:featuredmedia":[{"embeddable":true,"href":"https:\/\/atecordoba.org\/index.php?rest_route=\/wp\/v2\/media\/33790"}],"wp:attachment":[{"href":"https:\/\/atecordoba.org\/index.php?rest_route=%2Fwp%2Fv2%2Fmedia&parent=33789"}],"wp:term":[{"taxonomy":"category","embeddable":true,"href":"https:\/\/atecordoba.org\/index.php?rest_route=%2Fwp%2Fv2%2Fcategories&post=33789"},{"taxonomy":"post_tag","embeddable":true,"href":"https:\/\/atecordoba.org\/index.php?rest_route=%2Fwp%2Fv2%2Ftags&post=33789"}],"curies":[{"name":"wp","href":"https:\/\/api.w.org\/{rel}","templated":true}]}}