{"id":33784,"date":"2022-09-21T13:41:12","date_gmt":"2022-09-21T16:41:12","guid":{"rendered":"https:\/\/atecordoba.org\/?p=33784"},"modified":"2022-09-21T13:41:13","modified_gmt":"2022-09-21T16:41:13","slug":"manana-se-vota-delegado-de-ate-en-radio-nacional-cordoba","status":"publish","type":"post","link":"https:\/\/atecordoba.org\/?p=33784","title":{"rendered":"Ma\u00f1ana se vota delegado de ATE en Radio Nacional C\u00f3rdoba"},"content":{"rendered":"\n<figure class=\"wp-block-image size-large\"><img loading=\"lazy\" decoding=\"async\" width=\"1024\" height=\"284\" src=\"https:\/\/atecordoba.org\/wp-content\/uploads\/2022\/09\/gonzalopuig-1-1024x284.jpeg\" alt=\"\" class=\"wp-image-33787\" srcset=\"https:\/\/atecordoba.org\/wp-content\/uploads\/2022\/09\/gonzalopuig-1-1024x284.jpeg 1024w, https:\/\/atecordoba.org\/wp-content\/uploads\/2022\/09\/gonzalopuig-1-300x83.jpeg 300w, https:\/\/atecordoba.org\/wp-content\/uploads\/2022\/09\/gonzalopuig-1-768x213.jpeg 768w, https:\/\/atecordoba.org\/wp-content\/uploads\/2022\/09\/gonzalopuig-1-750x208.jpeg 750w, https:\/\/atecordoba.org\/wp-content\/uploads\/2022\/09\/gonzalopuig-1-1140x316.jpeg 1140w, https:\/\/atecordoba.org\/wp-content\/uploads\/2022\/09\/gonzalopuig-1.jpeg 1264w\" sizes=\"auto, (max-width: 1024px) 100vw, 1024px\" \/><\/figure>\n\n\n\n<p>Un nuevo sector nacional se incorpora a ATE C\u00f3rdoba. Las y los trabajadores de Radio Nacional C\u00f3rdoba eligen ma\u00f1ana a su delegado sectorial. El compa\u00f1ero Gonzalo Puig es el candidato dispuesto para estas primeras elecciones de ATE en la radio de Santa Rosa y General Paz donde est\u00e1n habilitados a votar 56 trabajadores y trabajadoras.<\/p>\n\n\n\n<p>Puig ya fue presentado como delegado normalizador ante las autoridades de la radio y representa la demanda las y los compa\u00f1eros por contar con gremio que tenga un papel activo ante la necesidades que viene planteando el colectivo y tras dos a\u00f1os de una gesti\u00f3n, recientemente reemplazada que tuvo el repudio generalizado, sin encontrar las respuestas sindicales adecuadas. <\/p>\n\n\n\n<p>Entrevistado por el programa radial Entre Todos y Todas, que la Secretaria de Prensa de ATE C\u00f3rdoba emite cada martes de 18 a 20 en GEN FM 107.5, Puig explic\u00f3 que &#8220;ATE est\u00e1 Radio Nacional 2018, atento que los sindicatos de prensa no estaban pudiendo representar acabadamente y hubo mucha desilusi\u00f3n. Empez\u00f3 en Buenos Aires y el a\u00f1o pasado, como est\u00e1bamos en la misma, resolvimos afiliarnos en ATE C\u00f3rdoba. Mantuvimos reuniones con Federico Giuliani y C\u00e9sar Teaux para avanzar en este v\u00ednculo, no pod\u00edamos esperar que vinieran los compa\u00f1eros de Buenos Aires vengan cuando los necesitamos&#8221;.<\/p>\n\n\n\n<p>Y agreg\u00f3: &#8220;tambi\u00e9n es cierto que se vienen tiempos jodidos y le estamos ofreciendo al colectivo de Radio Nacional C\u00f3rdoba una opci\u00f3n m\u00e1s entre las alternativas sindicales en nuestro sector. Tenemos muy buena relaci\u00f3n con los delegados de otras organizaciones, compartimos mucho, pero entendimos que no est\u00e1bamos representados en las opciones que hay y nos parec\u00eda que plantar ATE en nuestra radio es una forma tambi\u00e9n de romper con la idea que los periodistas somos demasiados corporativos. Poder romper ese cascar\u00f3n, para entender que somos trabajadores del Estado, y nos define identitariamente compartir con otros trabajadores en las calles. Eso tambi\u00e9n nos marca como estatales.<\/p>\n\n\n\n<p><strong>\u00bfComo est\u00e1n dadas las condiciones laborales en la radio ahora?<\/strong><\/p>\n\n\n\n<p>Gonzalo Puig: somo 56 laburantes, t\u00e9cnicos, administrativos y periodistas. La mayor\u00eda de planta permanente pero con una parte importante contratados, con ingresos por debajo de los 50 mil pesos. Tenemos una paritaria sectorial que se firm\u00f3 a la baja en mayo pasado pero que aun est\u00e1 abierta y habr\u00e1n reuniones en la primera semana de octubre. \u00a0<\/p>\n\n\n\n<p><strong>En ese marco \u00bfQue expectativas hay de cara al futuro?<\/strong><\/p>\n\n\n\n<p>Somos un colectivo que sufri\u00f3 much\u00edsimo la cuesti\u00f3n de la presi\u00f3n de afuera hacia adentro durante los cuatro a\u00f1os de macrismo. Adem\u00e1s los dos primeros a\u00f1os de la gesti\u00f3n de Alberto Fern\u00e1ndez en C\u00f3rdoba sufrimos esa presi\u00f3n de adentro hacia afuera con una gesti\u00f3n irregular, que gener\u00f3 una colectivo totalmente roto y desunido, donde evidentemente el acompa\u00f1amiento sindical no fue el mejor. Por eso nos cargamos al hombro armar una mesa intersindical con los delegados que hay en C\u00f3rdoba y la vamos a fortalecer con la presencia institucional de ATE.<\/p>\n","protected":false},"excerpt":{"rendered":"<p>Un nuevo sector nacional se incorpora a ATE C\u00f3rdoba. Las y los trabajadores de Radio Nacional C\u00f3rdoba eligen ma\u00f1ana a su delegado sectorial. El compa\u00f1ero Gonzalo Puig es el candidato dispuesto para estas primeras elecciones de ATE en la radio de Santa Rosa y General Paz donde est\u00e1n habilitados a votar 56 trabajadores y trabajadoras. [&hellip;]<\/p>\n","protected":false},"author":7,"featured_media":33787,"comment_status":"open","ping_status":"open","sticky":false,"template":"","format":"standard","meta":{"_exactmetrics_skip_tracking":false,"_exactmetrics_sitenote_active":false,"_exactmetrics_sitenote_note":"","_exactmetrics_sitenote_category":0,"jnews-multi-image_gallery":[],"jnews_single_post":{"subtitle":"Se trata de 56 trabajadores y trabajadoras, t\u00e9cnicos, administrativos y periodistas. La mayor\u00eda de planta permanente pero con una parte importante contratados, con ingresos por debajo de los 50 mil pesos. ","format":"standard","video":"","gallery":"","source_name":"","source_url":"","via_name":"","via_url":"","override_template":"0","override":[{"template":"1","single_blog_custom":"","parallax":"1","fullscreen":"1","layout":"right-sidebar","sidebar":"default-sidebar","second_sidebar":"default-sidebar","sticky_sidebar":"1","share_position":"top","share_float_style":"share-monocrhome","show_share_counter":"1","show_view_counter":"1","show_featured":"1","show_post_meta":"1","show_post_author":"1","show_post_author_image":"1","show_post_date":"1","post_date_format":"default","post_date_format_custom":"Y\/m\/d","show_post_category":"1","show_post_reading_time":"0","post_reading_time_wpm":"300","show_zoom_button":"0","zoom_button_out_step":"2","zoom_button_in_step":"3","show_post_tag":"1","show_prev_next_post":"1","show_popup_post":"1","number_popup_post":"1","show_author_box":"0","show_post_related":"0","show_inline_post_related":"0"}],"override_image_size":"0","image_override":[{"single_post_thumbnail_size":"crop-500","single_post_gallery_size":"crop-500"}],"trending_post":"0","trending_post_position":"meta","trending_post_label":"Trending","sponsored_post":"0","sponsored_post_label":"Sponsored by","sponsored_post_name":"","sponsored_post_url":"","sponsored_post_logo_enable":"0","sponsored_post_logo":"","sponsored_post_desc":"","disable_ad":"0"},"jnews_primary_category":{"id":""},"jnews_social_meta":{"fb_title":"","fb_description":"","fb_image":"","twitter_title":"","twitter_description":"","twitter_image":""},"jnews_review":[],"enable_review":"0","type":"percentage","name":"","summary":"","brand":"","sku":"","good":[{"good_text":""}],"bad":[{"bad_text":""}],"score_override":"","override_value":"","rating":[{"rating_text":"","rating_number":"10"}],"price":[{"shop":"","price":"","link":"","icon":""}],"jnews_override_counter":{"override_view_counter":"0","view_counter_number":"0","override_share_counter":"0","share_counter_number":"0","override_like_counter":"0","like_counter_number":"0","override_dislike_counter":"0","dislike_counter_number":"0"},"jnews_post_split":{"enable_post_split":"0","post_split":[{"template":"1","tag":"h2","numbering":"asc","mode":"normal","first":"0","enable_toc":"0","toc_type":"normal"}]},"footnotes":""},"categories":[18],"tags":[1197],"class_list":["post-33784","post","type-post","status-publish","format-standard","has-post-thumbnail","hentry","category-nacionales","tag-radio-nacional-cordoba"],"jetpack_featured_media_url":"https:\/\/atecordoba.org\/wp-content\/uploads\/2022\/09\/gonzalopuig-1.jpeg","_links":{"self":[{"href":"https:\/\/atecordoba.org\/index.php?rest_route=\/wp\/v2\/posts\/33784","targetHints":{"allow":["GET"]}}],"collection":[{"href":"https:\/\/atecordoba.org\/index.php?rest_route=\/wp\/v2\/posts"}],"about":[{"href":"https:\/\/atecordoba.org\/index.php?rest_route=\/wp\/v2\/types\/post"}],"author":[{"embeddable":true,"href":"https:\/\/atecordoba.org\/index.php?rest_route=\/wp\/v2\/users\/7"}],"replies":[{"embeddable":true,"href":"https:\/\/atecordoba.org\/index.php?rest_route=%2Fwp%2Fv2%2Fcomments&post=33784"}],"version-history":[{"count":1,"href":"https:\/\/atecordoba.org\/index.php?rest_route=\/wp\/v2\/posts\/33784\/revisions"}],"predecessor-version":[{"id":33788,"href":"https:\/\/atecordoba.org\/index.php?rest_route=\/wp\/v2\/posts\/33784\/revisions\/33788"}],"wp:featuredmedia":[{"embeddable":true,"href":"https:\/\/atecordoba.org\/index.php?rest_route=\/wp\/v2\/media\/33787"}],"wp:attachment":[{"href":"https:\/\/atecordoba.org\/index.php?rest_route=%2Fwp%2Fv2%2Fmedia&parent=33784"}],"wp:term":[{"taxonomy":"category","embeddable":true,"href":"https:\/\/atecordoba.org\/index.php?rest_route=%2Fwp%2Fv2%2Fcategories&post=33784"},{"taxonomy":"post_tag","embeddable":true,"href":"https:\/\/atecordoba.org\/index.php?rest_route=%2Fwp%2Fv2%2Ftags&post=33784"}],"curies":[{"name":"wp","href":"https:\/\/api.w.org\/{rel}","templated":true}]}}