{"id":33763,"date":"2022-09-19T12:06:54","date_gmt":"2022-09-19T15:06:54","guid":{"rendered":"https:\/\/atecordoba.org\/?p=33763"},"modified":"2022-09-19T12:10:41","modified_gmt":"2022-09-19T15:10:41","slug":"renuevan-cuerpo-de-delegados-de-ate-en-senasa-zona-sur","status":"publish","type":"post","link":"https:\/\/atecordoba.org\/?p=33763","title":{"rendered":"Renuevan cuerpo de delegados de ATE en SENASA Zona Sur"},"content":{"rendered":"\n<div class=\"wp-block-image\"><figure class=\"aligncenter size-full\"><img loading=\"lazy\" decoding=\"async\" width=\"298\" height=\"300\" src=\"https:\/\/atecordoba.org\/wp-content\/uploads\/2022\/09\/307318445_513590097441467_6948821271891051023_n-298x300-1.jpg\" alt=\"\" class=\"wp-image-33764\" srcset=\"https:\/\/atecordoba.org\/wp-content\/uploads\/2022\/09\/307318445_513590097441467_6948821271891051023_n-298x300-1.jpg 298w, https:\/\/atecordoba.org\/wp-content\/uploads\/2022\/09\/307318445_513590097441467_6948821271891051023_n-298x300-1-150x150.jpg 150w, https:\/\/atecordoba.org\/wp-content\/uploads\/2022\/09\/307318445_513590097441467_6948821271891051023_n-298x300-1-75x75.jpg 75w\" sizes=\"auto, (max-width: 298px) 100vw, 298px\" \/><\/figure><\/div>\n\n\n\n<p>Con gran participaci\u00f3n de los trabajadores se llev\u00f3 adelante el viernes pasado la renovaci\u00f3n del Cuerpo de Delegados del Servicio Nacional de Sanidad y Calidad Agroalimentaria (SENASA) Zona Sur de la provincia de C\u00f3rdoba.<\/p>\n\n\n\n<p>Resultaron electos delegados los compa\u00f1eros Leandro Guevara (Frigor\u00edfico Land-L); Guillermo Meloni (Frigor\u00edfico Coronel Moldes); H\u00e9ctor Gonz\u00e1lez y Mat\u00edas Giuliani (Sanidad Animal).<\/p>\n\n\n\n<p class=\"has-text-align-left\">De este modo, se volvieron a ejercer los principios de Libertad y Democracia Sindical donde las y los compa\u00f1eros eligen a sus representantes, garantizando la representatividad de ATE en las distintas \u00e1reas operativas del organismo.<\/p>\n\n\n\n<figure class=\"wp-block-gallery has-nested-images columns-default is-cropped wp-block-gallery-1 is-layout-flex wp-block-gallery-is-layout-flex\">\n<figure class=\"wp-block-image size-large\"><img loading=\"lazy\" decoding=\"async\" width=\"751\" height=\"979\" data-id=\"33767\" src=\"https:\/\/atecordoba.org\/wp-content\/uploads\/2022\/09\/307371803_513590164108127_6861901580654607181_n-1.jpg\" alt=\"\" class=\"wp-image-33767\" srcset=\"https:\/\/atecordoba.org\/wp-content\/uploads\/2022\/09\/307371803_513590164108127_6861901580654607181_n-1.jpg 751w, https:\/\/atecordoba.org\/wp-content\/uploads\/2022\/09\/307371803_513590164108127_6861901580654607181_n-1-230x300.jpg 230w\" sizes=\"auto, (max-width: 751px) 100vw, 751px\" \/><\/figure>\n\n\n\n<figure class=\"wp-block-image size-large\"><img loading=\"lazy\" decoding=\"async\" width=\"300\" height=\"296\" data-id=\"33765\" src=\"https:\/\/atecordoba.org\/wp-content\/uploads\/2022\/09\/306797197_513590197441457_1443491547787930731_n-300x296-1.jpg\" alt=\"\" class=\"wp-image-33765\" srcset=\"https:\/\/atecordoba.org\/wp-content\/uploads\/2022\/09\/306797197_513590197441457_1443491547787930731_n-300x296-1.jpg 300w, https:\/\/atecordoba.org\/wp-content\/uploads\/2022\/09\/306797197_513590197441457_1443491547787930731_n-300x296-1-75x75.jpg 75w\" sizes=\"auto, (max-width: 300px) 100vw, 300px\" \/><\/figure>\n\n\n\n<figure class=\"wp-block-image size-large\"><img loading=\"lazy\" decoding=\"async\" width=\"225\" height=\"300\" data-id=\"33766\" src=\"https:\/\/atecordoba.org\/wp-content\/uploads\/2022\/09\/307105176_513590217441455_8522143938018535844_n-225x300-1.jpg\" alt=\"\" class=\"wp-image-33766\" \/><\/figure>\n<\/figure>\n\n\n\n<p><\/p>\n","protected":false},"excerpt":{"rendered":"<p>Con gran participaci\u00f3n de los trabajadores se llev\u00f3 adelante el viernes pasado la renovaci\u00f3n del Cuerpo de Delegados del Servicio Nacional de Sanidad y Calidad Agroalimentaria (SENASA) Zona Sur de la provincia de C\u00f3rdoba. Resultaron electos delegados los compa\u00f1eros Leandro Guevara (Frigor\u00edfico Land-L); Guillermo Meloni (Frigor\u00edfico Coronel Moldes); H\u00e9ctor Gonz\u00e1lez y Mat\u00edas Giuliani (Sanidad Animal). [&hellip;]<\/p>\n","protected":false},"author":7,"featured_media":33764,"comment_status":"open","ping_status":"open","sticky":false,"template":"","format":"standard","meta":{"_exactmetrics_skip_tracking":false,"_exactmetrics_sitenote_active":false,"_exactmetrics_sitenote_note":"","_exactmetrics_sitenote_category":0,"jnews-multi-image_gallery":[],"jnews_single_post":{"subtitle":"Resultaron electos delegados los compa\u00f1eros Leandro Guevara (Frigor\u00edfico Land-L); Guillermo Meloni (Frigor\u00edfico Coronel Moldes); H\u00e9ctor Gonz\u00e1lez y Mat\u00edas Giuliani (Sanidad Animal).","format":"standard","video":"","gallery":"","source_name":"","source_url":"","via_name":"","via_url":"","override_template":"0","override":[{"template":"1","single_blog_custom":"","parallax":"1","fullscreen":"1","layout":"right-sidebar","sidebar":"default-sidebar","second_sidebar":"default-sidebar","sticky_sidebar":"1","share_position":"top","share_float_style":"share-monocrhome","show_share_counter":"1","show_view_counter":"1","show_featured":"1","show_post_meta":"1","show_post_author":"1","show_post_author_image":"1","show_post_date":"1","post_date_format":"default","post_date_format_custom":"Y\/m\/d","show_post_category":"1","show_post_reading_time":"0","post_reading_time_wpm":"300","show_zoom_button":"0","zoom_button_out_step":"2","zoom_button_in_step":"3","show_post_tag":"1","show_prev_next_post":"1","show_popup_post":"1","number_popup_post":"1","show_author_box":"0","show_post_related":"0","show_inline_post_related":"0"}],"override_image_size":"0","image_override":[{"single_post_thumbnail_size":"crop-500","single_post_gallery_size":"crop-500"}],"trending_post":"0","trending_post_position":"meta","trending_post_label":"Trending","sponsored_post":"0","sponsored_post_label":"Sponsored by","sponsored_post_name":"","sponsored_post_url":"","sponsored_post_logo_enable":"0","sponsored_post_logo":"","sponsored_post_desc":"","disable_ad":"0"},"jnews_primary_category":{"id":""},"jnews_social_meta":{"fb_title":"","fb_description":"","fb_image":"","twitter_title":"","twitter_description":"","twitter_image":""},"jnews_review":[],"enable_review":"0","type":"percentage","name":"","summary":"","brand":"","sku":"","good":[{"good_text":""}],"bad":[{"bad_text":""}],"score_override":"","override_value":"","rating":[{"rating_text":"","rating_number":"10"}],"price":[{"shop":"","price":"","link":"","icon":""}],"jnews_override_counter":{"override_view_counter":"0","view_counter_number":"0","override_share_counter":"0","share_counter_number":"0","override_like_counter":"0","like_counter_number":"0","override_dislike_counter":"0","dislike_counter_number":"0"},"jnews_post_split":{"enable_post_split":"0","post_split":[{"template":"1","tag":"h2","numbering":"asc","mode":"normal","first":"0","enable_toc":"0","toc_type":"normal"}]},"footnotes":""},"categories":[18],"tags":[46],"class_list":["post-33763","post","type-post","status-publish","format-standard","has-post-thumbnail","hentry","category-nacionales","tag-senasa"],"jetpack_featured_media_url":"https:\/\/atecordoba.org\/wp-content\/uploads\/2022\/09\/307318445_513590097441467_6948821271891051023_n-298x300-1.jpg","_links":{"self":[{"href":"https:\/\/atecordoba.org\/index.php?rest_route=\/wp\/v2\/posts\/33763","targetHints":{"allow":["GET"]}}],"collection":[{"href":"https:\/\/atecordoba.org\/index.php?rest_route=\/wp\/v2\/posts"}],"about":[{"href":"https:\/\/atecordoba.org\/index.php?rest_route=\/wp\/v2\/types\/post"}],"author":[{"embeddable":true,"href":"https:\/\/atecordoba.org\/index.php?rest_route=\/wp\/v2\/users\/7"}],"replies":[{"embeddable":true,"href":"https:\/\/atecordoba.org\/index.php?rest_route=%2Fwp%2Fv2%2Fcomments&post=33763"}],"version-history":[{"count":1,"href":"https:\/\/atecordoba.org\/index.php?rest_route=\/wp\/v2\/posts\/33763\/revisions"}],"predecessor-version":[{"id":33769,"href":"https:\/\/atecordoba.org\/index.php?rest_route=\/wp\/v2\/posts\/33763\/revisions\/33769"}],"wp:featuredmedia":[{"embeddable":true,"href":"https:\/\/atecordoba.org\/index.php?rest_route=\/wp\/v2\/media\/33764"}],"wp:attachment":[{"href":"https:\/\/atecordoba.org\/index.php?rest_route=%2Fwp%2Fv2%2Fmedia&parent=33763"}],"wp:term":[{"taxonomy":"category","embeddable":true,"href":"https:\/\/atecordoba.org\/index.php?rest_route=%2Fwp%2Fv2%2Fcategories&post=33763"},{"taxonomy":"post_tag","embeddable":true,"href":"https:\/\/atecordoba.org\/index.php?rest_route=%2Fwp%2Fv2%2Ftags&post=33763"}],"curies":[{"name":"wp","href":"https:\/\/api.w.org\/{rel}","templated":true}]}}