{"id":33732,"date":"2022-09-19T10:23:51","date_gmt":"2022-09-19T13:23:51","guid":{"rendered":"https:\/\/atecordoba.org\/?p=33732"},"modified":"2022-09-19T10:54:18","modified_gmt":"2022-09-19T13:54:18","slug":"intensas-jornadas-de-capacitacion-en-la-casa-de-ate-traslasierra-este-fin-de-semana","status":"publish","type":"post","link":"https:\/\/atecordoba.org\/?p=33732","title":{"rendered":"Intensas jornadas de capacitaci\u00f3n en la Casa de ATE Traslasierra este fin de semana"},"content":{"rendered":"\n<div class=\"wp-block-image\"><figure class=\"aligncenter size-full\"><img loading=\"lazy\" decoding=\"async\" width=\"600\" height=\"450\" src=\"https:\/\/atecordoba.org\/wp-content\/uploads\/2022\/09\/307424384_457445516405368_2589555982271335931_n.jpg\" alt=\"\" class=\"wp-image-33733\" srcset=\"https:\/\/atecordoba.org\/wp-content\/uploads\/2022\/09\/307424384_457445516405368_2589555982271335931_n.jpg 600w, https:\/\/atecordoba.org\/wp-content\/uploads\/2022\/09\/307424384_457445516405368_2589555982271335931_n-300x225.jpg 300w\" sizes=\"auto, (max-width: 600px) 100vw, 600px\" \/><\/figure><\/div>\n\n\n\n<p>Se desarroll\u00f3 el s\u00e1bado pasado en Villa Dolores el Taller de Formaci\u00f3n para Trabajadores y Trabajadoras Municipales del Valle de Traslasierra, organizado por el Consejo Directivo Provincial (CDP) de ATE C\u00f3rdoba.<\/p>\n\n\n\n<p>\u201cVamos avanzando en organizaci\u00f3n, territorialidad y compa\u00f1eras y compa\u00f1eros que tienen la camiseta de ATE puesta\u201d, describieron desde la Escuela de Formaci\u00f3n Pol\u00edtica y Sindical H\u00e9ctor \u201cLa Perra\u201d Castro, un referente hist\u00f3rico de ATE C\u00f3rdoba.<\/p>\n\n\n\n<p>Por el CDP estuvieron presentes su secretario de Formaci\u00f3n, C\u00e9sar Theaux, junto a Julia Giuliani, secretaria de Prensa y Comunicaci\u00f3n.<\/p>\n\n\n\n<figure class=\"wp-block-gallery has-nested-images columns-4 is-cropped wp-block-gallery-1 is-layout-flex wp-block-gallery-is-layout-flex\">\n<figure class=\"wp-block-image size-large\"><img loading=\"lazy\" decoding=\"async\" width=\"225\" height=\"300\" data-id=\"33734\" src=\"https:\/\/atecordoba.org\/wp-content\/uploads\/2022\/09\/306988966_457445559738697_3582633668332726233_n-225x300-1.jpg\" alt=\"\" class=\"wp-image-33734\" \/><\/figure>\n\n\n\n<figure class=\"wp-block-image size-large\"><img loading=\"lazy\" decoding=\"async\" width=\"225\" height=\"300\" data-id=\"33735\" src=\"https:\/\/atecordoba.org\/wp-content\/uploads\/2022\/09\/306792550_457445606405359_1940452226523572398_n-225x300-1.jpg\" alt=\"\" class=\"wp-image-33735\" \/><\/figure>\n\n\n\n<figure class=\"wp-block-image size-large\"><img loading=\"lazy\" decoding=\"async\" width=\"300\" height=\"225\" data-id=\"33737\" src=\"https:\/\/atecordoba.org\/wp-content\/uploads\/2022\/09\/306831435_457445433072043_6361183524976741704_n-300x225-1.jpg\" alt=\"\" class=\"wp-image-33737\" \/><\/figure>\n\n\n\n<figure class=\"wp-block-image size-large\"><img loading=\"lazy\" decoding=\"async\" width=\"169\" height=\"300\" data-id=\"33736\" src=\"https:\/\/atecordoba.org\/wp-content\/uploads\/2022\/09\/306914263_457445646405355_912922995362331984_n-169x300-1.jpg\" alt=\"\" class=\"wp-image-33736\" \/><\/figure>\n<\/figure>\n\n\n\n<p>Sin costo alguno, est\u00e1 instancia de capacitaci\u00f3n fue destinada a lectura de estatutos, recategorizaciones, notas administrativas, entre otras cuestiones pertinentes al accionar de activistas, delegados y dirigentes municipales.<\/p>\n\n\n\n<p>Hugo Galaburri, Mary D\u00edaz, Isabel D\u00edaz, Gustavo Cohen, Jos\u00e9 Ignacio Tapia, Milagros Sozzi, quienes llevan adelante la construcci\u00f3n de ATE Traslasierra, fueron parte del convite.<\/p>\n\n\n\n<p><strong>Formaci\u00f3n de Promotores de Salud<\/strong><\/p>\n\n\n\n<p>En tanto, el viernes 16 de septiembre cerca de 35 promotoras y promotores de salud de parajes rurales de los departamentos Pocho, San Alberto y San Javier se reunieron en la Casa de ATE Traslasierra, concretando el Tercer Curso Anual de &#8220;promotores de salud desde la mirada feminista campesina y popular&#8221; organizado por el Movimiento Campesino de C\u00f3rdoba.<\/p>\n\n\n\n<figure class=\"wp-block-gallery has-nested-images columns-default is-cropped wp-block-gallery-2 is-layout-flex wp-block-gallery-is-layout-flex\">\n<figure class=\"wp-block-image size-large\"><a href=\"https:\/\/atecordoba.org\/wp-content\/uploads\/2022\/09\/307659734_5787223047976071_5666719993057497573_n.jpg\"><img loading=\"lazy\" decoding=\"async\" width=\"1024\" height=\"768\" data-id=\"33740\" src=\"https:\/\/atecordoba.org\/wp-content\/uploads\/2022\/09\/307659734_5787223047976071_5666719993057497573_n-1024x768.jpg\" alt=\"\" class=\"wp-image-33740\" srcset=\"https:\/\/atecordoba.org\/wp-content\/uploads\/2022\/09\/307659734_5787223047976071_5666719993057497573_n-1024x768.jpg 1024w, https:\/\/atecordoba.org\/wp-content\/uploads\/2022\/09\/307659734_5787223047976071_5666719993057497573_n-300x225.jpg 300w, https:\/\/atecordoba.org\/wp-content\/uploads\/2022\/09\/307659734_5787223047976071_5666719993057497573_n-768x576.jpg 768w, https:\/\/atecordoba.org\/wp-content\/uploads\/2022\/09\/307659734_5787223047976071_5666719993057497573_n-1536x1152.jpg 1536w, https:\/\/atecordoba.org\/wp-content\/uploads\/2022\/09\/307659734_5787223047976071_5666719993057497573_n-750x563.jpg 750w, https:\/\/atecordoba.org\/wp-content\/uploads\/2022\/09\/307659734_5787223047976071_5666719993057497573_n-1140x855.jpg 1140w, https:\/\/atecordoba.org\/wp-content\/uploads\/2022\/09\/307659734_5787223047976071_5666719993057497573_n.jpg 2048w\" sizes=\"auto, (max-width: 1024px) 100vw, 1024px\" \/><\/a><\/figure>\n\n\n\n<figure class=\"wp-block-image size-large\"><a href=\"https:\/\/atecordoba.org\/wp-content\/uploads\/2022\/09\/307672954_5787222601309449_8797844575104235824_n.jpg\"><img loading=\"lazy\" decoding=\"async\" width=\"1024\" height=\"768\" data-id=\"33738\" src=\"https:\/\/atecordoba.org\/wp-content\/uploads\/2022\/09\/307672954_5787222601309449_8797844575104235824_n-1024x768.jpg\" alt=\"\" class=\"wp-image-33738\" srcset=\"https:\/\/atecordoba.org\/wp-content\/uploads\/2022\/09\/307672954_5787222601309449_8797844575104235824_n-1024x768.jpg 1024w, https:\/\/atecordoba.org\/wp-content\/uploads\/2022\/09\/307672954_5787222601309449_8797844575104235824_n-300x225.jpg 300w, https:\/\/atecordoba.org\/wp-content\/uploads\/2022\/09\/307672954_5787222601309449_8797844575104235824_n-768x576.jpg 768w, https:\/\/atecordoba.org\/wp-content\/uploads\/2022\/09\/307672954_5787222601309449_8797844575104235824_n-1536x1152.jpg 1536w, https:\/\/atecordoba.org\/wp-content\/uploads\/2022\/09\/307672954_5787222601309449_8797844575104235824_n-750x563.jpg 750w, https:\/\/atecordoba.org\/wp-content\/uploads\/2022\/09\/307672954_5787222601309449_8797844575104235824_n-1140x855.jpg 1140w, https:\/\/atecordoba.org\/wp-content\/uploads\/2022\/09\/307672954_5787222601309449_8797844575104235824_n.jpg 2048w\" sizes=\"auto, (max-width: 1024px) 100vw, 1024px\" \/><\/a><\/figure>\n\n\n\n<figure class=\"wp-block-image size-large\"><a href=\"https:\/\/atecordoba.org\/wp-content\/uploads\/2022\/09\/307318182_5787223427976033_128051476851192247_n.jpg\"><img loading=\"lazy\" decoding=\"async\" width=\"1024\" height=\"768\" data-id=\"33739\" src=\"https:\/\/atecordoba.org\/wp-content\/uploads\/2022\/09\/307318182_5787223427976033_128051476851192247_n-1024x768.jpg\" alt=\"\" class=\"wp-image-33739\" srcset=\"https:\/\/atecordoba.org\/wp-content\/uploads\/2022\/09\/307318182_5787223427976033_128051476851192247_n-1024x768.jpg 1024w, https:\/\/atecordoba.org\/wp-content\/uploads\/2022\/09\/307318182_5787223427976033_128051476851192247_n-300x225.jpg 300w, https:\/\/atecordoba.org\/wp-content\/uploads\/2022\/09\/307318182_5787223427976033_128051476851192247_n-768x576.jpg 768w, https:\/\/atecordoba.org\/wp-content\/uploads\/2022\/09\/307318182_5787223427976033_128051476851192247_n-1536x1152.jpg 1536w, https:\/\/atecordoba.org\/wp-content\/uploads\/2022\/09\/307318182_5787223427976033_128051476851192247_n-750x563.jpg 750w, https:\/\/atecordoba.org\/wp-content\/uploads\/2022\/09\/307318182_5787223427976033_128051476851192247_n-1140x855.jpg 1140w, https:\/\/atecordoba.org\/wp-content\/uploads\/2022\/09\/307318182_5787223427976033_128051476851192247_n.jpg 2048w\" sizes=\"auto, (max-width: 1024px) 100vw, 1024px\" \/><\/a><\/figure>\n<\/figure>\n\n\n\n<p>La capacitaci\u00f3n estuvo a cargo del Equipo de Familia Rural Sana y estudiantes de medicina del Hospital Regional de Villa Dolores que se encuentran realizando su pr\u00e1ctica final.<\/p>\n\n\n\n<p>La actividad tambi\u00e9n estuvo articulada con el Cres de Villa Dolores, d\u00f3nde estudiantes de trabajo social realizan la sistematizaci\u00f3n y actividades de acompa\u00f1amiento en terreno, junto a equipos de salud locales y del programa provincial familia rural sana.<\/p>\n\n\n\n<p>Al finalizar la jornada de entregaron insumos de trabajo a los promotores administrados por el Ministerio de Salud y se programaron nuevas capacitaciones y actividades en las distintas comunidades.<\/p>\n\n\n\n<p>Los organizadores agradecieron a ATE Traslasierra \u201cpor siempre abrir las puertas a estas iniciativas y esperamos seguir trabajando juntos para el reconocimiento del trabajo de los promotores y la construcci\u00f3n de la salud colectiva en el campo\u201d.<\/p>\n\n\n\n<p><strong>D\u00eda de las infancias<\/strong><\/p>\n\n\n\n<p>Por otro lado, ayer se celebr\u00f3 en la Casa de ATE Traslasierra el D\u00eda de las Infancias, junto a Casa Diversa y el Instituto Nacional de Teatro.<\/p>\n\n\n\n<p>En la oportunidad las y los peques pudieron disfrutar de la obra de t\u00edteres \u201cLos tres mosquetones\u201d, chocolatada y sorpresas. Cada une se llev\u00f3 su regalito.<\/p>\n\n\n\n<figure class=\"wp-block-gallery has-nested-images columns-default is-cropped wp-block-gallery-3 is-layout-flex wp-block-gallery-is-layout-flex\">\n<figure class=\"wp-block-image size-large\"><img loading=\"lazy\" decoding=\"async\" width=\"1024\" height=\"576\" data-id=\"33752\" src=\"https:\/\/atecordoba.org\/wp-content\/uploads\/2022\/09\/IMG_20220918_165905970_HDR-1024x576.jpg\" alt=\"\" class=\"wp-image-33752\" srcset=\"https:\/\/atecordoba.org\/wp-content\/uploads\/2022\/09\/IMG_20220918_165905970_HDR-1024x576.jpg 1024w, https:\/\/atecordoba.org\/wp-content\/uploads\/2022\/09\/IMG_20220918_165905970_HDR-300x169.jpg 300w, https:\/\/atecordoba.org\/wp-content\/uploads\/2022\/09\/IMG_20220918_165905970_HDR-768x432.jpg 768w, https:\/\/atecordoba.org\/wp-content\/uploads\/2022\/09\/IMG_20220918_165905970_HDR-1536x864.jpg 1536w, https:\/\/atecordoba.org\/wp-content\/uploads\/2022\/09\/IMG_20220918_165905970_HDR-2048x1152.jpg 2048w, https:\/\/atecordoba.org\/wp-content\/uploads\/2022\/09\/IMG_20220918_165905970_HDR-750x422.jpg 750w, https:\/\/atecordoba.org\/wp-content\/uploads\/2022\/09\/IMG_20220918_165905970_HDR-1140x641.jpg 1140w\" sizes=\"auto, (max-width: 1024px) 100vw, 1024px\" \/><\/figure>\n\n\n\n<figure class=\"wp-block-image size-large\"><img loading=\"lazy\" decoding=\"async\" width=\"1024\" height=\"576\" data-id=\"33757\" src=\"https:\/\/atecordoba.org\/wp-content\/uploads\/2022\/09\/IMG_20220918_170524364_HDR-1024x576.jpg\" alt=\"\" class=\"wp-image-33757\" srcset=\"https:\/\/atecordoba.org\/wp-content\/uploads\/2022\/09\/IMG_20220918_170524364_HDR-1024x576.jpg 1024w, https:\/\/atecordoba.org\/wp-content\/uploads\/2022\/09\/IMG_20220918_170524364_HDR-300x169.jpg 300w, https:\/\/atecordoba.org\/wp-content\/uploads\/2022\/09\/IMG_20220918_170524364_HDR-768x432.jpg 768w, https:\/\/atecordoba.org\/wp-content\/uploads\/2022\/09\/IMG_20220918_170524364_HDR-1536x864.jpg 1536w, https:\/\/atecordoba.org\/wp-content\/uploads\/2022\/09\/IMG_20220918_170524364_HDR-2048x1152.jpg 2048w, https:\/\/atecordoba.org\/wp-content\/uploads\/2022\/09\/IMG_20220918_170524364_HDR-750x422.jpg 750w, https:\/\/atecordoba.org\/wp-content\/uploads\/2022\/09\/IMG_20220918_170524364_HDR-1140x641.jpg 1140w\" sizes=\"auto, (max-width: 1024px) 100vw, 1024px\" \/><\/figure>\n\n\n\n<figure class=\"wp-block-image size-large\"><img loading=\"lazy\" decoding=\"async\" width=\"1024\" height=\"576\" data-id=\"33755\" src=\"https:\/\/atecordoba.org\/wp-content\/uploads\/2022\/09\/IMG_20220918_170601854_HDR-1024x576.jpg\" alt=\"\" class=\"wp-image-33755\" srcset=\"https:\/\/atecordoba.org\/wp-content\/uploads\/2022\/09\/IMG_20220918_170601854_HDR-1024x576.jpg 1024w, https:\/\/atecordoba.org\/wp-content\/uploads\/2022\/09\/IMG_20220918_170601854_HDR-300x169.jpg 300w, https:\/\/atecordoba.org\/wp-content\/uploads\/2022\/09\/IMG_20220918_170601854_HDR-768x432.jpg 768w, https:\/\/atecordoba.org\/wp-content\/uploads\/2022\/09\/IMG_20220918_170601854_HDR-1536x864.jpg 1536w, https:\/\/atecordoba.org\/wp-content\/uploads\/2022\/09\/IMG_20220918_170601854_HDR-2048x1152.jpg 2048w, https:\/\/atecordoba.org\/wp-content\/uploads\/2022\/09\/IMG_20220918_170601854_HDR-750x422.jpg 750w, https:\/\/atecordoba.org\/wp-content\/uploads\/2022\/09\/IMG_20220918_170601854_HDR-1140x641.jpg 1140w\" sizes=\"auto, (max-width: 1024px) 100vw, 1024px\" \/><\/figure>\n\n\n\n<figure class=\"wp-block-image size-large\"><img loading=\"lazy\" decoding=\"async\" width=\"1024\" height=\"576\" data-id=\"33756\" src=\"https:\/\/atecordoba.org\/wp-content\/uploads\/2022\/09\/IMG_20220918_170609394_HDR-1024x576.jpg\" alt=\"\" class=\"wp-image-33756\" srcset=\"https:\/\/atecordoba.org\/wp-content\/uploads\/2022\/09\/IMG_20220918_170609394_HDR-1024x576.jpg 1024w, https:\/\/atecordoba.org\/wp-content\/uploads\/2022\/09\/IMG_20220918_170609394_HDR-300x169.jpg 300w, https:\/\/atecordoba.org\/wp-content\/uploads\/2022\/09\/IMG_20220918_170609394_HDR-768x432.jpg 768w, https:\/\/atecordoba.org\/wp-content\/uploads\/2022\/09\/IMG_20220918_170609394_HDR-1536x864.jpg 1536w, https:\/\/atecordoba.org\/wp-content\/uploads\/2022\/09\/IMG_20220918_170609394_HDR-2048x1152.jpg 2048w, https:\/\/atecordoba.org\/wp-content\/uploads\/2022\/09\/IMG_20220918_170609394_HDR-750x422.jpg 750w, https:\/\/atecordoba.org\/wp-content\/uploads\/2022\/09\/IMG_20220918_170609394_HDR-1140x641.jpg 1140w\" sizes=\"auto, (max-width: 1024px) 100vw, 1024px\" \/><\/figure>\n\n\n\n<figure class=\"wp-block-image size-large\"><img loading=\"lazy\" decoding=\"async\" width=\"1024\" height=\"768\" data-id=\"33751\" src=\"https:\/\/atecordoba.org\/wp-content\/uploads\/2022\/09\/IMG-20220918-WA0049-1024x768.jpg\" alt=\"\" class=\"wp-image-33751\" srcset=\"https:\/\/atecordoba.org\/wp-content\/uploads\/2022\/09\/IMG-20220918-WA0049-1024x768.jpg 1024w, https:\/\/atecordoba.org\/wp-content\/uploads\/2022\/09\/IMG-20220918-WA0049-300x225.jpg 300w, https:\/\/atecordoba.org\/wp-content\/uploads\/2022\/09\/IMG-20220918-WA0049-768x576.jpg 768w, https:\/\/atecordoba.org\/wp-content\/uploads\/2022\/09\/IMG-20220918-WA0049-1536x1152.jpg 1536w, https:\/\/atecordoba.org\/wp-content\/uploads\/2022\/09\/IMG-20220918-WA0049-750x563.jpg 750w, https:\/\/atecordoba.org\/wp-content\/uploads\/2022\/09\/IMG-20220918-WA0049-1140x855.jpg 1140w, https:\/\/atecordoba.org\/wp-content\/uploads\/2022\/09\/IMG-20220918-WA0049.jpg 1600w\" sizes=\"auto, (max-width: 1024px) 100vw, 1024px\" \/><\/figure>\n\n\n\n<figure class=\"wp-block-image size-large\"><img loading=\"lazy\" decoding=\"async\" width=\"1024\" height=\"768\" data-id=\"33753\" src=\"https:\/\/atecordoba.org\/wp-content\/uploads\/2022\/09\/IMG-20220918-WA0055-1024x768.jpg\" alt=\"\" class=\"wp-image-33753\" srcset=\"https:\/\/atecordoba.org\/wp-content\/uploads\/2022\/09\/IMG-20220918-WA0055-1024x768.jpg 1024w, https:\/\/atecordoba.org\/wp-content\/uploads\/2022\/09\/IMG-20220918-WA0055-300x225.jpg 300w, https:\/\/atecordoba.org\/wp-content\/uploads\/2022\/09\/IMG-20220918-WA0055-768x576.jpg 768w, https:\/\/atecordoba.org\/wp-content\/uploads\/2022\/09\/IMG-20220918-WA0055-1536x1152.jpg 1536w, https:\/\/atecordoba.org\/wp-content\/uploads\/2022\/09\/IMG-20220918-WA0055-750x563.jpg 750w, https:\/\/atecordoba.org\/wp-content\/uploads\/2022\/09\/IMG-20220918-WA0055-1140x855.jpg 1140w, https:\/\/atecordoba.org\/wp-content\/uploads\/2022\/09\/IMG-20220918-WA0055.jpg 1600w\" sizes=\"auto, (max-width: 1024px) 100vw, 1024px\" \/><\/figure>\n\n\n\n<figure class=\"wp-block-image size-large\"><img loading=\"lazy\" decoding=\"async\" width=\"1024\" height=\"576\" data-id=\"33758\" src=\"https:\/\/atecordoba.org\/wp-content\/uploads\/2022\/09\/IMG-20220918-WA0059-1024x576.jpeg\" alt=\"\" class=\"wp-image-33758\" srcset=\"https:\/\/atecordoba.org\/wp-content\/uploads\/2022\/09\/IMG-20220918-WA0059-1024x576.jpeg 1024w, https:\/\/atecordoba.org\/wp-content\/uploads\/2022\/09\/IMG-20220918-WA0059-300x169.jpeg 300w, https:\/\/atecordoba.org\/wp-content\/uploads\/2022\/09\/IMG-20220918-WA0059-768x432.jpeg 768w, https:\/\/atecordoba.org\/wp-content\/uploads\/2022\/09\/IMG-20220918-WA0059-1536x864.jpeg 1536w, https:\/\/atecordoba.org\/wp-content\/uploads\/2022\/09\/IMG-20220918-WA0059-2048x1152.jpeg 2048w, https:\/\/atecordoba.org\/wp-content\/uploads\/2022\/09\/IMG-20220918-WA0059-750x422.jpeg 750w, https:\/\/atecordoba.org\/wp-content\/uploads\/2022\/09\/IMG-20220918-WA0059-1140x641.jpeg 1140w\" sizes=\"auto, (max-width: 1024px) 100vw, 1024px\" \/><\/figure>\n\n\n\n<figure class=\"wp-block-image size-large\"><img loading=\"lazy\" decoding=\"async\" width=\"576\" height=\"1024\" data-id=\"33746\" src=\"https:\/\/atecordoba.org\/wp-content\/uploads\/2022\/09\/IMG-20220918-WA0082-576x1024.jpg\" alt=\"\" class=\"wp-image-33746\" srcset=\"https:\/\/atecordoba.org\/wp-content\/uploads\/2022\/09\/IMG-20220918-WA0082-576x1024.jpg 576w, https:\/\/atecordoba.org\/wp-content\/uploads\/2022\/09\/IMG-20220918-WA0082-169x300.jpg 169w, https:\/\/atecordoba.org\/wp-content\/uploads\/2022\/09\/IMG-20220918-WA0082.jpg 720w\" sizes=\"auto, (max-width: 576px) 100vw, 576px\" \/><\/figure>\n\n\n\n<figure class=\"wp-block-image size-large\"><img loading=\"lazy\" decoding=\"async\" width=\"1024\" height=\"576\" data-id=\"33750\" src=\"https:\/\/atecordoba.org\/wp-content\/uploads\/2022\/09\/IMG-20220918-WA0083-1024x576.jpg\" alt=\"\" class=\"wp-image-33750\" srcset=\"https:\/\/atecordoba.org\/wp-content\/uploads\/2022\/09\/IMG-20220918-WA0083-1024x576.jpg 1024w, https:\/\/atecordoba.org\/wp-content\/uploads\/2022\/09\/IMG-20220918-WA0083-300x169.jpg 300w, https:\/\/atecordoba.org\/wp-content\/uploads\/2022\/09\/IMG-20220918-WA0083-768x432.jpg 768w, https:\/\/atecordoba.org\/wp-content\/uploads\/2022\/09\/IMG-20220918-WA0083-750x422.jpg 750w, https:\/\/atecordoba.org\/wp-content\/uploads\/2022\/09\/IMG-20220918-WA0083-1140x641.jpg 1140w, https:\/\/atecordoba.org\/wp-content\/uploads\/2022\/09\/IMG-20220918-WA0083.jpg 1280w\" sizes=\"auto, (max-width: 1024px) 100vw, 1024px\" \/><\/figure>\n\n\n\n<figure class=\"wp-block-image size-large\"><img loading=\"lazy\" decoding=\"async\" width=\"1024\" height=\"576\" data-id=\"33747\" src=\"https:\/\/atecordoba.org\/wp-content\/uploads\/2022\/09\/IMG-20220918-WA0088-1024x576.jpg\" alt=\"\" class=\"wp-image-33747\" srcset=\"https:\/\/atecordoba.org\/wp-content\/uploads\/2022\/09\/IMG-20220918-WA0088-1024x576.jpg 1024w, https:\/\/atecordoba.org\/wp-content\/uploads\/2022\/09\/IMG-20220918-WA0088-300x169.jpg 300w, https:\/\/atecordoba.org\/wp-content\/uploads\/2022\/09\/IMG-20220918-WA0088-768x432.jpg 768w, https:\/\/atecordoba.org\/wp-content\/uploads\/2022\/09\/IMG-20220918-WA0088-750x422.jpg 750w, https:\/\/atecordoba.org\/wp-content\/uploads\/2022\/09\/IMG-20220918-WA0088-1140x641.jpg 1140w, https:\/\/atecordoba.org\/wp-content\/uploads\/2022\/09\/IMG-20220918-WA0088.jpg 1280w\" sizes=\"auto, (max-width: 1024px) 100vw, 1024px\" \/><\/figure>\n\n\n\n<figure class=\"wp-block-image size-large\"><img loading=\"lazy\" decoding=\"async\" width=\"576\" height=\"1024\" data-id=\"33748\" src=\"https:\/\/atecordoba.org\/wp-content\/uploads\/2022\/09\/IMG-20220918-WA0093-576x1024.jpg\" alt=\"\" class=\"wp-image-33748\" \/><\/figure>\n\n\n\n<figure class=\"wp-block-image size-large\"><img loading=\"lazy\" decoding=\"async\" width=\"1024\" height=\"576\" data-id=\"33749\" src=\"https:\/\/atecordoba.org\/wp-content\/uploads\/2022\/09\/IMG-20220918-WA0094-1024x576.jpg\" alt=\"\" class=\"wp-image-33749\" srcset=\"https:\/\/atecordoba.org\/wp-content\/uploads\/2022\/09\/IMG-20220918-WA0094-1024x576.jpg 1024w, https:\/\/atecordoba.org\/wp-content\/uploads\/2022\/09\/IMG-20220918-WA0094-300x169.jpg 300w, https:\/\/atecordoba.org\/wp-content\/uploads\/2022\/09\/IMG-20220918-WA0094-768x432.jpg 768w, https:\/\/atecordoba.org\/wp-content\/uploads\/2022\/09\/IMG-20220918-WA0094-750x422.jpg 750w, https:\/\/atecordoba.org\/wp-content\/uploads\/2022\/09\/IMG-20220918-WA0094-1140x641.jpg 1140w, https:\/\/atecordoba.org\/wp-content\/uploads\/2022\/09\/IMG-20220918-WA0094.jpg 1280w\" sizes=\"auto, (max-width: 1024px) 100vw, 1024px\" \/><\/figure>\n\n\n\n<figure class=\"wp-block-image size-large\"><img loading=\"lazy\" decoding=\"async\" width=\"1024\" height=\"576\" data-id=\"33754\" src=\"https:\/\/atecordoba.org\/wp-content\/uploads\/2022\/09\/IMG_20220918_165100387_HDR-1024x576.jpg\" alt=\"\" class=\"wp-image-33754\" srcset=\"https:\/\/atecordoba.org\/wp-content\/uploads\/2022\/09\/IMG_20220918_165100387_HDR-1024x576.jpg 1024w, https:\/\/atecordoba.org\/wp-content\/uploads\/2022\/09\/IMG_20220918_165100387_HDR-300x169.jpg 300w, https:\/\/atecordoba.org\/wp-content\/uploads\/2022\/09\/IMG_20220918_165100387_HDR-768x432.jpg 768w, https:\/\/atecordoba.org\/wp-content\/uploads\/2022\/09\/IMG_20220918_165100387_HDR-1536x864.jpg 1536w, https:\/\/atecordoba.org\/wp-content\/uploads\/2022\/09\/IMG_20220918_165100387_HDR-2048x1152.jpg 2048w, https:\/\/atecordoba.org\/wp-content\/uploads\/2022\/09\/IMG_20220918_165100387_HDR-750x422.jpg 750w, https:\/\/atecordoba.org\/wp-content\/uploads\/2022\/09\/IMG_20220918_165100387_HDR-1140x641.jpg 1140w\" sizes=\"auto, (max-width: 1024px) 100vw, 1024px\" \/><\/figure>\n<\/figure>\n","protected":false},"excerpt":{"rendered":"<p>Se desarroll\u00f3 el s\u00e1bado pasado en Villa Dolores el Taller de Formaci\u00f3n para Trabajadores y Trabajadoras Municipales del Valle de Traslasierra, organizado por el Consejo Directivo Provincial (CDP) de ATE C\u00f3rdoba. \u201cVamos avanzando en organizaci\u00f3n, territorialidad y compa\u00f1eras y compa\u00f1eros que tienen la camiseta de ATE puesta\u201d, describieron desde la Escuela de Formaci\u00f3n Pol\u00edtica y [&hellip;]<\/p>\n","protected":false},"author":7,"featured_media":33743,"comment_status":"open","ping_status":"open","sticky":false,"template":"","format":"standard","meta":{"_exactmetrics_skip_tracking":false,"_exactmetrics_sitenote_active":false,"_exactmetrics_sitenote_note":"","_exactmetrics_sitenote_category":0,"jnews-multi-image_gallery":[],"jnews_single_post":{"subtitle":"Municipales e integrantes de los equipos de salud recibieron diferentes instancias de formaci\u00f3n entre viernes y s\u00e1bado. El domingo fue turno del festejo del D\u00eda de las Infancias.","format":"standard","video":"","gallery":"","source_name":"","source_url":"","via_name":"","via_url":"","override_template":"0","override":[{"template":"1","single_blog_custom":"","parallax":"1","fullscreen":"1","layout":"right-sidebar","sidebar":"default-sidebar","second_sidebar":"default-sidebar","sticky_sidebar":"1","share_position":"top","share_float_style":"share-monocrhome","show_share_counter":"1","show_view_counter":"1","show_featured":"1","show_post_meta":"1","show_post_author":"1","show_post_author_image":"1","show_post_date":"1","post_date_format":"default","post_date_format_custom":"Y\/m\/d","show_post_category":"1","show_post_reading_time":"0","post_reading_time_wpm":"300","show_zoom_button":"0","zoom_button_out_step":"2","zoom_button_in_step":"3","show_post_tag":"1","show_prev_next_post":"1","show_popup_post":"1","number_popup_post":"1","show_author_box":"0","show_post_related":"0","show_inline_post_related":"0"}],"override_image_size":"0","image_override":[{"single_post_thumbnail_size":"crop-500","single_post_gallery_size":"crop-500"}],"trending_post":"0","trending_post_position":"meta","trending_post_label":"Trending","sponsored_post":"0","sponsored_post_label":"Sponsored by","sponsored_post_name":"","sponsored_post_url":"","sponsored_post_logo_enable":"0","sponsored_post_logo":"","sponsored_post_desc":"","disable_ad":"0"},"jnews_primary_category":{"id":""},"jnews_social_meta":{"fb_title":"","fb_description":"","fb_image":"","twitter_title":"","twitter_description":"","twitter_image":""},"jnews_review":[],"enable_review":"0","type":"percentage","name":"","summary":"","brand":"","sku":"","good":[{"good_text":""}],"bad":[{"bad_text":""}],"score_override":"","override_value":"","rating":[{"rating_text":"","rating_number":"10"}],"price":[{"shop":"","price":"","link":"","icon":""}],"jnews_override_counter":{"override_view_counter":"0","view_counter_number":"0","override_share_counter":"0","share_counter_number":"0","override_like_counter":"0","like_counter_number":"0","override_dislike_counter":"0","dislike_counter_number":"0"},"jnews_post_split":{"enable_post_split":"0","post_split":[{"template":"1","tag":"h2","numbering":"asc","mode":"normal","first":"0","enable_toc":"0","toc_type":"normal"}]},"footnotes":""},"categories":[1056,88],"tags":[],"class_list":["post-33732","post","type-post","status-publish","format-standard","has-post-thumbnail","hentry","category-traslasierra","category-formacion"],"jetpack_featured_media_url":"https:\/\/atecordoba.org\/wp-content\/uploads\/2022\/09\/portadatras-e1663593825753.jpg","_links":{"self":[{"href":"https:\/\/atecordoba.org\/index.php?rest_route=\/wp\/v2\/posts\/33732","targetHints":{"allow":["GET"]}}],"collection":[{"href":"https:\/\/atecordoba.org\/index.php?rest_route=\/wp\/v2\/posts"}],"about":[{"href":"https:\/\/atecordoba.org\/index.php?rest_route=\/wp\/v2\/types\/post"}],"author":[{"embeddable":true,"href":"https:\/\/atecordoba.org\/index.php?rest_route=\/wp\/v2\/users\/7"}],"replies":[{"embeddable":true,"href":"https:\/\/atecordoba.org\/index.php?rest_route=%2Fwp%2Fv2%2Fcomments&post=33732"}],"version-history":[{"count":2,"href":"https:\/\/atecordoba.org\/index.php?rest_route=\/wp\/v2\/posts\/33732\/revisions"}],"predecessor-version":[{"id":33759,"href":"https:\/\/atecordoba.org\/index.php?rest_route=\/wp\/v2\/posts\/33732\/revisions\/33759"}],"wp:featuredmedia":[{"embeddable":true,"href":"https:\/\/atecordoba.org\/index.php?rest_route=\/wp\/v2\/media\/33743"}],"wp:attachment":[{"href":"https:\/\/atecordoba.org\/index.php?rest_route=%2Fwp%2Fv2%2Fmedia&parent=33732"}],"wp:term":[{"taxonomy":"category","embeddable":true,"href":"https:\/\/atecordoba.org\/index.php?rest_route=%2Fwp%2Fv2%2Fcategories&post=33732"},{"taxonomy":"post_tag","embeddable":true,"href":"https:\/\/atecordoba.org\/index.php?rest_route=%2Fwp%2Fv2%2Ftags&post=33732"}],"curies":[{"name":"wp","href":"https:\/\/api.w.org\/{rel}","templated":true}]}}