{"id":33719,"date":"2022-09-16T15:16:49","date_gmt":"2022-09-16T18:16:49","guid":{"rendered":"https:\/\/atecordoba.org\/?p=33719"},"modified":"2022-09-16T15:39:34","modified_gmt":"2022-09-16T18:39:34","slug":"giuliani-en-la-marcha-de-los-pueblos-originarios-no-hay-salida-sectorial","status":"publish","type":"post","link":"https:\/\/atecordoba.org\/?p=33719","title":{"rendered":"Giuliani en la marcha de los pueblos originarios: &#8220;no hay salida sectorial&#8221;"},"content":{"rendered":"\n<div class=\"wp-block-image\"><figure class=\"aligncenter size-large is-resized\"><img loading=\"lazy\" decoding=\"async\" src=\"https:\/\/atecordoba.org\/wp-content\/uploads\/2022\/09\/WhatsApp-Image-2022-09-16-at-14.54.02-1-1024x576.jpeg\" alt=\"\" class=\"wp-image-33720\" width=\"768\" height=\"432\" srcset=\"https:\/\/atecordoba.org\/wp-content\/uploads\/2022\/09\/WhatsApp-Image-2022-09-16-at-14.54.02-1-1024x576.jpeg 1024w, https:\/\/atecordoba.org\/wp-content\/uploads\/2022\/09\/WhatsApp-Image-2022-09-16-at-14.54.02-1-300x169.jpeg 300w, https:\/\/atecordoba.org\/wp-content\/uploads\/2022\/09\/WhatsApp-Image-2022-09-16-at-14.54.02-1-768x432.jpeg 768w, https:\/\/atecordoba.org\/wp-content\/uploads\/2022\/09\/WhatsApp-Image-2022-09-16-at-14.54.02-1-750x422.jpeg 750w, https:\/\/atecordoba.org\/wp-content\/uploads\/2022\/09\/WhatsApp-Image-2022-09-16-at-14.54.02-1-1140x641.jpeg 1140w, https:\/\/atecordoba.org\/wp-content\/uploads\/2022\/09\/WhatsApp-Image-2022-09-16-at-14.54.02-1.jpeg 1280w\" sizes=\"auto, (max-width: 768px) 100vw, 768px\" \/><\/figure><\/div>\n\n\n\n<p>Las comunidades originarias de C\u00f3rdoba se movilizan hoy en defensa del bosque nativo y de la vida, rechazando la autovia fara\u00f3nica que impulsa el gobernador Juan Schiaretti en los valles de Punilla y Paravachasca. Es un nuevo llamado de atenci\u00f3n a la sociedad en su conjunto para que intervenga en defensa del medio ambiente frente a un gobierno que tiene al agronegocio y la especulaci\u00f3n inmobiliaria como promotores de buena parte de los negocios en los territorios.<\/p>\n\n\n\n<p>En ese marco, el secretario General de ATE C\u00f3rdoba Federico Giuliani se acerc\u00f3 a acompa\u00f1ar la concentraci\u00f3n frente a Tribunales Provinciales atento que ATE y CTAA participan activamente de la caminata organizada para esta tarde. <\/p>\n\n\n\n<figure class=\"wp-block-gallery has-nested-images columns-default is-cropped wp-block-gallery-1 is-layout-flex wp-block-gallery-is-layout-flex\">\n<figure class=\"wp-block-image size-large\"><img loading=\"lazy\" decoding=\"async\" width=\"1024\" height=\"576\" data-id=\"33721\" src=\"https:\/\/atecordoba.org\/wp-content\/uploads\/2022\/09\/WhatsApp-Image-2022-09-16-at-14.54.02-1024x576.jpeg\" alt=\"\" class=\"wp-image-33721\" srcset=\"https:\/\/atecordoba.org\/wp-content\/uploads\/2022\/09\/WhatsApp-Image-2022-09-16-at-14.54.02-1024x576.jpeg 1024w, https:\/\/atecordoba.org\/wp-content\/uploads\/2022\/09\/WhatsApp-Image-2022-09-16-at-14.54.02-300x169.jpeg 300w, https:\/\/atecordoba.org\/wp-content\/uploads\/2022\/09\/WhatsApp-Image-2022-09-16-at-14.54.02-768x432.jpeg 768w, https:\/\/atecordoba.org\/wp-content\/uploads\/2022\/09\/WhatsApp-Image-2022-09-16-at-14.54.02-750x422.jpeg 750w, https:\/\/atecordoba.org\/wp-content\/uploads\/2022\/09\/WhatsApp-Image-2022-09-16-at-14.54.02-1140x641.jpeg 1140w, https:\/\/atecordoba.org\/wp-content\/uploads\/2022\/09\/WhatsApp-Image-2022-09-16-at-14.54.02.jpeg 1280w\" sizes=\"auto, (max-width: 1024px) 100vw, 1024px\" \/><\/figure>\n\n\n\n<figure class=\"wp-block-image size-large\"><img loading=\"lazy\" decoding=\"async\" width=\"1024\" height=\"768\" data-id=\"33722\" src=\"https:\/\/atecordoba.org\/wp-content\/uploads\/2022\/09\/WhatsApp-Image-2022-09-16-at-14.54.03-1024x768.jpeg\" alt=\"\" class=\"wp-image-33722\" srcset=\"https:\/\/atecordoba.org\/wp-content\/uploads\/2022\/09\/WhatsApp-Image-2022-09-16-at-14.54.03-1024x768.jpeg 1024w, https:\/\/atecordoba.org\/wp-content\/uploads\/2022\/09\/WhatsApp-Image-2022-09-16-at-14.54.03-300x225.jpeg 300w, https:\/\/atecordoba.org\/wp-content\/uploads\/2022\/09\/WhatsApp-Image-2022-09-16-at-14.54.03-768x576.jpeg 768w, https:\/\/atecordoba.org\/wp-content\/uploads\/2022\/09\/WhatsApp-Image-2022-09-16-at-14.54.03-1536x1152.jpeg 1536w, https:\/\/atecordoba.org\/wp-content\/uploads\/2022\/09\/WhatsApp-Image-2022-09-16-at-14.54.03-750x563.jpeg 750w, https:\/\/atecordoba.org\/wp-content\/uploads\/2022\/09\/WhatsApp-Image-2022-09-16-at-14.54.03-1140x855.jpeg 1140w, https:\/\/atecordoba.org\/wp-content\/uploads\/2022\/09\/WhatsApp-Image-2022-09-16-at-14.54.03.jpeg 1600w\" sizes=\"auto, (max-width: 1024px) 100vw, 1024px\" \/><\/figure>\n\n\n\n<figure class=\"wp-block-image size-large\"><img loading=\"lazy\" decoding=\"async\" width=\"1024\" height=\"576\" data-id=\"33723\" src=\"https:\/\/atecordoba.org\/wp-content\/uploads\/2022\/09\/WhatsApp-Image-2022-09-16-at-14.54.06-1024x576.jpeg\" alt=\"\" class=\"wp-image-33723\" srcset=\"https:\/\/atecordoba.org\/wp-content\/uploads\/2022\/09\/WhatsApp-Image-2022-09-16-at-14.54.06-1024x576.jpeg 1024w, https:\/\/atecordoba.org\/wp-content\/uploads\/2022\/09\/WhatsApp-Image-2022-09-16-at-14.54.06-300x169.jpeg 300w, https:\/\/atecordoba.org\/wp-content\/uploads\/2022\/09\/WhatsApp-Image-2022-09-16-at-14.54.06-768x432.jpeg 768w, https:\/\/atecordoba.org\/wp-content\/uploads\/2022\/09\/WhatsApp-Image-2022-09-16-at-14.54.06-1536x864.jpeg 1536w, https:\/\/atecordoba.org\/wp-content\/uploads\/2022\/09\/WhatsApp-Image-2022-09-16-at-14.54.06-750x422.jpeg 750w, https:\/\/atecordoba.org\/wp-content\/uploads\/2022\/09\/WhatsApp-Image-2022-09-16-at-14.54.06-1140x641.jpeg 1140w, https:\/\/atecordoba.org\/wp-content\/uploads\/2022\/09\/WhatsApp-Image-2022-09-16-at-14.54.06.jpeg 1600w\" sizes=\"auto, (max-width: 1024px) 100vw, 1024px\" \/><\/figure>\n<\/figure>\n\n\n\n<p>Giuliani record\u00f3 a los presentes que &#8220;hoy estamos recordando la memoria del Negro Atilio L\u00f3pez, fusilado por la Triple A solo por plantear una sociedad libre y con justicia social, tambi\u00e9n se cumple un aniversario de la fat\u00eddica Noche de los L\u00e1pices donde un grupo de pibes y pibas secundarios fue secuestrado por la dictadura militar por pelear por una sociedad m\u00e1s justa&#8221;. <\/p>\n\n\n\n<p>Seguidamente el dirigente afirm\u00f3 que &#8220;desde ATE venimos llevando adelante una pelea cotidiana contra un Estado nacional, provincial y municipal que todos los d\u00edas ajusta por el lado de los derechos de los laburantes. Al frente del Palacio de la Injusticia, porque este es un Poder Judicial r\u00e1pido para golpear contra los m\u00e1s d\u00e9biles, los m\u00e1s pobres, que ampara a la polic\u00eda de gatillo f\u00e1cil que mata a nuestros pibes y pibas en las barriadas populares, que criminaliza la protesta social, como pas\u00f3 le pas\u00f3 a Juan Yacobs y a decenas de compa\u00f1eros y compa\u00f1eras de Punilla pero es lenta cuando tiene que fallar a favor de los intereses de la clase trabajadora&#8221;.<\/p>\n\n\n\n<figure class=\"wp-block-gallery has-nested-images columns-default is-cropped wp-block-gallery-2 is-layout-flex wp-block-gallery-is-layout-flex\">\n<figure class=\"wp-block-image size-large\"><a href=\"https:\/\/atecordoba.org\/wp-content\/uploads\/2022\/09\/WhatsApp-Image-2022-09-16-at-14.54.05.jpeg\"><img loading=\"lazy\" decoding=\"async\" width=\"1024\" height=\"576\" data-id=\"33726\" src=\"https:\/\/atecordoba.org\/wp-content\/uploads\/2022\/09\/WhatsApp-Image-2022-09-16-at-14.54.05-1024x576.jpeg\" alt=\"\" class=\"wp-image-33726\" srcset=\"https:\/\/atecordoba.org\/wp-content\/uploads\/2022\/09\/WhatsApp-Image-2022-09-16-at-14.54.05-1024x576.jpeg 1024w, https:\/\/atecordoba.org\/wp-content\/uploads\/2022\/09\/WhatsApp-Image-2022-09-16-at-14.54.05-300x169.jpeg 300w, https:\/\/atecordoba.org\/wp-content\/uploads\/2022\/09\/WhatsApp-Image-2022-09-16-at-14.54.05-768x432.jpeg 768w, https:\/\/atecordoba.org\/wp-content\/uploads\/2022\/09\/WhatsApp-Image-2022-09-16-at-14.54.05-1536x864.jpeg 1536w, https:\/\/atecordoba.org\/wp-content\/uploads\/2022\/09\/WhatsApp-Image-2022-09-16-at-14.54.05-750x422.jpeg 750w, https:\/\/atecordoba.org\/wp-content\/uploads\/2022\/09\/WhatsApp-Image-2022-09-16-at-14.54.05-1140x641.jpeg 1140w, https:\/\/atecordoba.org\/wp-content\/uploads\/2022\/09\/WhatsApp-Image-2022-09-16-at-14.54.05.jpeg 1600w\" sizes=\"auto, (max-width: 1024px) 100vw, 1024px\" \/><\/a><\/figure>\n\n\n\n<figure class=\"wp-block-image size-large\"><a href=\"https:\/\/atecordoba.org\/wp-content\/uploads\/2022\/09\/WhatsApp-Image-2022-09-16-at-14.54.01-1.jpeg\"><img loading=\"lazy\" decoding=\"async\" width=\"768\" height=\"1024\" data-id=\"33725\" src=\"https:\/\/atecordoba.org\/wp-content\/uploads\/2022\/09\/WhatsApp-Image-2022-09-16-at-14.54.01-1-768x1024.jpeg\" alt=\"\" class=\"wp-image-33725\" srcset=\"https:\/\/atecordoba.org\/wp-content\/uploads\/2022\/09\/WhatsApp-Image-2022-09-16-at-14.54.01-1-768x1024.jpeg 768w, https:\/\/atecordoba.org\/wp-content\/uploads\/2022\/09\/WhatsApp-Image-2022-09-16-at-14.54.01-1-225x300.jpeg 225w, https:\/\/atecordoba.org\/wp-content\/uploads\/2022\/09\/WhatsApp-Image-2022-09-16-at-14.54.01-1-1152x1536.jpeg 1152w, https:\/\/atecordoba.org\/wp-content\/uploads\/2022\/09\/WhatsApp-Image-2022-09-16-at-14.54.01-1-750x1000.jpeg 750w, https:\/\/atecordoba.org\/wp-content\/uploads\/2022\/09\/WhatsApp-Image-2022-09-16-at-14.54.01-1-1140x1520.jpeg 1140w, https:\/\/atecordoba.org\/wp-content\/uploads\/2022\/09\/WhatsApp-Image-2022-09-16-at-14.54.01-1.jpeg 1200w\" sizes=\"auto, (max-width: 768px) 100vw, 768px\" \/><\/a><\/figure>\n\n\n\n<figure class=\"wp-block-image size-large\"><a href=\"https:\/\/atecordoba.org\/wp-content\/uploads\/2022\/09\/WhatsApp-Image-2022-09-16-at-14.54.03-2.jpeg\"><img loading=\"lazy\" decoding=\"async\" width=\"576\" height=\"1024\" data-id=\"33724\" src=\"https:\/\/atecordoba.org\/wp-content\/uploads\/2022\/09\/WhatsApp-Image-2022-09-16-at-14.54.03-2-576x1024.jpeg\" alt=\"\" class=\"wp-image-33724\" srcset=\"https:\/\/atecordoba.org\/wp-content\/uploads\/2022\/09\/WhatsApp-Image-2022-09-16-at-14.54.03-2-576x1024.jpeg 576w, https:\/\/atecordoba.org\/wp-content\/uploads\/2022\/09\/WhatsApp-Image-2022-09-16-at-14.54.03-2-169x300.jpeg 169w, https:\/\/atecordoba.org\/wp-content\/uploads\/2022\/09\/WhatsApp-Image-2022-09-16-at-14.54.03-2-768x1365.jpeg 768w, https:\/\/atecordoba.org\/wp-content\/uploads\/2022\/09\/WhatsApp-Image-2022-09-16-at-14.54.03-2-864x1536.jpeg 864w, https:\/\/atecordoba.org\/wp-content\/uploads\/2022\/09\/WhatsApp-Image-2022-09-16-at-14.54.03-2-750x1333.jpeg 750w, https:\/\/atecordoba.org\/wp-content\/uploads\/2022\/09\/WhatsApp-Image-2022-09-16-at-14.54.03-2.jpeg 900w\" sizes=\"auto, (max-width: 576px) 100vw, 576px\" \/><\/a><\/figure>\n<\/figure>\n\n\n\n<p>En ese marco, Giuliani vaticin\u00f3 que &#8220;no hay salida sectorial, hay que unificar las peleas que se vienen dando a lo largo y ancho de nuestra C\u00f3rdoba. En la capital todos los d\u00edas hay movilizaciones y estamos planteando la necesidad y urgencia que es os pliegos de los movimientos sociales piqueteros, que representan a los y las trabajadoras desocupadas, los unifiquemos con los pliegos de los trabajadores ocupados que laburamos para seguir siendo pobres. Esto hay que unificarlo con la pelea ambiental porque no va a haber salida sectorial&#8221;.<\/p>\n\n\n\n<p><strong>Denuncia ante la OIT<\/strong><\/p>\n\n\n\n<p>ATE C\u00f3rdoba y Cispren firmaron hoy una denuncia ante la Organizaci\u00f3n Internacional del Trabajo (OIT) contra el Estado Argentino por incumplimiento del Convenio 169 &#8220;sobre pueblos ind\u00edgenas y tribales&#8221;. La denuncia lleva al firma de Federico Giuliani y de la secretaria General del Cispren, Mar\u00eda Ana Mandakovic.<\/p>\n\n\n<a href=\"https:\/\/atecordoba.org\/wp-content\/uploads\/2022\/09\/Denuncia-OIT-Consulta-previa-Cordoba.pdf\" class=\"pdfemb-viewer\" style=\"\" data-width=\"max\" data-height=\"max\" data-toolbar=\"bottom\" data-toolbar-fixed=\"off\">Denuncia-OIT-Consulta-previa-Cordoba<\/a>\n<p class=\"wp-block-pdfemb-pdf-embedder-viewer\"><\/p>\n","protected":false},"excerpt":{"rendered":"<p>Las comunidades originarias de C\u00f3rdoba se movilizan hoy en defensa del bosque nativo y de la vida, rechazando la autovia fara\u00f3nica que impulsa el gobernador Juan Schiaretti en los valles de Punilla y Paravachasca. Es un nuevo llamado de atenci\u00f3n a la sociedad en su conjunto para que intervenga en defensa del medio ambiente frente [&hellip;]<\/p>\n","protected":false},"author":7,"featured_media":33727,"comment_status":"open","ping_status":"open","sticky":false,"template":"","format":"standard","meta":{"_exactmetrics_skip_tracking":false,"_exactmetrics_sitenote_active":false,"_exactmetrics_sitenote_note":"","_exactmetrics_sitenote_category":0,"jnews-multi-image_gallery":[],"jnews_single_post":{"subtitle":"El dirigente de ATE alent\u00f3 a unificar las luchas con los sectores sindicales y organizaciones piqueteras.","format":"standard","video":"","gallery":"","source_name":"","source_url":"","via_name":"","via_url":"","override_template":"0","override":[{"template":"1","single_blog_custom":"","parallax":"1","fullscreen":"1","layout":"right-sidebar","sidebar":"default-sidebar","second_sidebar":"default-sidebar","sticky_sidebar":"1","share_position":"top","share_float_style":"share-monocrhome","show_share_counter":"1","show_view_counter":"1","show_featured":"1","show_post_meta":"1","show_post_author":"1","show_post_author_image":"1","show_post_date":"1","post_date_format":"default","post_date_format_custom":"Y\/m\/d","show_post_category":"1","show_post_reading_time":"0","post_reading_time_wpm":"300","show_zoom_button":"0","zoom_button_out_step":"2","zoom_button_in_step":"3","show_post_tag":"1","show_prev_next_post":"1","show_popup_post":"1","number_popup_post":"1","show_author_box":"0","show_post_related":"0","show_inline_post_related":"0"}],"override_image_size":"0","image_override":[{"single_post_thumbnail_size":"crop-500","single_post_gallery_size":"crop-500"}],"trending_post":"0","trending_post_position":"meta","trending_post_label":"Trending","sponsored_post":"0","sponsored_post_label":"Sponsored by","sponsored_post_name":"","sponsored_post_url":"","sponsored_post_logo_enable":"0","sponsored_post_logo":"","sponsored_post_desc":"","disable_ad":"0"},"jnews_primary_category":{"id":""},"jnews_social_meta":{"fb_title":"","fb_description":"","fb_image":"","twitter_title":"","twitter_description":"","twitter_image":""},"jnews_review":[],"enable_review":"0","type":"percentage","name":"","summary":"","brand":"","sku":"","good":[{"good_text":""}],"bad":[{"bad_text":""}],"score_override":"","override_value":"","rating":[{"rating_text":"","rating_number":"10"}],"price":[{"shop":"","price":"","link":"","icon":""}],"jnews_override_counter":{"override_view_counter":"0","view_counter_number":"0","override_share_counter":"0","share_counter_number":"0","override_like_counter":"0","like_counter_number":"0","override_dislike_counter":"0","dislike_counter_number":"0"},"jnews_post_split":{"enable_post_split":"0","post_split":[{"template":"1","tag":"h2","numbering":"asc","mode":"normal","first":"0","enable_toc":"0","toc_type":"normal"}]},"footnotes":""},"categories":[10,341],"tags":[1222,1223],"class_list":["post-33719","post","type-post","status-publish","format-standard","has-post-thumbnail","hentry","category-accion-politica","category-cdp","tag-marcha-originarios","tag-medio-ambiente"],"jetpack_featured_media_url":"https:\/\/atecordoba.org\/wp-content\/uploads\/2022\/09\/originarios-e1663352198676.jpeg","_links":{"self":[{"href":"https:\/\/atecordoba.org\/index.php?rest_route=\/wp\/v2\/posts\/33719","targetHints":{"allow":["GET"]}}],"collection":[{"href":"https:\/\/atecordoba.org\/index.php?rest_route=\/wp\/v2\/posts"}],"about":[{"href":"https:\/\/atecordoba.org\/index.php?rest_route=\/wp\/v2\/types\/post"}],"author":[{"embeddable":true,"href":"https:\/\/atecordoba.org\/index.php?rest_route=\/wp\/v2\/users\/7"}],"replies":[{"embeddable":true,"href":"https:\/\/atecordoba.org\/index.php?rest_route=%2Fwp%2Fv2%2Fcomments&post=33719"}],"version-history":[{"count":2,"href":"https:\/\/atecordoba.org\/index.php?rest_route=\/wp\/v2\/posts\/33719\/revisions"}],"predecessor-version":[{"id":33731,"href":"https:\/\/atecordoba.org\/index.php?rest_route=\/wp\/v2\/posts\/33719\/revisions\/33731"}],"wp:featuredmedia":[{"embeddable":true,"href":"https:\/\/atecordoba.org\/index.php?rest_route=\/wp\/v2\/media\/33727"}],"wp:attachment":[{"href":"https:\/\/atecordoba.org\/index.php?rest_route=%2Fwp%2Fv2%2Fmedia&parent=33719"}],"wp:term":[{"taxonomy":"category","embeddable":true,"href":"https:\/\/atecordoba.org\/index.php?rest_route=%2Fwp%2Fv2%2Fcategories&post=33719"},{"taxonomy":"post_tag","embeddable":true,"href":"https:\/\/atecordoba.org\/index.php?rest_route=%2Fwp%2Fv2%2Ftags&post=33719"}],"curies":[{"name":"wp","href":"https:\/\/api.w.org\/{rel}","templated":true}]}}