{"id":33715,"date":"2022-09-16T14:47:04","date_gmt":"2022-09-16T17:47:04","guid":{"rendered":"https:\/\/atecordoba.org\/?p=33715"},"modified":"2022-09-16T14:48:09","modified_gmt":"2022-09-16T17:48:09","slug":"ate-conae-reclama-la-urgente-reapertura-paritaria","status":"publish","type":"post","link":"https:\/\/atecordoba.org\/?p=33715","title":{"rendered":"ATE CONAE reclama la urgente reapertura paritaria"},"content":{"rendered":"\n<div class=\"wp-block-image\"><figure class=\"aligncenter size-large is-resized\"><img loading=\"lazy\" decoding=\"async\" src=\"https:\/\/atecordoba.org\/wp-content\/uploads\/2022\/09\/IMG-20220914-WA0224-1024x1024.jpg\" alt=\"\" class=\"wp-image-33716\" width=\"768\" height=\"768\" srcset=\"https:\/\/atecordoba.org\/wp-content\/uploads\/2022\/09\/IMG-20220914-WA0224-1024x1024.jpg 1024w, https:\/\/atecordoba.org\/wp-content\/uploads\/2022\/09\/IMG-20220914-WA0224-300x300.jpg 300w, https:\/\/atecordoba.org\/wp-content\/uploads\/2022\/09\/IMG-20220914-WA0224-150x150.jpg 150w, https:\/\/atecordoba.org\/wp-content\/uploads\/2022\/09\/IMG-20220914-WA0224-768x768.jpg 768w, https:\/\/atecordoba.org\/wp-content\/uploads\/2022\/09\/IMG-20220914-WA0224-560x560.jpg 560w, https:\/\/atecordoba.org\/wp-content\/uploads\/2022\/09\/IMG-20220914-WA0224-75x75.jpg 75w, https:\/\/atecordoba.org\/wp-content\/uploads\/2022\/09\/IMG-20220914-WA0224-350x350.jpg 350w, https:\/\/atecordoba.org\/wp-content\/uploads\/2022\/09\/IMG-20220914-WA0224-750x750.jpg 750w, https:\/\/atecordoba.org\/wp-content\/uploads\/2022\/09\/IMG-20220914-WA0224.jpg 1080w\" sizes=\"auto, (max-width: 768px) 100vw, 768px\" \/><\/figure><\/div>\n\n\n\n<p>Un comunicado de la representaci\u00f3n de ATE en el sector alerta sobre la p\u00e9rdida de recursos humanos estatales por los bajos salarios y reclama una urgente recomposici\u00f3n salarial. <\/p>\n\n\n\n<p><em>&#8220;Desde ATE-CONAE venimos manifestando desde principio de a\u00f1o nuestra preocupaci\u00f3n por la p\u00e9rdida de personal de irremplazables conocimientos y experiencia, equipos de trabajo diezmados y otros que han quedado desbordados o trabajando al l\u00edmite de su capacidad. Esta situaci\u00f3n nos impuls\u00f3 a organizarnos y conseguir la apertura de la discusi\u00f3n del convenio de trabajo sectorial de la CONAE.<\/em><\/p>\n\n\n\n<p><em>Sumado a esto, tenemos una inflaci\u00f3n interanual acumulada (hasta Agosto 2022) del 77% y la inflaci\u00f3n mensual de Agosto prevista por encima del 6%, (aproximadamente un 46% en lo que va del a\u00f1o), se hace imperioso un aumento de los salarios que apunte a no perder el poder adquisitivo, y una necesidad insoslayable de recuperar el 30% perdido durante la anterior gesti\u00f3n. Se estima que la inflaci\u00f3n del 2022 cerrar\u00e1 cerca del 100% y las paritarias para el Estado Nacional se cerraron con un 60% a cobrar en 5 cuotas, es necesario una apertura de paritarias para restituir a los trabajadores parte de lo perdido. Con el esquema de aumento salarial actual, dicha p\u00e9rdida sumar\u00eda otro 30%. Esta situaci\u00f3n se torna insostenible<\/em>.<\/p>\n\n\n\n<p><em>El Estado debiera hacer uso de su capacidad de contralor poniendo freno a los formadores de precios por parte de los grupos concentrados de poder, que adem\u00e1s manejan un sinn\u00famero de empresas de telecomunicaciones fomentando d\u00eda a d\u00eda una salida violenta a la crisis econ\u00f3mica actu<\/em>al.<\/p>\n\n\n\n<p><em>En un pa\u00eds que produce grandes cantidades de alimentos, que ese sea uno de los rubros m\u00e1s afectados por la inflaci\u00f3n es una verg\u00fcenza, acrecienta m\u00e1s la desigualdad social, poniendo de manifiesto la mala distribuci\u00f3n de la riqueza, creando un clima social poco favorable.<\/em><\/p>\n\n\n\n<p><em>Es indispensable que se instrumenten herramientas para paliar la situaci\u00f3n ya planteadas por ATE-CONAE a las autoridades de CONAE, MINCYT y la SGyEP como ser:<\/em><\/p>\n\n\n\n<p>-Adicional por actividad espacial, tanto t\u00e9cnico como personal de apoyo a esas actividades, reconociendo que este sector tiene salarios diferenciales, quienes deciden permanecer trabajando en la instituci\u00f3n lo hacen resignando salario en comparaci\u00f3n con lo que pagan empresas privadas del sector. Es necesario, de <em>manera urgente, aplicar este adicional para retener y contratar personal para sustento al Plan Nacional Espacial,<\/em><\/p>\n\n\n\n<p>&#8211;<em>Incremento del Adicional por T\u00edtulos, 40% t\u00edtulo universitario, 25% terciario y 20% secundario acorde a SINEP.<\/em><\/p>\n\n\n\n<p><em>-Adicional Inform\u00e1tico, las personas que se desempe\u00f1an en las \u00e1reas TIC, con o sin titulaci\u00f3n, son parte de un mercado deslocalizado y tienen posibilidades de trabajar para el exterior de modo freelance, cobrando en moneda extranjera o en relaci\u00f3n de dependencia en empresas locales del sector que pagan sueldos que superan en el 50% a los de nuestra instituci\u00f3n.<\/em><\/p>\n\n\n\n<p><em>Es imperiosa la reapertura de las<\/em> par<em>itarias que respondan a las necesidades de todas las personas que trabajan en CONAE.<\/em><\/p>\n\n\n\n<p><em>ATE CONAE, el compromiso por mejorar nuestras condiciones de trabajo.<\/em><\/p>\n\n\n\n<p><em>Estamos en CONAE, hacemos CONAE, somos CONAE.<\/em><\/p>\n\n\n\n<p>Contactanos: E-mail:&nbsp;<a href=\"mailto:ate.conae@gmail.com\" target=\"_blank\" rel=\"noreferrer noopener\">ate.conae@gmail.com<\/a> \/ Instagram: @ate.conae \/ Facebook: Ateconae \/ Twitter: @ATE_CONAE<\/p>\n","protected":false},"excerpt":{"rendered":"<p>Un comunicado de la representaci\u00f3n de ATE en el sector alerta sobre la p\u00e9rdida de recursos humanos estatales por los bajos salarios y reclama una urgente recomposici\u00f3n salarial. &#8220;Desde ATE-CONAE venimos manifestando desde principio de a\u00f1o nuestra preocupaci\u00f3n por la p\u00e9rdida de personal de irremplazables conocimientos y experiencia, equipos de trabajo diezmados y otros que [&hellip;]<\/p>\n","protected":false},"author":7,"featured_media":33717,"comment_status":"open","ping_status":"open","sticky":false,"template":"","format":"standard","meta":{"_exactmetrics_skip_tracking":false,"_exactmetrics_sitenote_active":false,"_exactmetrics_sitenote_note":"","_exactmetrics_sitenote_category":0,"jnews-multi-image_gallery":[],"jnews_single_post":{"subtitle":"Adem\u00e1s de recuperar salario frente a la inflaci\u00f3n actual, nuestro gremio solicita que se recomponga el 30% de poder adquisitivo perdido durante el periodo macrista. ","format":"standard","video":"","gallery":"","source_name":"","source_url":"","via_name":"","via_url":"","override_template":"0","override":[{"template":"1","single_blog_custom":"","parallax":"1","fullscreen":"1","layout":"right-sidebar","sidebar":"default-sidebar","second_sidebar":"default-sidebar","sticky_sidebar":"1","share_position":"top","share_float_style":"share-monocrhome","show_share_counter":"1","show_view_counter":"1","show_featured":"1","show_post_meta":"1","show_post_author":"1","show_post_author_image":"1","show_post_date":"1","post_date_format":"default","post_date_format_custom":"Y\/m\/d","show_post_category":"1","show_post_reading_time":"0","post_reading_time_wpm":"300","show_zoom_button":"0","zoom_button_out_step":"2","zoom_button_in_step":"3","show_post_tag":"1","show_prev_next_post":"1","show_popup_post":"1","number_popup_post":"1","show_author_box":"0","show_post_related":"0","show_inline_post_related":"0"}],"override_image_size":"0","image_override":[{"single_post_thumbnail_size":"crop-500","single_post_gallery_size":"crop-500"}],"trending_post":"0","trending_post_position":"meta","trending_post_label":"Trending","sponsored_post":"0","sponsored_post_label":"Sponsored by","sponsored_post_name":"","sponsored_post_url":"","sponsored_post_logo_enable":"0","sponsored_post_logo":"","sponsored_post_desc":"","disable_ad":"0"},"jnews_primary_category":{"id":""},"jnews_social_meta":{"fb_title":"","fb_description":"","fb_image":"","twitter_title":"","twitter_description":"","twitter_image":""},"jnews_review":[],"enable_review":"0","type":"percentage","name":"","summary":"","brand":"","sku":"","good":[{"good_text":""}],"bad":[{"bad_text":""}],"score_override":"","override_value":"","rating":[{"rating_text":"","rating_number":"10"}],"price":[{"shop":"","price":"","link":"","icon":""}],"jnews_override_counter":{"override_view_counter":"0","view_counter_number":"0","override_share_counter":"0","share_counter_number":"0","override_like_counter":"0","like_counter_number":"0","override_dislike_counter":"0","dislike_counter_number":"0"},"jnews_post_split":{"enable_post_split":"0","post_split":[{"template":"1","tag":"h2","numbering":"asc","mode":"normal","first":"0","enable_toc":"0","toc_type":"normal"}]},"footnotes":""},"categories":[341,18],"tags":[463],"class_list":["post-33715","post","type-post","status-publish","format-standard","has-post-thumbnail","hentry","category-cdp","category-nacionales","tag-conae"],"jetpack_featured_media_url":"https:\/\/atecordoba.org\/wp-content\/uploads\/2022\/09\/CONAE-LOGO.jpg","_links":{"self":[{"href":"https:\/\/atecordoba.org\/index.php?rest_route=\/wp\/v2\/posts\/33715","targetHints":{"allow":["GET"]}}],"collection":[{"href":"https:\/\/atecordoba.org\/index.php?rest_route=\/wp\/v2\/posts"}],"about":[{"href":"https:\/\/atecordoba.org\/index.php?rest_route=\/wp\/v2\/types\/post"}],"author":[{"embeddable":true,"href":"https:\/\/atecordoba.org\/index.php?rest_route=\/wp\/v2\/users\/7"}],"replies":[{"embeddable":true,"href":"https:\/\/atecordoba.org\/index.php?rest_route=%2Fwp%2Fv2%2Fcomments&post=33715"}],"version-history":[{"count":1,"href":"https:\/\/atecordoba.org\/index.php?rest_route=\/wp\/v2\/posts\/33715\/revisions"}],"predecessor-version":[{"id":33718,"href":"https:\/\/atecordoba.org\/index.php?rest_route=\/wp\/v2\/posts\/33715\/revisions\/33718"}],"wp:featuredmedia":[{"embeddable":true,"href":"https:\/\/atecordoba.org\/index.php?rest_route=\/wp\/v2\/media\/33717"}],"wp:attachment":[{"href":"https:\/\/atecordoba.org\/index.php?rest_route=%2Fwp%2Fv2%2Fmedia&parent=33715"}],"wp:term":[{"taxonomy":"category","embeddable":true,"href":"https:\/\/atecordoba.org\/index.php?rest_route=%2Fwp%2Fv2%2Fcategories&post=33715"},{"taxonomy":"post_tag","embeddable":true,"href":"https:\/\/atecordoba.org\/index.php?rest_route=%2Fwp%2Fv2%2Ftags&post=33715"}],"curies":[{"name":"wp","href":"https:\/\/api.w.org\/{rel}","templated":true}]}}