{"id":33710,"date":"2022-09-16T12:37:15","date_gmt":"2022-09-16T15:37:15","guid":{"rendered":"https:\/\/atecordoba.org\/?p=33710"},"modified":"2022-09-16T12:37:58","modified_gmt":"2022-09-16T15:37:58","slug":"ate-quiere-hacer-pie-en-la-municipalidad-de-san-pedro","status":"publish","type":"post","link":"https:\/\/atecordoba.org\/?p=33710","title":{"rendered":"ATE quiere hacer pie en la Municipalidad de San Pedro"},"content":{"rendered":"\n<p><\/p>\n\n\n\n<div class=\"wp-block-image\"><figure class=\"aligncenter size-large is-resized\"><img loading=\"lazy\" decoding=\"async\" src=\"https:\/\/atecordoba.org\/wp-content\/uploads\/2022\/09\/WhatsApp-Image-2022-09-16-at-09.45.51-1024x1017.jpeg\" alt=\"\" class=\"wp-image-33711\" width=\"768\" height=\"763\" srcset=\"https:\/\/atecordoba.org\/wp-content\/uploads\/2022\/09\/WhatsApp-Image-2022-09-16-at-09.45.51-1024x1017.jpeg 1024w, https:\/\/atecordoba.org\/wp-content\/uploads\/2022\/09\/WhatsApp-Image-2022-09-16-at-09.45.51-300x298.jpeg 300w, https:\/\/atecordoba.org\/wp-content\/uploads\/2022\/09\/WhatsApp-Image-2022-09-16-at-09.45.51-150x150.jpeg 150w, https:\/\/atecordoba.org\/wp-content\/uploads\/2022\/09\/WhatsApp-Image-2022-09-16-at-09.45.51-768x763.jpeg 768w, https:\/\/atecordoba.org\/wp-content\/uploads\/2022\/09\/WhatsApp-Image-2022-09-16-at-09.45.51-75x75.jpeg 75w, https:\/\/atecordoba.org\/wp-content\/uploads\/2022\/09\/WhatsApp-Image-2022-09-16-at-09.45.51-750x745.jpeg 750w, https:\/\/atecordoba.org\/wp-content\/uploads\/2022\/09\/WhatsApp-Image-2022-09-16-at-09.45.51.jpeg 1080w\" sizes=\"auto, (max-width: 768px) 100vw, 768px\" \/><\/figure><\/div>\n\n\n\n<p>En el d\u00eda de hoy la Delegaci\u00f3n ATE Traslasierra visit\u00f3 a trabajadores y trabajadoras  de la Municipalidad de San Pedro para acercar la propuesta gremial de nuestra organizaci\u00f3n, que tiene por lucha fundamental la mejora de los salarios del sector municipal.<\/p>\n\n\n\n<p>Los delegados Mary Diaz y Jorge Galaburri difundieron las pol\u00edticas de ATE y los beneficios que tienen los afiliados por integrar nuestro sindicato. <\/p>\n\n\n\n<p>&#8220;Invitamos a los compa\u00f1eros y compa\u00f1eras para este s\u00e1bado a la jornada de capacitaci\u00f3n para Municipales a cargo del secretario de Formaci\u00f3n de Consejo Directivo Provincial, Cesar Theaux, que se dictar\u00e1 en la Casa de ATE en Villa Dolores&#8221;, dijo Galaburri.<\/p>\n\n\n\n<p><strong>D\u00eda de las Infancia<\/strong><\/p>\n\n\n\n<p>A su vez, este domingo se llevar\u00e1 a cabo en la Casa de ATE Traslasierra, Italia 345 Villa Dolores, la celebraci\u00f3n del D\u00eda de las Infancias con puesta de la obra de teatro de t\u00edteres &#8220;Los tres Mosquetones&#8221;, con entrada gratuita y abierto al p\u00fablico en general. Se servir\u00e1 una chocolatada para todos y juegos con alegr\u00eda en el amplio patio al libre.<\/p>\n\n\n\n<p><br><br><\/p>\n","protected":false},"excerpt":{"rendered":"<p>En el d\u00eda de hoy la Delegaci\u00f3n ATE Traslasierra visit\u00f3 a trabajadores y trabajadoras de la Municipalidad de San Pedro para acercar la propuesta gremial de nuestra organizaci\u00f3n, que tiene por lucha fundamental la mejora de los salarios del sector municipal. Los delegados Mary Diaz y Jorge Galaburri difundieron las pol\u00edticas de ATE y los [&hellip;]<\/p>\n","protected":false},"author":7,"featured_media":33712,"comment_status":"open","ping_status":"open","sticky":false,"template":"","format":"standard","meta":{"_exactmetrics_skip_tracking":false,"_exactmetrics_sitenote_active":false,"_exactmetrics_sitenote_note":"","_exactmetrics_sitenote_category":0,"jnews-multi-image_gallery":[],"jnews_single_post":{"subtitle":"Los delegados Mary Diaz y Jorge Galaburri difundieron las pol\u00edticas de ATE y los beneficios que tienen las y los afiliados por integrar nuestro sindicato. ","format":"standard","video":"","gallery":"","source_name":"","source_url":"","via_name":"","via_url":"","override_template":"0","override":[{"template":"1","single_blog_custom":"","parallax":"1","fullscreen":"1","layout":"right-sidebar","sidebar":"default-sidebar","second_sidebar":"default-sidebar","sticky_sidebar":"1","share_position":"top","share_float_style":"share-monocrhome","show_share_counter":"1","show_view_counter":"1","show_featured":"1","show_post_meta":"1","show_post_author":"1","show_post_author_image":"1","show_post_date":"1","post_date_format":"default","post_date_format_custom":"Y\/m\/d","show_post_category":"1","show_post_reading_time":"0","post_reading_time_wpm":"300","show_zoom_button":"0","zoom_button_out_step":"2","zoom_button_in_step":"3","show_post_tag":"1","show_prev_next_post":"1","show_popup_post":"1","number_popup_post":"1","show_author_box":"0","show_post_related":"0","show_inline_post_related":"0"}],"override_image_size":"0","image_override":[{"single_post_thumbnail_size":"crop-500","single_post_gallery_size":"crop-500"}],"trending_post":"0","trending_post_position":"meta","trending_post_label":"Trending","sponsored_post":"0","sponsored_post_label":"Sponsored by","sponsored_post_name":"","sponsored_post_url":"","sponsored_post_logo_enable":"0","sponsored_post_logo":"","sponsored_post_desc":"","disable_ad":"0"},"jnews_primary_category":{"id":""},"jnews_social_meta":{"fb_title":"","fb_description":"","fb_image":"","twitter_title":"","twitter_description":"","twitter_image":""},"jnews_review":[],"enable_review":"0","type":"percentage","name":"","summary":"","brand":"","sku":"","good":[{"good_text":""}],"bad":[{"bad_text":""}],"score_override":"","override_value":"","rating":[{"rating_text":"","rating_number":"10"}],"price":[{"shop":"","price":"","link":"","icon":""}],"jnews_override_counter":{"override_view_counter":"0","view_counter_number":"0","override_share_counter":"0","share_counter_number":"0","override_like_counter":"0","like_counter_number":"0","override_dislike_counter":"0","dislike_counter_number":"0"},"jnews_post_split":{"enable_post_split":"0","post_split":[{"template":"1","tag":"h2","numbering":"asc","mode":"normal","first":"0","enable_toc":"0","toc_type":"normal"}]},"footnotes":""},"categories":[1056,20],"tags":[1221],"class_list":["post-33710","post","type-post","status-publish","format-standard","has-post-thumbnail","hentry","category-traslasierra","category-municipales","tag-municipalidad-de-san-pedro"],"jetpack_featured_media_url":"https:\/\/atecordoba.org\/wp-content\/uploads\/2022\/09\/sanpedro-e1663342626316.jpeg","_links":{"self":[{"href":"https:\/\/atecordoba.org\/index.php?rest_route=\/wp\/v2\/posts\/33710","targetHints":{"allow":["GET"]}}],"collection":[{"href":"https:\/\/atecordoba.org\/index.php?rest_route=\/wp\/v2\/posts"}],"about":[{"href":"https:\/\/atecordoba.org\/index.php?rest_route=\/wp\/v2\/types\/post"}],"author":[{"embeddable":true,"href":"https:\/\/atecordoba.org\/index.php?rest_route=\/wp\/v2\/users\/7"}],"replies":[{"embeddable":true,"href":"https:\/\/atecordoba.org\/index.php?rest_route=%2Fwp%2Fv2%2Fcomments&post=33710"}],"version-history":[{"count":1,"href":"https:\/\/atecordoba.org\/index.php?rest_route=\/wp\/v2\/posts\/33710\/revisions"}],"predecessor-version":[{"id":33713,"href":"https:\/\/atecordoba.org\/index.php?rest_route=\/wp\/v2\/posts\/33710\/revisions\/33713"}],"wp:featuredmedia":[{"embeddable":true,"href":"https:\/\/atecordoba.org\/index.php?rest_route=\/wp\/v2\/media\/33712"}],"wp:attachment":[{"href":"https:\/\/atecordoba.org\/index.php?rest_route=%2Fwp%2Fv2%2Fmedia&parent=33710"}],"wp:term":[{"taxonomy":"category","embeddable":true,"href":"https:\/\/atecordoba.org\/index.php?rest_route=%2Fwp%2Fv2%2Fcategories&post=33710"},{"taxonomy":"post_tag","embeddable":true,"href":"https:\/\/atecordoba.org\/index.php?rest_route=%2Fwp%2Fv2%2Ftags&post=33710"}],"curies":[{"name":"wp","href":"https:\/\/api.w.org\/{rel}","templated":true}]}}