{"id":33697,"date":"2022-09-16T09:52:15","date_gmt":"2022-09-16T12:52:15","guid":{"rendered":"https:\/\/atecordoba.org\/?p=33697"},"modified":"2022-09-16T11:20:38","modified_gmt":"2022-09-16T14:20:38","slug":"asamblea-informativa-en-mendiolaza","status":"publish","type":"post","link":"https:\/\/atecordoba.org\/?p=33697","title":{"rendered":"Asamblea informativa en Mendiolaza"},"content":{"rendered":"\n<div class=\"wp-block-image\"><figure class=\"aligncenter size-large is-resized\"><img loading=\"lazy\" decoding=\"async\" src=\"https:\/\/atecordoba.org\/wp-content\/uploads\/2022\/09\/15-09-Visita-Mendiolaza-1024x768.jpeg\" alt=\"\" class=\"wp-image-33698\" width=\"768\" height=\"576\" srcset=\"https:\/\/atecordoba.org\/wp-content\/uploads\/2022\/09\/15-09-Visita-Mendiolaza-1024x768.jpeg 1024w, https:\/\/atecordoba.org\/wp-content\/uploads\/2022\/09\/15-09-Visita-Mendiolaza-300x225.jpeg 300w, https:\/\/atecordoba.org\/wp-content\/uploads\/2022\/09\/15-09-Visita-Mendiolaza-768x576.jpeg 768w, https:\/\/atecordoba.org\/wp-content\/uploads\/2022\/09\/15-09-Visita-Mendiolaza-1536x1152.jpeg 1536w, https:\/\/atecordoba.org\/wp-content\/uploads\/2022\/09\/15-09-Visita-Mendiolaza-750x563.jpeg 750w, https:\/\/atecordoba.org\/wp-content\/uploads\/2022\/09\/15-09-Visita-Mendiolaza-1140x855.jpeg 1140w, https:\/\/atecordoba.org\/wp-content\/uploads\/2022\/09\/15-09-Visita-Mendiolaza.jpeg 1600w\" sizes=\"auto, (max-width: 768px) 100vw, 768px\" \/><\/figure><\/div>\n\n\n\n<p>Con la presencia de la conducci\u00f3n provincial de ATE C\u00f3rdoba se realiz\u00f3 ayer una asamblea informativa con las y los afiliados municipales de la localidad de Mendiolaza. <\/p>\n\n\n\n<p>Se trata de uno de los sectores con importante crecimiento de afiliaciones de este 2022, m\u00e1s que duplicando la cantidad de compa\u00f1eros y compa\u00f1eras que se sumaron a ATE desde diciembre pasado a esta parte. <\/p>\n\n\n\n<p>Por eso el secretario General del Consejo Directivo Provincial (CDP), Federico Giuliani, alent\u00f3 a los compa\u00f1eros y compa\u00f1eras presentes a continuar por la senda de incorporar mayor personal municipal dentro del padr\u00f3n de ATE ya que nuestra organizaci\u00f3n se encuentra a pocas fichas de convertirse en mayoritaria en la Municipalidad de Mendiolaza. <\/p>\n\n\n\n<p>De alcanzar esa cifra, nuestro gremio pasar\u00e1 a ser firmante de la paritaria lo que ser\u00e1 un gran logro para impulsar mejoras en las condiciones de trabajo, salarios dignos, pase a planta y el resto de las demandas del sector.<\/p>\n\n\n\n<figure class=\"wp-block-gallery has-nested-images columns-default is-cropped wp-block-gallery-1 is-layout-flex wp-block-gallery-is-layout-flex\">\n<figure class=\"wp-block-image size-large\"><img loading=\"lazy\" decoding=\"async\" width=\"1024\" height=\"768\" data-id=\"33699\" src=\"https:\/\/atecordoba.org\/wp-content\/uploads\/2022\/09\/15-09-Visita-Mendiolaza3-1024x768.jpeg\" alt=\"\" class=\"wp-image-33699\" srcset=\"https:\/\/atecordoba.org\/wp-content\/uploads\/2022\/09\/15-09-Visita-Mendiolaza3-1024x768.jpeg 1024w, https:\/\/atecordoba.org\/wp-content\/uploads\/2022\/09\/15-09-Visita-Mendiolaza3-300x225.jpeg 300w, https:\/\/atecordoba.org\/wp-content\/uploads\/2022\/09\/15-09-Visita-Mendiolaza3-768x576.jpeg 768w, https:\/\/atecordoba.org\/wp-content\/uploads\/2022\/09\/15-09-Visita-Mendiolaza3-1536x1152.jpeg 1536w, https:\/\/atecordoba.org\/wp-content\/uploads\/2022\/09\/15-09-Visita-Mendiolaza3-750x563.jpeg 750w, https:\/\/atecordoba.org\/wp-content\/uploads\/2022\/09\/15-09-Visita-Mendiolaza3-1140x855.jpeg 1140w, https:\/\/atecordoba.org\/wp-content\/uploads\/2022\/09\/15-09-Visita-Mendiolaza3.jpeg 1600w\" sizes=\"auto, (max-width: 1024px) 100vw, 1024px\" \/><\/figure>\n\n\n\n<figure class=\"wp-block-image size-large\"><img loading=\"lazy\" decoding=\"async\" width=\"1024\" height=\"768\" data-id=\"33701\" src=\"https:\/\/atecordoba.org\/wp-content\/uploads\/2022\/09\/15-09-Visita-Mendiolaza4-1024x768.jpeg\" alt=\"\" class=\"wp-image-33701\" srcset=\"https:\/\/atecordoba.org\/wp-content\/uploads\/2022\/09\/15-09-Visita-Mendiolaza4-1024x768.jpeg 1024w, https:\/\/atecordoba.org\/wp-content\/uploads\/2022\/09\/15-09-Visita-Mendiolaza4-300x225.jpeg 300w, https:\/\/atecordoba.org\/wp-content\/uploads\/2022\/09\/15-09-Visita-Mendiolaza4-768x576.jpeg 768w, https:\/\/atecordoba.org\/wp-content\/uploads\/2022\/09\/15-09-Visita-Mendiolaza4-1536x1152.jpeg 1536w, https:\/\/atecordoba.org\/wp-content\/uploads\/2022\/09\/15-09-Visita-Mendiolaza4-750x563.jpeg 750w, https:\/\/atecordoba.org\/wp-content\/uploads\/2022\/09\/15-09-Visita-Mendiolaza4-1140x855.jpeg 1140w, https:\/\/atecordoba.org\/wp-content\/uploads\/2022\/09\/15-09-Visita-Mendiolaza4.jpeg 1600w\" sizes=\"auto, (max-width: 1024px) 100vw, 1024px\" \/><\/figure>\n\n\n\n<figure class=\"wp-block-image size-large\"><img loading=\"lazy\" decoding=\"async\" width=\"1024\" height=\"768\" data-id=\"33700\" src=\"https:\/\/atecordoba.org\/wp-content\/uploads\/2022\/09\/15-09-Visita-Mendiolaza2-1024x768.jpeg\" alt=\"\" class=\"wp-image-33700\" srcset=\"https:\/\/atecordoba.org\/wp-content\/uploads\/2022\/09\/15-09-Visita-Mendiolaza2-1024x768.jpeg 1024w, https:\/\/atecordoba.org\/wp-content\/uploads\/2022\/09\/15-09-Visita-Mendiolaza2-300x225.jpeg 300w, https:\/\/atecordoba.org\/wp-content\/uploads\/2022\/09\/15-09-Visita-Mendiolaza2-768x576.jpeg 768w, https:\/\/atecordoba.org\/wp-content\/uploads\/2022\/09\/15-09-Visita-Mendiolaza2-1536x1152.jpeg 1536w, https:\/\/atecordoba.org\/wp-content\/uploads\/2022\/09\/15-09-Visita-Mendiolaza2-750x563.jpeg 750w, https:\/\/atecordoba.org\/wp-content\/uploads\/2022\/09\/15-09-Visita-Mendiolaza2-1140x855.jpeg 1140w, https:\/\/atecordoba.org\/wp-content\/uploads\/2022\/09\/15-09-Visita-Mendiolaza2.jpeg 1600w\" sizes=\"auto, (max-width: 1024px) 100vw, 1024px\" \/><\/figure>\n<\/figure>\n\n\n\n<p>En la oportunidad, acompa\u00f1aron a Giuliani el secretario de Formaci\u00f3n, C\u00e9sar Teaux, junto la delegada municipal Mar\u00eda Jos\u00e9 Figueroa, Javier Bracamonte del Departamento de Salud Laboral, Agust\u00edn Bertone, del \u00e1rea de Acci\u00f3n Social y el secretario General de la CTAA C\u00f3rdoba Capital, Jorge Chalup.<\/p>\n\n\n\n<p>&#8220;Comunicamos tambi\u00e9n los convenios que tenemos en materia de acci\u00f3n social, as\u00ed como las capacitaciones que estamos desarrollando desde el CDP&#8221;, resumi\u00f3 Teaux.<\/p>\n\n\n\n<p>A su vez, durante la visita ATE solicit\u00f3 una audiencia formal con el intendente Daniel Salivi &#8220;para que reciba a Federico Giuliani para participar de la mesa de relaciones laborales conformada en el mismo municipio&#8221;, complet\u00f3 el secretario de Formaci\u00f3n. <\/p>\n\n\n\n<p><\/p>\n","protected":false},"excerpt":{"rendered":"<p>Con la presencia de la conducci\u00f3n provincial de ATE C\u00f3rdoba se realiz\u00f3 ayer una asamblea informativa con las y los afiliados municipales de la localidad de Mendiolaza. Se trata de uno de los sectores con importante crecimiento de afiliaciones de este 2022, m\u00e1s que duplicando la cantidad de compa\u00f1eros y compa\u00f1eras que se sumaron a [&hellip;]<\/p>\n","protected":false},"author":7,"featured_media":33702,"comment_status":"open","ping_status":"open","sticky":false,"template":"","format":"standard","meta":{"_exactmetrics_skip_tracking":false,"_exactmetrics_sitenote_active":false,"_exactmetrics_sitenote_note":"","_exactmetrics_sitenote_category":0,"jnews-multi-image_gallery":[],"jnews_single_post":{"subtitle":"El secretario General de ATE C\u00f3rdoba Federico Giuliani solicit\u00f3 una audiencia con el intendente Salivi.","format":"standard","video":"","gallery":"","source_name":"","source_url":"","via_name":"","via_url":"","override_template":"0","override":[{"template":"1","single_blog_custom":"","parallax":"1","fullscreen":"1","layout":"right-sidebar","sidebar":"default-sidebar","second_sidebar":"default-sidebar","sticky_sidebar":"1","share_position":"top","share_float_style":"share-monocrhome","show_share_counter":"1","show_view_counter":"1","show_featured":"1","show_post_meta":"1","show_post_author":"1","show_post_author_image":"1","show_post_date":"1","post_date_format":"default","post_date_format_custom":"Y\/m\/d","show_post_category":"1","show_post_reading_time":"0","post_reading_time_wpm":"300","show_zoom_button":"0","zoom_button_out_step":"2","zoom_button_in_step":"3","show_post_tag":"1","show_prev_next_post":"1","show_popup_post":"1","number_popup_post":"1","show_author_box":"0","show_post_related":"0","show_inline_post_related":"0"}],"override_image_size":"0","image_override":[{"single_post_thumbnail_size":"crop-500","single_post_gallery_size":"crop-500"}],"trending_post":"0","trending_post_position":"meta","trending_post_label":"Trending","sponsored_post":"0","sponsored_post_label":"Sponsored by","sponsored_post_name":"","sponsored_post_url":"","sponsored_post_logo_enable":"0","sponsored_post_logo":"","sponsored_post_desc":"","disable_ad":"0"},"jnews_primary_category":{"id":""},"jnews_social_meta":{"fb_title":"","fb_description":"","fb_image":"","twitter_title":"","twitter_description":"","twitter_image":""},"jnews_review":[],"enable_review":"0","type":"percentage","name":"","summary":"","brand":"","sku":"","good":[{"good_text":""}],"bad":[{"bad_text":""}],"score_override":"","override_value":"","rating":[{"rating_text":"","rating_number":"10"}],"price":[{"shop":"","price":"","link":"","icon":""}],"jnews_override_counter":{"override_view_counter":"0","view_counter_number":"0","override_share_counter":"0","share_counter_number":"0","override_like_counter":"0","like_counter_number":"0","override_dislike_counter":"0","dislike_counter_number":"0"},"jnews_post_split":{"enable_post_split":"0","post_split":[{"template":"1","tag":"h2","numbering":"asc","mode":"normal","first":"0","enable_toc":"0","toc_type":"normal"}]},"footnotes":""},"categories":[341,20],"tags":[],"class_list":["post-33697","post","type-post","status-publish","format-standard","has-post-thumbnail","hentry","category-cdp","category-municipales"],"jetpack_featured_media_url":"https:\/\/atecordoba.org\/wp-content\/uploads\/2022\/09\/VisitaMendiolaza-e1663332529713.jpeg","_links":{"self":[{"href":"https:\/\/atecordoba.org\/index.php?rest_route=\/wp\/v2\/posts\/33697","targetHints":{"allow":["GET"]}}],"collection":[{"href":"https:\/\/atecordoba.org\/index.php?rest_route=\/wp\/v2\/posts"}],"about":[{"href":"https:\/\/atecordoba.org\/index.php?rest_route=\/wp\/v2\/types\/post"}],"author":[{"embeddable":true,"href":"https:\/\/atecordoba.org\/index.php?rest_route=\/wp\/v2\/users\/7"}],"replies":[{"embeddable":true,"href":"https:\/\/atecordoba.org\/index.php?rest_route=%2Fwp%2Fv2%2Fcomments&post=33697"}],"version-history":[{"count":3,"href":"https:\/\/atecordoba.org\/index.php?rest_route=\/wp\/v2\/posts\/33697\/revisions"}],"predecessor-version":[{"id":33709,"href":"https:\/\/atecordoba.org\/index.php?rest_route=\/wp\/v2\/posts\/33697\/revisions\/33709"}],"wp:featuredmedia":[{"embeddable":true,"href":"https:\/\/atecordoba.org\/index.php?rest_route=\/wp\/v2\/media\/33702"}],"wp:attachment":[{"href":"https:\/\/atecordoba.org\/index.php?rest_route=%2Fwp%2Fv2%2Fmedia&parent=33697"}],"wp:term":[{"taxonomy":"category","embeddable":true,"href":"https:\/\/atecordoba.org\/index.php?rest_route=%2Fwp%2Fv2%2Fcategories&post=33697"},{"taxonomy":"post_tag","embeddable":true,"href":"https:\/\/atecordoba.org\/index.php?rest_route=%2Fwp%2Fv2%2Ftags&post=33697"}],"curies":[{"name":"wp","href":"https:\/\/api.w.org\/{rel}","templated":true}]}}