{"id":33673,"date":"2022-09-15T10:35:44","date_gmt":"2022-09-15T13:35:44","guid":{"rendered":"https:\/\/atecordoba.org\/?p=33673"},"modified":"2022-09-15T10:37:15","modified_gmt":"2022-09-15T13:37:15","slug":"perdimos-el-miedo-la-lucha-de-las-trabajadoras-de-paicor-tuvo-esta-semana-otro-capitulo-en-tancacha","status":"publish","type":"post","link":"https:\/\/atecordoba.org\/?p=33673","title":{"rendered":"&#8220;Perdimos el miedo&#8221;: la lucha de las trabajadoras de PAICOR tuvo esta semana otro capitulo en Tancacha"},"content":{"rendered":"\n<div class=\"wp-block-image\"><figure class=\"aligncenter size-full is-resized\"><img loading=\"lazy\" decoding=\"async\" src=\"https:\/\/atecordoba.org\/wp-content\/uploads\/2022\/09\/marita-sosa-paicor.jpg\" alt=\"\" class=\"wp-image-33674\" width=\"686\" height=\"194\" srcset=\"https:\/\/atecordoba.org\/wp-content\/uploads\/2022\/09\/marita-sosa-paicor.jpg 593w, https:\/\/atecordoba.org\/wp-content\/uploads\/2022\/09\/marita-sosa-paicor-300x85.jpg 300w\" sizes=\"auto, (max-width: 686px) 100vw, 686px\" \/><\/figure><\/div>\n\n\n\n<p>Las trabajadoras de PAICOR que el Estado provincial se niega a reconocer como propias, tuvieron esta semana un nuevo cap\u00edtulo en Tancacha, cuando realizaron el corte de la ruta 6 para reclamarle al intendente la localidad, V\u00edctor Vera, que devuelva el d\u00eda descontado por el paro de actividades que el colectivo realiz\u00f3 el mes pasado, en el marco de reclamos por blanqueo, pago de salarios acorde la escala vigente, obra social y ART entre otros derechos que el gobierno de Schiaretti no aplica a las encargadas de dar de comer a 350 mil ni\u00f1os y ni\u00f1as escolarizadas en la provincia.<\/p>\n\n\n\n<p>A partir de su convicci\u00f3n organizativa un grupo de estas trabajadoras comenz\u00f3 este a\u00f1o a organizarse en ATE y CTAA.<\/p>\n\n\n\n<p>Para hablar sobre el tema el programa radial &#8216;Entre todos y todas&#8217;, que la Secretaria de Prensa de ATE C\u00f3rdoba emite cada martes en GEN FM 107.5, entrevist\u00f3 a Marita Sosa, referente del sector y trabajadora del Paicor en R\u00edo Tercero.<\/p>\n\n\n\n<figure class=\"wp-block-gallery has-nested-images columns-default is-cropped wp-block-gallery-1 is-layout-flex wp-block-gallery-is-layout-flex\">\n<figure class=\"wp-block-image size-large\"><a href=\"https:\/\/atecordoba.org\/wp-content\/uploads\/2022\/09\/bandera.jpg\"><img loading=\"lazy\" decoding=\"async\" width=\"300\" height=\"225\" data-id=\"33602\" src=\"https:\/\/atecordoba.org\/wp-content\/uploads\/2022\/09\/bandera.jpg\" alt=\"\" class=\"wp-image-33602\" \/><\/a><\/figure>\n\n\n\n<figure class=\"wp-block-image size-large\"><a href=\"https:\/\/atecordoba.org\/wp-content\/uploads\/2022\/09\/8-300x300-1.jpg\"><img loading=\"lazy\" decoding=\"async\" width=\"300\" height=\"300\" data-id=\"33603\" src=\"https:\/\/atecordoba.org\/wp-content\/uploads\/2022\/09\/8-300x300-1.jpg\" alt=\"\" class=\"wp-image-33603\" srcset=\"https:\/\/atecordoba.org\/wp-content\/uploads\/2022\/09\/8-300x300-1.jpg 300w, https:\/\/atecordoba.org\/wp-content\/uploads\/2022\/09\/8-300x300-1-150x150.jpg 150w, https:\/\/atecordoba.org\/wp-content\/uploads\/2022\/09\/8-300x300-1-75x75.jpg 75w\" sizes=\"auto, (max-width: 300px) 100vw, 300px\" \/><\/a><\/figure>\n\n\n\n<figure class=\"wp-block-image size-large\"><a href=\"https:\/\/atecordoba.org\/wp-content\/uploads\/2022\/09\/3-1-300x300-1.jpg\"><img loading=\"lazy\" decoding=\"async\" width=\"300\" height=\"300\" data-id=\"33606\" src=\"https:\/\/atecordoba.org\/wp-content\/uploads\/2022\/09\/3-1-300x300-1.jpg\" alt=\"\" class=\"wp-image-33606\" srcset=\"https:\/\/atecordoba.org\/wp-content\/uploads\/2022\/09\/3-1-300x300-1.jpg 300w, https:\/\/atecordoba.org\/wp-content\/uploads\/2022\/09\/3-1-300x300-1-150x150.jpg 150w, https:\/\/atecordoba.org\/wp-content\/uploads\/2022\/09\/3-1-300x300-1-75x75.jpg 75w\" sizes=\"auto, (max-width: 300px) 100vw, 300px\" \/><\/a><\/figure>\n<\/figure>\n\n\n\n<p>&#8220;El lunes nos movilizamos en repudio al intendente V\u00edctor Vera, de Tancacha, que realiz\u00f3 un descuento por d\u00eda de paro, de un ingreso que no es un salario claramente sino que el gobierno lo denomina \u2018compensaci\u00f3n voluntaria\u2019 y lo incluyen en un plan social&#8221;, explic\u00f3 Sosa. <\/p>\n\n\n\n<p>&#8220;Las chicas no son reconocidas como trabajadoras, entonces no entendemos por qu\u00e9 el descuento. Gracias a ATE, la CTAA, Sitraic, Aceiteros y Petroqu\u00edmicos, hicimos el corte de la Ruta 6, esperando que el intendente fuera a dialogar pero despu\u00e9s de dos horas nunca apareci\u00f3. Vera se cree due\u00f1o del pueblo y se maneja con arbitrariedad aplicando aprietes a las compa\u00f1eras&#8221;, denunci\u00f3.<\/p>\n\n\n\n<p><strong>\u00bfPor qu\u00e9 inciden los intendentes en un ambito como el Paicor que es provincial?<\/strong><\/p>\n\n\n\n<p>Como resultado de un acuerdo que hizo el gobierno de la provincia con algunos municipios, que aceptaron hacerse acargo del pago de las becas, otros no. Es el caso de Tancacha o R\u00edo Tercero en el marco del llamado \u2018plan de federalizaci\u00f3n\u2019, quiere decir que los intendentes son administradores del programa y tienen total autoridad para manejar a las trabajadoras como quieren. Por ejemplo, en R\u00edo Tercero hicimos el mismo paro que en Tancacha y no nos descontaron el d\u00eda.<\/p>\n\n\n\n<p><strong>\u00bfNo se cumple el derecho a huelga?<\/strong><\/p>\n\n\n\n<p>Claro, igual que la Constituci\u00f3n habla de los derechos que tenemos en el 14 BIS, pero ac\u00e1 las trabajadoras no tienen derecho a nada. Les descuentan la obra social del Estado provincial m\u00e1s un seguro que hace las veces de ART, entre 9 y 10 mil pesos para las mujeres que superan los 40 a\u00f1os, y por eso terminan cobran 22 mil pesos por mes. Ese seguro no cubre pr\u00e1cticamente nada. Nos hacen figurar como plan social pero nos aplican las retenciones como si fuese un sueldo. Pero nosotras no tenemos m\u00e1s que obligaciones, derechos nada.<\/p>\n\n\n\n<figure class=\"wp-block-gallery has-nested-images columns-default is-cropped wp-block-gallery-2 is-layout-flex wp-block-gallery-is-layout-flex\">\n<figure class=\"wp-block-image size-large\"><img loading=\"lazy\" decoding=\"async\" width=\"300\" height=\"300\" data-id=\"33604\" src=\"https:\/\/atecordoba.org\/wp-content\/uploads\/2022\/09\/305978685_10160141304314805_7587063902070309131_n-300x300-1.jpg\" alt=\"\" class=\"wp-image-33604\" srcset=\"https:\/\/atecordoba.org\/wp-content\/uploads\/2022\/09\/305978685_10160141304314805_7587063902070309131_n-300x300-1.jpg 300w, https:\/\/atecordoba.org\/wp-content\/uploads\/2022\/09\/305978685_10160141304314805_7587063902070309131_n-300x300-1-150x150.jpg 150w, https:\/\/atecordoba.org\/wp-content\/uploads\/2022\/09\/305978685_10160141304314805_7587063902070309131_n-300x300-1-75x75.jpg 75w\" sizes=\"auto, (max-width: 300px) 100vw, 300px\" \/><\/figure>\n\n\n\n<figure class=\"wp-block-image size-large\"><img loading=\"lazy\" decoding=\"async\" width=\"200\" height=\"200\" data-id=\"33599\" src=\"https:\/\/atecordoba.org\/wp-content\/uploads\/2022\/09\/portada-1-e1663080477559.jpg\" alt=\"\" class=\"wp-image-33599\" \/><\/figure>\n\n\n\n<figure class=\"wp-block-image size-large\"><img loading=\"lazy\" decoding=\"async\" width=\"300\" height=\"300\" data-id=\"33605\" src=\"https:\/\/atecordoba.org\/wp-content\/uploads\/2022\/09\/6-300x300-1.jpg\" alt=\"\" class=\"wp-image-33605\" srcset=\"https:\/\/atecordoba.org\/wp-content\/uploads\/2022\/09\/6-300x300-1.jpg 300w, https:\/\/atecordoba.org\/wp-content\/uploads\/2022\/09\/6-300x300-1-150x150.jpg 150w, https:\/\/atecordoba.org\/wp-content\/uploads\/2022\/09\/6-300x300-1-75x75.jpg 75w\" sizes=\"auto, (max-width: 300px) 100vw, 300px\" \/><\/figure>\n<\/figure>\n\n\n\n<p><strong>Las trabajadoras han perdido todo, hasta el miedo. \u00bfC\u00f3mo sienten que impacta en el colectivo de trabajadoras este etapa de organizaci\u00f3n en ATE?<\/strong><\/p>\n\n\n\n<p>Empezamos en R\u00edo Tercero, donde perdieron el miedo despu\u00e9s de a\u00f1os de no ser escuchadas. Con el apoyo que empez\u00f3 de los compa\u00f1eros petroqu\u00edmicos y ahora sigue de ATE y la CTA nos sentimos m\u00e1s fuertes. Y les decimos a las trabajadoras de otras localidades que pierdan el miedo, porque es la forma de liberarnos.<\/p>\n\n\n\n<p><strong>Repudio en la Legislatura al descuento<\/strong><\/p>\n\n\n\n<p>La legisladora cordobesa Noelia Ag\u00fcero, del Bloque Izquierda Unida en el FITU, emiti\u00f3 una declaraci\u00f3n del cuerpo el martes pasado donde repudi\u00f3 &#8220;los descuentos en los haberes de trabajadoras\/es Auxiliares Paicor de la localidad de Tancacha, Departamento Tercero Arriba,&nbsp;realizados por el Intendente V\u00edctor Hugo Vera. Bregando por la inmediata restituci\u00f3n de los montos descontados y el cese de toda persecuci\u00f3n laboral y sindical a estas\/os trabajadoras\/es&#8221;.<\/p>\n\n\n\n<p>Y apunt\u00f3 contra el intendente al afirmar que &#8220;la medida reaccionaria asumida por la gesti\u00f3n municipal de Hacemos por C\u00f3rdoba se da en el marco de la enorme lucha que las\/os docentes provinciales han desarrollado&nbsp;en rechazo a la propuesta salarial a la baja del Gobierno de la Provincia de C\u00f3rdoba. La jornada del 31 de agosto constituy\u00f3 un hecho hist\u00f3rico en el que las\/os docentes colmaron las calles en diferentes ciudades, entre ellas R\u00edo Tercero, jornada en la que el apoyo de las\/os auxiliares Paicor fue evidente y cont\u00f3 con la adhesi\u00f3n de auxiliares Paicor de Tancacha&#8221;.<\/p>\n\n\n\n<p>Y denunci\u00f3 en otro p\u00e1rrafo que &#8220;el apoyo a las medidas de fuerza de las\/os docentes se da en momentos en que la\/os auxiliares del Paicor reclaman mejoras salariales acordes a la actividad que realizan y el reconocimiento de sus horas de trabajo diarias con todos y cada uno de los derechos que corresponden a un trabajador. Sin embargo, el llamado Plan de Federalizaci\u00f3n del Programa Alimentario Provincial es un acuerdo que los Municipios firmaron con la Provincia para institucionalizar la precariedad laboral de miles de trabajadoras\/es que se encuentran desesperados por la falta de empleo genuino. Resulta al menos contradictorio que quienes expresan que las\/os auxiliares forman parte de un \u201cplan social\u201d y se niegan a reconocerlos como trabajadores, pretendan hoy descontar una jornada laboral de los haberes de indigencia que pagan&#8221;.<\/p>\n\n\n<a href=\"https:\/\/atecordoba.org\/wp-content\/uploads\/2022\/09\/Repudio-descuentos-PAICOR-Expediente-35962_D_22-1.pdf\" class=\"pdfemb-viewer\" style=\"\" data-width=\"max\" data-height=\"max\" data-toolbar=\"bottom\" data-toolbar-fixed=\"off\">Repudio-descuentos-PAICOR-Expediente-35962_D_22-1<\/a>\n<p class=\"wp-block-pdfemb-pdf-embedder-viewer\"><\/p>\n","protected":false},"excerpt":{"rendered":"<p>Las trabajadoras de PAICOR que el Estado provincial se niega a reconocer como propias, tuvieron esta semana un nuevo cap\u00edtulo en Tancacha, cuando realizaron el corte de la ruta 6 para reclamarle al intendente la localidad, V\u00edctor Vera, que devuelva el d\u00eda descontado por el paro de actividades que el colectivo realiz\u00f3 el mes pasado, [&hellip;]<\/p>\n","protected":false},"author":7,"featured_media":33674,"comment_status":"open","ping_status":"open","sticky":false,"template":"","format":"standard","meta":{"_exactmetrics_skip_tracking":false,"_exactmetrics_sitenote_active":false,"_exactmetrics_sitenote_note":"","_exactmetrics_sitenote_category":0,"jnews-multi-image_gallery":[],"jnews_single_post":{"subtitle":"La legisladora Noelia Ag\u00fcero emiti\u00f3 una declaraci\u00f3n repudiando al intendente de Tancacha que realiz\u00f3 los descuentos. ","format":"standard","video":"","gallery":"","source_name":"","source_url":"","via_name":"","via_url":"","override_template":"0","override":[{"template":"1","single_blog_custom":"","parallax":"1","fullscreen":"1","layout":"right-sidebar","sidebar":"default-sidebar","second_sidebar":"default-sidebar","sticky_sidebar":"1","share_position":"top","share_float_style":"share-monocrhome","show_share_counter":"1","show_view_counter":"1","show_featured":"1","show_post_meta":"1","show_post_author":"1","show_post_author_image":"1","show_post_date":"1","post_date_format":"default","post_date_format_custom":"Y\/m\/d","show_post_category":"1","show_post_reading_time":"0","post_reading_time_wpm":"300","show_zoom_button":"0","zoom_button_out_step":"2","zoom_button_in_step":"3","show_post_tag":"1","show_prev_next_post":"1","show_popup_post":"1","number_popup_post":"1","show_author_box":"0","show_post_related":"0","show_inline_post_related":"0"}],"override_image_size":"0","image_override":[{"single_post_thumbnail_size":"crop-500","single_post_gallery_size":"crop-500"}],"trending_post":"0","trending_post_position":"meta","trending_post_label":"Trending","sponsored_post":"0","sponsored_post_label":"Sponsored by","sponsored_post_name":"","sponsored_post_url":"","sponsored_post_logo_enable":"0","sponsored_post_logo":"","sponsored_post_desc":"","disable_ad":"0"},"jnews_primary_category":{"id":""},"jnews_social_meta":{"fb_title":"","fb_description":"","fb_image":"","twitter_title":"","twitter_description":"","twitter_image":""},"jnews_review":[],"enable_review":"0","type":"percentage","name":"","summary":"","brand":"","sku":"","good":[{"good_text":""}],"bad":[{"bad_text":""}],"score_override":"","override_value":"","rating":[{"rating_text":"","rating_number":"10"}],"price":[{"shop":"","price":"","link":"","icon":""}],"jnews_override_counter":{"override_view_counter":"0","view_counter_number":"0","override_share_counter":"0","share_counter_number":"0","override_like_counter":"0","like_counter_number":"0","override_dislike_counter":"0","dislike_counter_number":"0"},"jnews_post_split":{"enable_post_split":"0","post_split":[{"template":"1","tag":"h2","numbering":"asc","mode":"normal","first":"0","enable_toc":"0","toc_type":"normal"}]},"footnotes":""},"categories":[8],"tags":[1157],"class_list":["post-33673","post","type-post","status-publish","format-standard","has-post-thumbnail","hentry","category-provinciales","tag-auxiliares-paicor"],"jetpack_featured_media_url":"https:\/\/atecordoba.org\/wp-content\/uploads\/2022\/09\/marita-sosa-paicor.jpg","_links":{"self":[{"href":"https:\/\/atecordoba.org\/index.php?rest_route=\/wp\/v2\/posts\/33673","targetHints":{"allow":["GET"]}}],"collection":[{"href":"https:\/\/atecordoba.org\/index.php?rest_route=\/wp\/v2\/posts"}],"about":[{"href":"https:\/\/atecordoba.org\/index.php?rest_route=\/wp\/v2\/types\/post"}],"author":[{"embeddable":true,"href":"https:\/\/atecordoba.org\/index.php?rest_route=\/wp\/v2\/users\/7"}],"replies":[{"embeddable":true,"href":"https:\/\/atecordoba.org\/index.php?rest_route=%2Fwp%2Fv2%2Fcomments&post=33673"}],"version-history":[{"count":2,"href":"https:\/\/atecordoba.org\/index.php?rest_route=\/wp\/v2\/posts\/33673\/revisions"}],"predecessor-version":[{"id":33678,"href":"https:\/\/atecordoba.org\/index.php?rest_route=\/wp\/v2\/posts\/33673\/revisions\/33678"}],"wp:featuredmedia":[{"embeddable":true,"href":"https:\/\/atecordoba.org\/index.php?rest_route=\/wp\/v2\/media\/33674"}],"wp:attachment":[{"href":"https:\/\/atecordoba.org\/index.php?rest_route=%2Fwp%2Fv2%2Fmedia&parent=33673"}],"wp:term":[{"taxonomy":"category","embeddable":true,"href":"https:\/\/atecordoba.org\/index.php?rest_route=%2Fwp%2Fv2%2Fcategories&post=33673"},{"taxonomy":"post_tag","embeddable":true,"href":"https:\/\/atecordoba.org\/index.php?rest_route=%2Fwp%2Fv2%2Ftags&post=33673"}],"curies":[{"name":"wp","href":"https:\/\/api.w.org\/{rel}","templated":true}]}}