{"id":33668,"date":"2022-09-14T15:21:29","date_gmt":"2022-09-14T18:21:29","guid":{"rendered":"https:\/\/atecordoba.org\/?p=33668"},"modified":"2022-09-14T15:21:32","modified_gmt":"2022-09-14T18:21:32","slug":"taller-sobre-ambientes-laborales-libres-de-violencias-la-violencia-esta-intimamente-ligada-a-la-precarizacion-laboral","status":"publish","type":"post","link":"https:\/\/atecordoba.org\/?p=33668","title":{"rendered":"Taller sobre ambientes laborales libres de violencias: &#8220;la violencia est\u00e1 \u00edntimamente ligada a la precarizaci\u00f3n laboral&#8221;"},"content":{"rendered":"\n<div class=\"wp-block-image\"><figure class=\"alignleft size-large is-resized\"><img loading=\"lazy\" decoding=\"async\" src=\"https:\/\/atecordoba.org\/wp-content\/uploads\/2022\/09\/WhatsApp-Image-2022-09-14-at-15.03.41-1024x1024.jpeg\" alt=\"\" class=\"wp-image-33669\" width=\"512\" height=\"512\" \/><\/figure><\/div>\n\n\n\n<p>Hoy por la tarde, a partir de las 17 y hasta las 19 horas, el departamento de asesoramiento jur\u00eddico de ATE C\u00f3rdoba dictar\u00e1 un curso sobre la normativa que defiende a las y los trabajadores estatales de la provincia frente a la violencia laboral. El espacio ser\u00e1 dictado por zoom por la abogada Mar\u00eda Marta Terragno. <\/p>\n\n\n\n<p>El curso tendr\u00e1 un segundo cap\u00edtulo el pr\u00f3ximo 19 de septiembre.<\/p>\n\n\n\n<p>Consultada por el programa radial &#8220;Entre todos y todas&#8221;, que la Secretaria de Prensa de ATE C\u00f3rdoba emite cada martes por GEN FM 107.5, Terragno explic\u00f3 los principales t\u00f3picos que supone la actividad. <\/p>\n\n\n\n<p>&#8220;Vamos a abordar lo relacionado con la violencia laboral en el Estado, dirigido a compa\u00f1eros y compa\u00f1eras del Estado provincial especialmente. No solo abordaremos la salud desde la perspectiva f\u00edsica o psicof\u00edsica sino tambi\u00e9n desde la salud mental que se violenta tambi\u00e9n con situaciones de violencia laboral&#8221;, dijo Terragno.<\/p>\n\n\n\n<p><strong>\u00bfSon frecuentes estas situaciones, hay mucha consulta en el \u00e1rea jur\u00eddica del sindicato?<\/strong><\/p>\n\n\n\n<p>Si hay muchisimas, m\u00e1xime cuando en la Provincia de C\u00f3rdoba no hay una regulaci\u00f3n concreta. Vamos a ver diversas normativas obligatorias para el gobierno de C\u00f3rdoba, referidas a convenios internacionales, de la OIT, vigentes en Argentina.<\/p>\n\n\n\n<p>Las arbitrariedades son muchas y tienen que ver con un pase de una dependencia del Estado a otra sin fundamento, que podr\u00eda constuir un caso de violencia institucional, hasta obligar a personal de salud a realizar guardias pasivas sin remediaci\u00f3n en beneficio de su jornada laboral. Y por supuesto con sitauciones de maltratos y hostigamientos concretos, situaciones de \u00edndole sexual, violencia verbal o indiferencia. Son varias las situaciones.<\/p>\n\n\n\n<div class=\"wp-block-image\"><figure class=\"aligncenter size-full\"><img loading=\"lazy\" decoding=\"async\" width=\"592\" height=\"174\" src=\"https:\/\/atecordoba.org\/wp-content\/uploads\/2022\/09\/terragnomarta-1.jpg\" alt=\"\" class=\"wp-image-33671\" srcset=\"https:\/\/atecordoba.org\/wp-content\/uploads\/2022\/09\/terragnomarta-1.jpg 592w, https:\/\/atecordoba.org\/wp-content\/uploads\/2022\/09\/terragnomarta-1-300x88.jpg 300w\" sizes=\"auto, (max-width: 592px) 100vw, 592px\" \/><figcaption>La entrevista por zoom.<\/figcaption><\/figure><\/div>\n\n\n\n<p><strong>\u00bfC\u00f3mo act\u00faa la precarizaci\u00f3n laboral esos casos?<\/strong><\/p>\n\n\n\n<p>Es absolutamente condicionante a las situaciones de violencia laboral. Cuando una persona no tiene reconocidos sus derechos d registraci\u00f3n, en materia salarial, est\u00e1 en una situaci\u00f3n de mayor vulnerabilidad y asimetr\u00eda. Al momento de denunciar se tiene en cuenta.<\/p>\n\n\n\n<p>El miedo sobre realizar la denuncia o no es fundante de una relaci\u00f3n de violencia laboral para que se perpet\u00fae. No va a erradicarse la violencia laboral sin vigencia de los derechos laborales.<\/p>\n\n\n\n<p><\/p>\n","protected":false},"excerpt":{"rendered":"<p>Hoy por la tarde, a partir de las 17 y hasta las 19 horas, el departamento de asesoramiento jur\u00eddico de ATE C\u00f3rdoba dictar\u00e1 un curso sobre la normativa que defiende a las y los trabajadores estatales de la provincia frente a la violencia laboral. El espacio ser\u00e1 dictado por zoom por la abogada Mar\u00eda Marta [&hellip;]<\/p>\n","protected":false},"author":7,"featured_media":33669,"comment_status":"open","ping_status":"open","sticky":false,"template":"","format":"standard","meta":{"_exactmetrics_skip_tracking":false,"_exactmetrics_sitenote_active":false,"_exactmetrics_sitenote_note":"","_exactmetrics_sitenote_category":0,"jnews-multi-image_gallery":[],"jnews_single_post":{"subtitle":"En C\u00f3rdoba no hay normativa espec\u00edfica en la materia. ","format":"standard","video":"","gallery":"","source_name":"","source_url":"","via_name":"","via_url":"","override_template":"0","override":[{"template":"1","single_blog_custom":"","parallax":"1","fullscreen":"1","layout":"right-sidebar","sidebar":"default-sidebar","second_sidebar":"default-sidebar","sticky_sidebar":"1","share_position":"top","share_float_style":"share-monocrhome","show_share_counter":"1","show_view_counter":"1","show_featured":"1","show_post_meta":"1","show_post_author":"1","show_post_author_image":"1","show_post_date":"1","post_date_format":"default","post_date_format_custom":"Y\/m\/d","show_post_category":"1","show_post_reading_time":"0","post_reading_time_wpm":"300","show_zoom_button":"0","zoom_button_out_step":"2","zoom_button_in_step":"3","show_post_tag":"1","show_prev_next_post":"1","show_popup_post":"1","number_popup_post":"1","show_author_box":"0","show_post_related":"0","show_inline_post_related":"0"}],"override_image_size":"0","image_override":[{"single_post_thumbnail_size":"crop-500","single_post_gallery_size":"crop-500"}],"trending_post":"0","trending_post_position":"meta","trending_post_label":"Trending","sponsored_post":"0","sponsored_post_label":"Sponsored by","sponsored_post_name":"","sponsored_post_url":"","sponsored_post_logo_enable":"0","sponsored_post_logo":"","sponsored_post_desc":"","disable_ad":"0"},"jnews_primary_category":{"id":""},"jnews_social_meta":{"fb_title":"","fb_description":"","fb_image":"","twitter_title":"","twitter_description":"","twitter_image":""},"jnews_review":[],"enable_review":"0","type":"percentage","name":"","summary":"","brand":"","sku":"","good":[{"good_text":""}],"bad":[{"bad_text":""}],"score_override":"","override_value":"","rating":[{"rating_text":"","rating_number":"10"}],"price":[{"shop":"","price":"","link":"","icon":""}],"jnews_override_counter":{"override_view_counter":"0","view_counter_number":"0","override_share_counter":"0","share_counter_number":"0","override_like_counter":"0","like_counter_number":"0","override_dislike_counter":"0","dislike_counter_number":"0"},"jnews_post_split":{"enable_post_split":"0","post_split":[{"template":"1","tag":"h2","numbering":"asc","mode":"normal","first":"0","enable_toc":"0","toc_type":"normal"}]},"footnotes":""},"categories":[88],"tags":[541],"class_list":["post-33668","post","type-post","status-publish","format-standard","has-post-thumbnail","hentry","category-formacion","tag-violencia-laboral"],"jetpack_featured_media_url":"https:\/\/atecordoba.org\/wp-content\/uploads\/2022\/09\/WhatsApp-Image-2022-09-14-at-15.03.41-e1663179660307.jpeg","_links":{"self":[{"href":"https:\/\/atecordoba.org\/index.php?rest_route=\/wp\/v2\/posts\/33668","targetHints":{"allow":["GET"]}}],"collection":[{"href":"https:\/\/atecordoba.org\/index.php?rest_route=\/wp\/v2\/posts"}],"about":[{"href":"https:\/\/atecordoba.org\/index.php?rest_route=\/wp\/v2\/types\/post"}],"author":[{"embeddable":true,"href":"https:\/\/atecordoba.org\/index.php?rest_route=\/wp\/v2\/users\/7"}],"replies":[{"embeddable":true,"href":"https:\/\/atecordoba.org\/index.php?rest_route=%2Fwp%2Fv2%2Fcomments&post=33668"}],"version-history":[{"count":1,"href":"https:\/\/atecordoba.org\/index.php?rest_route=\/wp\/v2\/posts\/33668\/revisions"}],"predecessor-version":[{"id":33672,"href":"https:\/\/atecordoba.org\/index.php?rest_route=\/wp\/v2\/posts\/33668\/revisions\/33672"}],"wp:featuredmedia":[{"embeddable":true,"href":"https:\/\/atecordoba.org\/index.php?rest_route=\/wp\/v2\/media\/33669"}],"wp:attachment":[{"href":"https:\/\/atecordoba.org\/index.php?rest_route=%2Fwp%2Fv2%2Fmedia&parent=33668"}],"wp:term":[{"taxonomy":"category","embeddable":true,"href":"https:\/\/atecordoba.org\/index.php?rest_route=%2Fwp%2Fv2%2Fcategories&post=33668"},{"taxonomy":"post_tag","embeddable":true,"href":"https:\/\/atecordoba.org\/index.php?rest_route=%2Fwp%2Fv2%2Ftags&post=33668"}],"curies":[{"name":"wp","href":"https:\/\/api.w.org\/{rel}","templated":true}]}}