{"id":3366,"date":"2013-10-03T19:35:23","date_gmt":"2013-10-03T22:35:23","guid":{"rendered":"http:\/\/www.atecordoba.org\/?p=3366"},"modified":"2013-10-03T19:35:23","modified_gmt":"2013-10-03T22:35:23","slug":"asambleas-de-ate-en-hospitales-provinciales-viernes-4-y-lunes-7-de-octubre","status":"publish","type":"post","link":"https:\/\/atecordoba.org\/?p=3366","title":{"rendered":"Asambleas de ATE en hospitales provinciales \/ Viernes 4 y lunes 7 de octubre"},"content":{"rendered":"<p><em>En el marco del plan del plan de lucha que ATE viene desarrollando en el sistema hospitalario provincial, tras resolver el estado de asamblea y movilizaci\u00f3n el pasado 24 de septiembre, informamos que ma\u00f1ana viernes 4 y el lunes 7 de octubre se llevar\u00e1n a cabo asambleas en los hospitales Tr\u00e1nsito C\u00e1ceres de Allende, Misericordia, De Ni\u00f1os, Rawson y C\u00f3rdoba que resentir\u00e1n la atenci\u00f3n de los pacientes.<\/em><\/p>\n<figure id=\"attachment_3204\" aria-describedby=\"caption-attachment-3204\" style=\"width: 549px\" class=\"wp-caption aligncenter\"><a href=\"http:\/\/www.atecordoba.org\/wp-content\/uploads\/2013\/09\/protesta-frente-min-trabajo1.png\"><img loading=\"lazy\" decoding=\"async\" class=\" wp-image-3204 \" alt=\"\" src=\"http:\/\/www.atecordoba.org\/wp-content\/uploads\/2013\/09\/protesta-frente-min-trabajo1.png\" width=\"549\" height=\"365\" \/><\/a><figcaption id=\"caption-attachment-3204\" class=\"wp-caption-text\">ATE realizar\u00e1 asambleas en distintos hospitales de C\u00f3rdoba Capital<\/figcaption><\/figure>\n<p>Cada sector determinar\u00e1 el inicio y la duraci\u00f3n de la medida, conforme lo establezcan los compa\u00f1eros.<\/p>\n<p>Los trabajadores reclamamos por la falta de personal en los distintos servicios, en especial en enfermer\u00eda, el pase a planta de monotributistas y contratados, ropa de trabajo y la reapertura de la discusi\u00f3n salarial, ya que el \u00edndice de inflaci\u00f3n del corriente a\u00f1o dej\u00f3 desactualizada la ya de por s\u00ed magra recomposici\u00f3n de haberes otorgada por el gobierno provincial en marzo, que se completar\u00e1 en febrero de 2014.<\/p>\n<p>Adem\u00e1s, el reclamo colectivo abarca la reparaci\u00f3n de la aparatolog\u00eda, ya que la falta de pago a las empresas contratistas de mantenimiento ha llevado a una\u00a0ca\u00edda\u00a0general del sistema, con las complicaciones que conlleva en la derivaci\u00f3n de pacientes.<\/p>\n<p>Por \u00faltimo, el martes 8 de octubre se realizar\u00e1 una asamblea general de representantes de distintos centros de salud en el Hospital Rawson a los efectos de resolver los pasos a seguir, con la posibilidad que el jueves se realice una movilizaci\u00f3n callejera.<\/p>\n<p>&nbsp;<\/p>\n<p>&nbsp;<\/p>\n<p>&nbsp;<\/p>\n","protected":false},"excerpt":{"rendered":"<p>En el marco del plan del plan de lucha que ATE viene desarrollando en el sistema hospitalario provincial, tras resolver el estado de asamblea y movilizaci\u00f3n el pasado 24 de septiembre, informamos que ma\u00f1ana viernes 4 y el lunes 7 de octubre se llevar\u00e1n a cabo asambleas en los hospitales Tr\u00e1nsito C\u00e1ceres de Allende, Misericordia, [&hellip;]<\/p>\n","protected":false},"author":1,"featured_media":19220,"comment_status":"open","ping_status":"open","sticky":false,"template":"","format":"standard","meta":{"_exactmetrics_skip_tracking":false,"_exactmetrics_sitenote_active":false,"_exactmetrics_sitenote_note":"","_exactmetrics_sitenote_category":0,"jnews-multi-image_gallery":[],"jnews_single_post":[],"jnews_primary_category":[],"jnews_social_meta":[],"jnews_review":[],"enable_review":"","type":"","name":"","summary":"","brand":"","sku":"","good":[],"bad":[],"score_override":"","override_value":"","rating":[],"price":[],"jnews_override_counter":[],"jnews_post_split":[],"footnotes":""},"categories":[53,8],"tags":[],"class_list":["post-3366","post","type-post","status-publish","format-standard","has-post-thumbnail","hentry","category-comunicados-de-prensa","category-provinciales"],"jetpack_featured_media_url":"https:\/\/atecordoba.org\/wp-content\/uploads\/2020\/05\/logo-nuevochico-e1561581322808.png","_links":{"self":[{"href":"https:\/\/atecordoba.org\/index.php?rest_route=\/wp\/v2\/posts\/3366","targetHints":{"allow":["GET"]}}],"collection":[{"href":"https:\/\/atecordoba.org\/index.php?rest_route=\/wp\/v2\/posts"}],"about":[{"href":"https:\/\/atecordoba.org\/index.php?rest_route=\/wp\/v2\/types\/post"}],"author":[{"embeddable":true,"href":"https:\/\/atecordoba.org\/index.php?rest_route=\/wp\/v2\/users\/1"}],"replies":[{"embeddable":true,"href":"https:\/\/atecordoba.org\/index.php?rest_route=%2Fwp%2Fv2%2Fcomments&post=3366"}],"version-history":[{"count":0,"href":"https:\/\/atecordoba.org\/index.php?rest_route=\/wp\/v2\/posts\/3366\/revisions"}],"wp:featuredmedia":[{"embeddable":true,"href":"https:\/\/atecordoba.org\/index.php?rest_route=\/wp\/v2\/media\/19220"}],"wp:attachment":[{"href":"https:\/\/atecordoba.org\/index.php?rest_route=%2Fwp%2Fv2%2Fmedia&parent=3366"}],"wp:term":[{"taxonomy":"category","embeddable":true,"href":"https:\/\/atecordoba.org\/index.php?rest_route=%2Fwp%2Fv2%2Fcategories&post=3366"},{"taxonomy":"post_tag","embeddable":true,"href":"https:\/\/atecordoba.org\/index.php?rest_route=%2Fwp%2Fv2%2Ftags&post=3366"}],"curies":[{"name":"wp","href":"https:\/\/api.w.org\/{rel}","templated":true}]}}