{"id":3363,"date":"2013-09-27T17:24:06","date_gmt":"2013-09-27T20:24:06","guid":{"rendered":"http:\/\/www.atecordoba.org\/?p=3363"},"modified":"2013-09-27T17:24:06","modified_gmt":"2013-09-27T20:24:06","slug":"solidaridad-con-el-acampe-en-malvinas-argentinas","status":"publish","type":"post","link":"https:\/\/atecordoba.org\/?p=3363","title":{"rendered":"Solidaridad con el acampe en Malvinas Argentinas"},"content":{"rendered":"<p><em>ATE expresa su solidaridad con los manifestantes del acampe frente a la planta de Monsanto en la localidad de Malvinas Argentinas, y rechaza cualquier acto de violencia, de donde provenga, que intente desalojar a los compa\u00f1eros que leg\u00edtimamente se expresan en contra de la corporaci\u00f3n multinacional.\u00a0<\/em><\/p>\n<p><a href=\"http:\/\/www.atecordoba.org\/wp-content\/uploads\/2013\/09\/acampe-en-monsato.jpg\"><img loading=\"lazy\" decoding=\"async\" class=\"aligncenter size-full wp-image-3364\" alt=\"acampe en monsato\" src=\"http:\/\/www.atecordoba.org\/wp-content\/uploads\/2013\/09\/acampe-en-monsato.jpg\" width=\"600\" height=\"450\" \/><\/a><\/p>\n<p>&nbsp;<\/p>\n<div>Asimismo, reclamamos que el intendente municipal habilite el consulta popular vinculante para que la comunidad exprese si realmente acepta la instalaci\u00f3n de la planta, ante el c\u00famulo de pruebas que existen, tanto ambientales como sanitarias, sobre lo pernicioso que ser\u00e1 la puesta en marcha de la f\u00e1brica de semillas en C\u00f3rdoba. ATE y CTA viene participando de la resistencia que lelvan adelante los vecinos y continuar\u00e1 respaldando estas actividades hasta que hay una expresi\u00f3n popular que apruebe o rechace la iniciativa que avalan los gobiernos nacional y provincial.<\/div>\n<div><\/div>\n<div style=\"text-align: right;\">Luis Barcena<\/div>\n<div style=\"text-align: right;\">Secretario de Interior<\/div>\n<div style=\"text-align: right;\">ATE C\u00f3rdoba<\/div>\n<div><\/div>\n<div><\/div>\n","protected":false},"excerpt":{"rendered":"<p>ATE expresa su solidaridad con los manifestantes del acampe frente a la planta de Monsanto en la localidad de Malvinas Argentinas, y rechaza cualquier acto de violencia, de donde provenga, que intente desalojar a los compa\u00f1eros que leg\u00edtimamente se expresan en contra de la corporaci\u00f3n multinacional.\u00a0 &nbsp; Asimismo, reclamamos que el intendente municipal habilite el [&hellip;]<\/p>\n","protected":false},"author":1,"featured_media":19220,"comment_status":"open","ping_status":"open","sticky":false,"template":"","format":"standard","meta":{"_exactmetrics_skip_tracking":false,"_exactmetrics_sitenote_active":false,"_exactmetrics_sitenote_note":"","_exactmetrics_sitenote_category":0,"jnews-multi-image_gallery":[],"jnews_single_post":[],"jnews_primary_category":[],"jnews_social_meta":[],"jnews_review":[],"enable_review":"","type":"","name":"","summary":"","brand":"","sku":"","good":[],"bad":[],"score_override":"","override_value":"","rating":[],"price":[],"jnews_override_counter":[],"jnews_post_split":[],"footnotes":""},"categories":[53],"tags":[],"class_list":["post-3363","post","type-post","status-publish","format-standard","has-post-thumbnail","hentry","category-comunicados-de-prensa"],"jetpack_featured_media_url":"https:\/\/atecordoba.org\/wp-content\/uploads\/2020\/05\/logo-nuevochico-e1561581322808.png","_links":{"self":[{"href":"https:\/\/atecordoba.org\/index.php?rest_route=\/wp\/v2\/posts\/3363","targetHints":{"allow":["GET"]}}],"collection":[{"href":"https:\/\/atecordoba.org\/index.php?rest_route=\/wp\/v2\/posts"}],"about":[{"href":"https:\/\/atecordoba.org\/index.php?rest_route=\/wp\/v2\/types\/post"}],"author":[{"embeddable":true,"href":"https:\/\/atecordoba.org\/index.php?rest_route=\/wp\/v2\/users\/1"}],"replies":[{"embeddable":true,"href":"https:\/\/atecordoba.org\/index.php?rest_route=%2Fwp%2Fv2%2Fcomments&post=3363"}],"version-history":[{"count":0,"href":"https:\/\/atecordoba.org\/index.php?rest_route=\/wp\/v2\/posts\/3363\/revisions"}],"wp:featuredmedia":[{"embeddable":true,"href":"https:\/\/atecordoba.org\/index.php?rest_route=\/wp\/v2\/media\/19220"}],"wp:attachment":[{"href":"https:\/\/atecordoba.org\/index.php?rest_route=%2Fwp%2Fv2%2Fmedia&parent=3363"}],"wp:term":[{"taxonomy":"category","embeddable":true,"href":"https:\/\/atecordoba.org\/index.php?rest_route=%2Fwp%2Fv2%2Fcategories&post=3363"},{"taxonomy":"post_tag","embeddable":true,"href":"https:\/\/atecordoba.org\/index.php?rest_route=%2Fwp%2Fv2%2Ftags&post=3363"}],"curies":[{"name":"wp","href":"https:\/\/api.w.org\/{rel}","templated":true}]}}