{"id":33624,"date":"2022-09-14T12:05:27","date_gmt":"2022-09-14T15:05:27","guid":{"rendered":"https:\/\/atecordoba.org\/?p=33624"},"modified":"2022-09-14T12:05:57","modified_gmt":"2022-09-14T15:05:57","slug":"persecucion-antisindical-delegado-de-ate-reclama-su-reinstalacion-en-el-hospital-rawson","status":"publish","type":"post","link":"https:\/\/atecordoba.org\/?p=33624","title":{"rendered":"Persecuci\u00f3n antisindical: delegado de ATE reclama su reinstalaci\u00f3n en el hospital Rawson"},"content":{"rendered":"\n<div class=\"wp-block-image\"><figure class=\"aligncenter size-large is-resized\"><img loading=\"lazy\" decoding=\"async\" src=\"https:\/\/atecordoba.org\/wp-content\/uploads\/2022\/09\/WhatsApp-Image-2022-09-13-at-14.23.15-1024x576.jpeg\" alt=\"\" class=\"wp-image-33625\" width=\"768\" height=\"432\" \/><\/figure><\/div>\n\n\n\n<p>En un recurso de reconsideraci\u00f3n dirigida al director del Hospital Rawson y a Recursos Humanos del Ministerio de Salud, el delegado de ATE en el nosocomio Eduardo Maidana reclam\u00f3 su reinstalaci\u00f3n en el cargo que desempe\u00f1a, tras recibir una notificaci\u00f3n por CIDI que fue trasladado al Hospital Elpidio Gonzalez, a partir del lunes pasado. <\/p>\n\n\n\n<p>El compa\u00f1ero Maidana, trabajador con 34 a\u00f1os de antig\u00fcedad en el centro de salud, con cargo de jefe de secci\u00f3n, denuncia que su traslado obedece a la pol\u00edtica de hostigamiento y persecuci\u00f3n antisindical que el gobierno de Schiaretti instrumenta en el sistema sanitario p\u00fablico, y que ejecuta el Ministerio de  Salud a cargo de Gabriela Barb\u00e1s, quien reemplaza al recientemente despedido Diego Cardozo. Maidana fue elegido delegado de su sector en julio pasado.<\/p>\n\n\n\n<p>Adem\u00e1s, el delegado rechaza las acusaciones que fundamental el traslado por falsas y demuestra que son la excusa para discriminarlo por su rol de represente de las y los trabajadores del hospital. <\/p>\n\n\n\n<p>Ayer, se realiz\u00f3 una asamblea en la puerta del hospital para solidarizarse con el compa\u00f1ero que cont\u00f3 con la presencia del secretario Adjunto de ATE C\u00f3rdoba, Hugo Duran, junto a miembros de la comisi\u00f3n directiva del Consejo Provincial.<\/p>\n\n\n\n<p>ATE C\u00f3rdoba puso a disposici\u00f3n el equipo de asistencia legal para respaldar el reclamo del delegado Maidana. <\/p>\n","protected":false},"excerpt":{"rendered":"<p>En un recurso de reconsideraci\u00f3n dirigida al director del Hospital Rawson y a Recursos Humanos del Ministerio de Salud, el delegado de ATE en el nosocomio Eduardo Maidana reclam\u00f3 su reinstalaci\u00f3n en el cargo que desempe\u00f1a, tras recibir una notificaci\u00f3n por CIDI que fue trasladado al Hospital Elpidio Gonzalez, a partir del lunes pasado. El [&hellip;]<\/p>\n","protected":false},"author":7,"featured_media":33625,"comment_status":"open","ping_status":"open","sticky":false,"template":"","format":"standard","meta":{"_exactmetrics_skip_tracking":false,"_exactmetrics_sitenote_active":false,"_exactmetrics_sitenote_note":"","_exactmetrics_sitenote_category":0,"jnews-multi-image_gallery":[],"jnews_single_post":{"subtitle":"El compa\u00f1ero Eduardo Maidana tiene 34 a\u00f1os de antig\u00fcedad en el centro de salud y fue elegido delegado en julio pasado. ","format":"standard","video":"","gallery":"","source_name":"","source_url":"","via_name":"","via_url":"","override_template":"0","override":[{"template":"1","single_blog_custom":"","parallax":"1","fullscreen":"1","layout":"right-sidebar","sidebar":"default-sidebar","second_sidebar":"default-sidebar","sticky_sidebar":"1","share_position":"top","share_float_style":"share-monocrhome","show_share_counter":"1","show_view_counter":"1","show_featured":"1","show_post_meta":"1","show_post_author":"1","show_post_author_image":"1","show_post_date":"1","post_date_format":"default","post_date_format_custom":"Y\/m\/d","show_post_category":"1","show_post_reading_time":"0","post_reading_time_wpm":"300","show_zoom_button":"0","zoom_button_out_step":"2","zoom_button_in_step":"3","show_post_tag":"1","show_prev_next_post":"1","show_popup_post":"1","number_popup_post":"1","show_author_box":"0","show_post_related":"0","show_inline_post_related":"0"}],"override_image_size":"0","image_override":[{"single_post_thumbnail_size":"crop-500","single_post_gallery_size":"crop-500"}],"trending_post":"0","trending_post_position":"meta","trending_post_label":"Trending","sponsored_post":"0","sponsored_post_label":"Sponsored by","sponsored_post_name":"","sponsored_post_url":"","sponsored_post_logo_enable":"0","sponsored_post_logo":"","sponsored_post_desc":"","disable_ad":"0"},"jnews_primary_category":{"id":""},"jnews_social_meta":{"fb_title":"","fb_description":"","fb_image":"","twitter_title":"","twitter_description":"","twitter_image":""},"jnews_review":[],"enable_review":"0","type":"percentage","name":"","summary":"","brand":"","sku":"","good":[{"good_text":""}],"bad":[{"bad_text":""}],"score_override":"","override_value":"","rating":[{"rating_text":"","rating_number":"10"}],"price":[{"shop":"","price":"","link":"","icon":""}],"jnews_override_counter":{"override_view_counter":"0","view_counter_number":"0","override_share_counter":"0","share_counter_number":"0","override_like_counter":"0","like_counter_number":"0","override_dislike_counter":"0","dislike_counter_number":"0"},"jnews_post_split":{"enable_post_split":"0","post_split":[{"template":"1","tag":"h2","numbering":"asc","mode":"normal","first":"0","enable_toc":"0","toc_type":"normal"}]},"footnotes":""},"categories":[8],"tags":[1137,404],"class_list":["post-33624","post","type-post","status-publish","format-standard","has-post-thumbnail","hentry","category-provinciales","tag-hospital-rawson","tag-persecucion-politico-gremial"],"jetpack_featured_media_url":"https:\/\/atecordoba.org\/wp-content\/uploads\/2022\/09\/WhatsApp-Image-2022-09-13-at-14.23.15-e1663167864133.jpeg","_links":{"self":[{"href":"https:\/\/atecordoba.org\/index.php?rest_route=\/wp\/v2\/posts\/33624","targetHints":{"allow":["GET"]}}],"collection":[{"href":"https:\/\/atecordoba.org\/index.php?rest_route=\/wp\/v2\/posts"}],"about":[{"href":"https:\/\/atecordoba.org\/index.php?rest_route=\/wp\/v2\/types\/post"}],"author":[{"embeddable":true,"href":"https:\/\/atecordoba.org\/index.php?rest_route=\/wp\/v2\/users\/7"}],"replies":[{"embeddable":true,"href":"https:\/\/atecordoba.org\/index.php?rest_route=%2Fwp%2Fv2%2Fcomments&post=33624"}],"version-history":[{"count":1,"href":"https:\/\/atecordoba.org\/index.php?rest_route=\/wp\/v2\/posts\/33624\/revisions"}],"predecessor-version":[{"id":33626,"href":"https:\/\/atecordoba.org\/index.php?rest_route=\/wp\/v2\/posts\/33624\/revisions\/33626"}],"wp:featuredmedia":[{"embeddable":true,"href":"https:\/\/atecordoba.org\/index.php?rest_route=\/wp\/v2\/media\/33625"}],"wp:attachment":[{"href":"https:\/\/atecordoba.org\/index.php?rest_route=%2Fwp%2Fv2%2Fmedia&parent=33624"}],"wp:term":[{"taxonomy":"category","embeddable":true,"href":"https:\/\/atecordoba.org\/index.php?rest_route=%2Fwp%2Fv2%2Fcategories&post=33624"},{"taxonomy":"post_tag","embeddable":true,"href":"https:\/\/atecordoba.org\/index.php?rest_route=%2Fwp%2Fv2%2Ftags&post=33624"}],"curies":[{"name":"wp","href":"https:\/\/api.w.org\/{rel}","templated":true}]}}