{"id":33611,"date":"2022-09-13T12:51:29","date_gmt":"2022-09-13T15:51:29","guid":{"rendered":"https:\/\/atecordoba.org\/?p=33611"},"modified":"2022-09-13T16:24:58","modified_gmt":"2022-09-13T19:24:58","slug":"san-basilio-ate-cierra-la-paritaria-con-un-80-de-aumento-para-todo-el-2023","status":"publish","type":"post","link":"https:\/\/atecordoba.org\/?p=33611","title":{"rendered":"San Basilio: ATE cierra la paritaria con un 80% de aumento para todo el 2022"},"content":{"rendered":"\n<div class=\"wp-block-image\"><figure class=\"aligncenter size-large is-resized\"><img loading=\"lazy\" decoding=\"async\" src=\"https:\/\/atecordoba.org\/wp-content\/uploads\/2022\/09\/SAN-BASILIO-2-1024x764.jpeg\" alt=\"\" class=\"wp-image-33612\" width=\"768\" height=\"573\"\/><\/figure><\/div>\n\n\n\n<p>Hoy por la ma\u00f1ana se firm\u00f3 el acta acuerdo entre ATE Adelia Mar\u00eda, en representaci\u00f3n del personal municipal, y intendente de la localidad de San Basilio, Rub\u00e9n Moine, que establece una recomposici\u00f3n del 15% para los salarios del mes de septiembre, que impactar\u00e1 en el b\u00e1sico de los haberes. <\/p>\n\n\n\n<p>Esta cifra se suma a otro 10% que recibir\u00e1n las y los municipales de la localidad en noviembre y que termina conformando alrededor del 80% de aumento para todo el 2022, seg\u00fan detall\u00f3 el secretario General de la seccional, Diego Villegas. <\/p>\n\n\n\n<p>En al oportunidad se acord\u00f3 tambi\u00e9n que los trabajadores recibir\u00e1n a partir de diciembre en blanco progresivamente parte de los 500 pesos no remunerativos que el Ejecutivo otorga desde abril por d\u00eda trabajado. Lo restante se agregar\u00e1 en enero y febrero de 2023.<\/p>\n\n\n\n<p>As\u00ed tambi\u00e9n qued\u00f3 establecido que entre octubre y noviembre la Municipalidad har\u00e1 entrega de la muda de ropa de trabajo correspondiente, quedando pendiente para la pr\u00f3xima reuni\u00f3n paritaria el abordaje de la actualizaci\u00f3n de las recategorizaciones de escalaf\u00f3n. <\/p>\n\n\n\n<figure class=\"wp-block-image size-large\"><img loading=\"lazy\" decoding=\"async\" width=\"758\" height=\"1024\" src=\"https:\/\/atecordoba.org\/wp-content\/uploads\/2022\/09\/IMG-20220913-WA0059-758x1024.jpg\" alt=\"\" class=\"wp-image-33613\" srcset=\"https:\/\/atecordoba.org\/wp-content\/uploads\/2022\/09\/IMG-20220913-WA0059-758x1024.jpg 758w, https:\/\/atecordoba.org\/wp-content\/uploads\/2022\/09\/IMG-20220913-WA0059-222x300.jpg 222w, https:\/\/atecordoba.org\/wp-content\/uploads\/2022\/09\/IMG-20220913-WA0059-768x1038.jpg 768w, https:\/\/atecordoba.org\/wp-content\/uploads\/2022\/09\/IMG-20220913-WA0059-750x1014.jpg 750w, https:\/\/atecordoba.org\/wp-content\/uploads\/2022\/09\/IMG-20220913-WA0059.jpg 947w\" sizes=\"auto, (max-width: 758px) 100vw, 758px\" \/><\/figure>\n","protected":false},"excerpt":{"rendered":"<p>Hoy por la ma\u00f1ana se firm\u00f3 el acta acuerdo entre ATE Adelia Mar\u00eda, en representaci\u00f3n del personal municipal, y intendente de la localidad de San Basilio, Rub\u00e9n Moine, que establece una recomposici\u00f3n del 15% para los salarios del mes de septiembre, que impactar\u00e1 en el b\u00e1sico de los haberes. Esta cifra se suma a otro [&hellip;]<\/p>\n","protected":false},"author":7,"featured_media":33612,"comment_status":"open","ping_status":"open","sticky":false,"template":"","format":"standard","meta":{"_exactmetrics_skip_tracking":false,"_exactmetrics_sitenote_active":false,"_exactmetrics_sitenote_note":"","_exactmetrics_sitenote_category":0,"jnews-multi-image_gallery":[],"jnews_single_post":{"subtitle":"En septiembre las y los municipales recibir\u00e1n una recomposici\u00f3n del 15%.","format":"standard","video":"","gallery":"","source_name":"","source_url":"","via_name":"","via_url":"","override_template":"0","override":[{"template":"1","single_blog_custom":"","parallax":"1","fullscreen":"1","layout":"right-sidebar","sidebar":"default-sidebar","second_sidebar":"default-sidebar","sticky_sidebar":"1","share_position":"top","share_float_style":"share-monocrhome","show_share_counter":"1","show_view_counter":"1","show_featured":"1","show_post_meta":"1","show_post_author":"1","show_post_author_image":"1","show_post_date":"1","post_date_format":"default","post_date_format_custom":"Y\/m\/d","show_post_category":"1","show_post_reading_time":"0","post_reading_time_wpm":"300","show_zoom_button":"0","zoom_button_out_step":"2","zoom_button_in_step":"3","show_post_tag":"1","show_prev_next_post":"1","show_popup_post":"1","number_popup_post":"1","show_author_box":"0","show_post_related":"0","show_inline_post_related":"0"}],"override_image_size":"0","image_override":[{"single_post_thumbnail_size":"crop-500","single_post_gallery_size":"crop-500"}],"trending_post":"0","trending_post_position":"meta","trending_post_label":"Trending","sponsored_post":"0","sponsored_post_label":"Sponsored by","sponsored_post_name":"","sponsored_post_url":"","sponsored_post_logo_enable":"0","sponsored_post_logo":"","sponsored_post_desc":"","disable_ad":"0"},"jnews_primary_category":{"id":""},"jnews_social_meta":{"fb_title":"","fb_description":"","fb_image":"","twitter_title":"","twitter_description":"","twitter_image":""},"jnews_review":[],"enable_review":"0","type":"percentage","name":"","summary":"","brand":"","sku":"","good":[{"good_text":""}],"bad":[{"bad_text":""}],"score_override":"","override_value":"","rating":[{"rating_text":"","rating_number":"10"}],"price":[{"shop":"","price":"","link":"","icon":""}],"jnews_override_counter":{"override_view_counter":"0","view_counter_number":"0","override_share_counter":"0","share_counter_number":"0","override_like_counter":"0","like_counter_number":"0","override_dislike_counter":"0","dislike_counter_number":"0"},"jnews_post_split":{"enable_post_split":"0","post_split":[{"template":"1","tag":"h2","numbering":"asc","mode":"normal","first":"0","enable_toc":"0","toc_type":"normal"}]},"footnotes":""},"categories":[20],"tags":[662],"class_list":["post-33611","post","type-post","status-publish","format-standard","has-post-thumbnail","hentry","category-municipales","tag-san-basilio"],"jetpack_featured_media_url":"https:\/\/atecordoba.org\/wp-content\/uploads\/2022\/09\/SAN-BASILIO-2-e1663084246397.jpeg","_links":{"self":[{"href":"https:\/\/atecordoba.org\/index.php?rest_route=\/wp\/v2\/posts\/33611","targetHints":{"allow":["GET"]}}],"collection":[{"href":"https:\/\/atecordoba.org\/index.php?rest_route=\/wp\/v2\/posts"}],"about":[{"href":"https:\/\/atecordoba.org\/index.php?rest_route=\/wp\/v2\/types\/post"}],"author":[{"embeddable":true,"href":"https:\/\/atecordoba.org\/index.php?rest_route=\/wp\/v2\/users\/7"}],"replies":[{"embeddable":true,"href":"https:\/\/atecordoba.org\/index.php?rest_route=%2Fwp%2Fv2%2Fcomments&post=33611"}],"version-history":[{"count":2,"href":"https:\/\/atecordoba.org\/index.php?rest_route=\/wp\/v2\/posts\/33611\/revisions"}],"predecessor-version":[{"id":33622,"href":"https:\/\/atecordoba.org\/index.php?rest_route=\/wp\/v2\/posts\/33611\/revisions\/33622"}],"wp:featuredmedia":[{"embeddable":true,"href":"https:\/\/atecordoba.org\/index.php?rest_route=\/wp\/v2\/media\/33612"}],"wp:attachment":[{"href":"https:\/\/atecordoba.org\/index.php?rest_route=%2Fwp%2Fv2%2Fmedia&parent=33611"}],"wp:term":[{"taxonomy":"category","embeddable":true,"href":"https:\/\/atecordoba.org\/index.php?rest_route=%2Fwp%2Fv2%2Fcategories&post=33611"},{"taxonomy":"post_tag","embeddable":true,"href":"https:\/\/atecordoba.org\/index.php?rest_route=%2Fwp%2Fv2%2Ftags&post=33611"}],"curies":[{"name":"wp","href":"https:\/\/api.w.org\/{rel}","templated":true}]}}