{"id":33598,"date":"2022-09-13T11:48:56","date_gmt":"2022-09-13T14:48:56","guid":{"rendered":"https:\/\/atecordoba.org\/?p=33598"},"modified":"2022-09-13T11:49:00","modified_gmt":"2022-09-13T14:49:00","slug":"corte-de-ruta-en-la-protesta-de-trabajadoras-del-paicor-y-auxiliares-de-limpieza-en-tancacha","status":"publish","type":"post","link":"https:\/\/atecordoba.org\/?p=33598","title":{"rendered":"Corte de ruta en la protesta de trabajadoras del PAICOR y Auxiliares de Limpieza en Tancacha"},"content":{"rendered":"\n<div class=\"wp-block-image\"><figure class=\"aligncenter size-large is-resized\"><img loading=\"lazy\" decoding=\"async\" src=\"https:\/\/atecordoba.org\/wp-content\/uploads\/2022\/09\/portada-1-1024x1024.jpg\" alt=\"\" class=\"wp-image-33599\" width=\"768\" height=\"768\" \/><\/figure><\/div>\n\n\n\n<p>Este lunes por la tarde se llev\u00f3 a cabo una manifestaci\u00f3n de protesta en la Terminal de Tancacha -localidad distante 18 kil\u00f3metros de la ciudad de R\u00edo Tercero- convocada por la CTA Aut\u00f3noma de la provincia y ATE C\u00f3rdoba.<\/p>\n\n\n\n<p>De la Jornada de Protesta participaron, entre otro y otras, el Secretario General de ATE y la CTA Aut\u00f3noma C\u00f3rdoba, Federico Giuliani; la Coordinadora Provincial de la Federaci\u00f3n Nacional Territorial (FeNaT-CTAA), Silvia Alcoba; el Coordinador Provincial del Sindicato de Trabajadores de la Industria de Construcci\u00f3n (SITRAIC-CTAA), Adri\u00e1n \u201cTucu\u201d Sandoval; Mar\u00eda Jos\u00e9 Gonz\u00e1lez, del Sindicato Joven CIS-CTAA; junto a compa\u00f1eros del Sindicato de Aceiteros de Tancacha y del Sindicato del Personal de Industrias Qu\u00edmicas y Petroqu\u00edmicas de R\u00edo Tercero.<\/p>\n\n\n\n<p>\u201cSi se meten con uno se meten con todos. Sin Justicia Social no hay Paz\u201d, fue la consigna de la convocatoria a la Jornada de Lucha de Trabajadores del Programa de Asistencia Integral C\u00f3rdoba (PAICOR) y Auxiliares Escolares de Limpieza.<\/p>\n\n\n\n<figure class=\"wp-block-gallery has-nested-images columns-default is-cropped wp-block-gallery-1 is-layout-flex wp-block-gallery-is-layout-flex\">\n<figure class=\"wp-block-image size-large\"><img loading=\"lazy\" decoding=\"async\" width=\"300\" height=\"300\" data-id=\"33600\" src=\"https:\/\/atecordoba.org\/wp-content\/uploads\/2022\/09\/306088126_10160141304309805_7275269548118167013_n-300x300-1.jpg\" alt=\"\" class=\"wp-image-33600\" srcset=\"https:\/\/atecordoba.org\/wp-content\/uploads\/2022\/09\/306088126_10160141304309805_7275269548118167013_n-300x300-1.jpg 300w, https:\/\/atecordoba.org\/wp-content\/uploads\/2022\/09\/306088126_10160141304309805_7275269548118167013_n-300x300-1-150x150.jpg 150w, https:\/\/atecordoba.org\/wp-content\/uploads\/2022\/09\/306088126_10160141304309805_7275269548118167013_n-300x300-1-75x75.jpg 75w\" sizes=\"auto, (max-width: 300px) 100vw, 300px\" \/><\/figure>\n\n\n\n<figure class=\"wp-block-image size-large\"><img loading=\"lazy\" decoding=\"async\" width=\"300\" height=\"225\" data-id=\"33602\" src=\"https:\/\/atecordoba.org\/wp-content\/uploads\/2022\/09\/bandera.jpg\" alt=\"\" class=\"wp-image-33602\" \/><\/figure>\n\n\n\n<figure class=\"wp-block-image size-large\"><img loading=\"lazy\" decoding=\"async\" width=\"300\" height=\"225\" data-id=\"33601\" src=\"https:\/\/atecordoba.org\/wp-content\/uploads\/2022\/09\/305998358_1322023251892378_4973567450231026885_n-300x225-1.jpg\" alt=\"\" class=\"wp-image-33601\" \/><\/figure>\n<\/figure>\n\n\n\n<p>\u201cCortamos la Ruta 6 en la localidad de Tancacha por la persecuci\u00f3n sindical, la explotaci\u00f3n laboral y el ilegal descuento por el d\u00eda de paro a las Auxiliares Escolares y trabajadoras del PAICOR por parte del Intendente \u2018Schiarettista\u2019, V\u00edctor Hugo Vera\u201d, apunt\u00f3 Giuliani.<\/p>\n\n\n\n<p>\u201cExigimos que el Intendente retrotraiga la medida y pase a Planta Permanente y con salarios dignos a estas trabajadoras. Si en el transcurso de esta semana no tenemos una respuesta favorable a nuestros reclamos, el lunes que viene habr\u00e1 paro y volveremos a cortar la Ruta\u201d, subray\u00f3.<\/p>\n\n\n\n<p>Giuliani asegur\u00f3 que \u201cel problema no es s\u00f3lo en Tancacha y R\u00edo Tercero sino en toda la provincia. Las compa\u00f1eras afectadas por las pol\u00edticas precarizadoras son alrededor de 6 mil trabajadoras en todo el territorio provincial, que le dan de comer a 350 mil chicas y chicos de las escuelas estatales cordobesas, adem\u00e1s de realizar tareas de limpieza y mantenimiento edilicio y cobran por debajo de la l\u00ednea de indigencia\u201d.El dirigente estatal denunci\u00f3 \u201cla grave violaci\u00f3n a los derechos laborales ejercida por el Gobierno Provincial con las Auxiliares Escolares para deshacerse de imprescindibles trabajadoras, que garantizan la alimentaci\u00f3n y limpieza en la Educaci\u00f3n P\u00fablica. Se trata de una planificada feminizaci\u00f3n de la pobreza\u201d.<\/p>\n\n\n\n<figure class=\"wp-block-gallery has-nested-images columns-default is-cropped wp-block-gallery-2 is-layout-flex wp-block-gallery-is-layout-flex\">\n<figure class=\"wp-block-image size-large\"><img loading=\"lazy\" decoding=\"async\" width=\"300\" height=\"300\" data-id=\"33603\" src=\"https:\/\/atecordoba.org\/wp-content\/uploads\/2022\/09\/8-300x300-1.jpg\" alt=\"\" class=\"wp-image-33603\" srcset=\"https:\/\/atecordoba.org\/wp-content\/uploads\/2022\/09\/8-300x300-1.jpg 300w, https:\/\/atecordoba.org\/wp-content\/uploads\/2022\/09\/8-300x300-1-150x150.jpg 150w, https:\/\/atecordoba.org\/wp-content\/uploads\/2022\/09\/8-300x300-1-75x75.jpg 75w\" sizes=\"auto, (max-width: 300px) 100vw, 300px\" \/><\/figure>\n\n\n\n<figure class=\"wp-block-image size-large\"><img loading=\"lazy\" decoding=\"async\" width=\"300\" height=\"300\" data-id=\"33604\" src=\"https:\/\/atecordoba.org\/wp-content\/uploads\/2022\/09\/305978685_10160141304314805_7587063902070309131_n-300x300-1.jpg\" alt=\"\" class=\"wp-image-33604\" srcset=\"https:\/\/atecordoba.org\/wp-content\/uploads\/2022\/09\/305978685_10160141304314805_7587063902070309131_n-300x300-1.jpg 300w, https:\/\/atecordoba.org\/wp-content\/uploads\/2022\/09\/305978685_10160141304314805_7587063902070309131_n-300x300-1-150x150.jpg 150w, https:\/\/atecordoba.org\/wp-content\/uploads\/2022\/09\/305978685_10160141304314805_7587063902070309131_n-300x300-1-75x75.jpg 75w\" sizes=\"auto, (max-width: 300px) 100vw, 300px\" \/><\/figure>\n\n\n\n<figure class=\"wp-block-image size-large\"><img loading=\"lazy\" decoding=\"async\" width=\"300\" height=\"300\" data-id=\"33605\" src=\"https:\/\/atecordoba.org\/wp-content\/uploads\/2022\/09\/6-300x300-1.jpg\" alt=\"\" class=\"wp-image-33605\" srcset=\"https:\/\/atecordoba.org\/wp-content\/uploads\/2022\/09\/6-300x300-1.jpg 300w, https:\/\/atecordoba.org\/wp-content\/uploads\/2022\/09\/6-300x300-1-150x150.jpg 150w, https:\/\/atecordoba.org\/wp-content\/uploads\/2022\/09\/6-300x300-1-75x75.jpg 75w\" sizes=\"auto, (max-width: 300px) 100vw, 300px\" \/><\/figure>\n<\/figure>\n\n\n\n<p>Y a\u00f1adi\u00f3 que \u201ccobran sueldos miserables y les descuentan el aporte a la Administraci\u00f3n Provincial del Seguro de Salud (APROSS) pero no pueden agregar a su familia para la cobertura. Adem\u00e1s, si tienen accidentes de trabajo y faltan a su puesto laboral tienen que buscar su reemplazo para que no se caiga su programa\u201d.\u201cLa precarizaci\u00f3n llega al punto de que algunas compa\u00f1eras dependen del Ministerio de Educaci\u00f3n pero otras tienen su v\u00ednculo laboral a trav\u00e9s de los intendentes y jefes comunales. La CTA Aut\u00f3noma lucha con todas las herramientas a su alcance para revertir esta situaci\u00f3n de injusticia social y lo har\u00e1 hasta que la dignidad se haga costumbre\u201d, remat\u00f3 Giuliani.<\/p>\n\n\n\n<figure class=\"wp-block-gallery has-nested-images columns-default is-cropped wp-block-gallery-3 is-layout-flex wp-block-gallery-is-layout-flex\">\n<figure class=\"wp-block-image size-large\"><a href=\"https:\/\/atecordoba.org\/wp-content\/uploads\/2022\/09\/3-1-300x300-1.jpg\"><img loading=\"lazy\" decoding=\"async\" width=\"300\" height=\"300\" data-id=\"33606\" src=\"https:\/\/atecordoba.org\/wp-content\/uploads\/2022\/09\/3-1-300x300-1.jpg\" alt=\"\" class=\"wp-image-33606\" srcset=\"https:\/\/atecordoba.org\/wp-content\/uploads\/2022\/09\/3-1-300x300-1.jpg 300w, https:\/\/atecordoba.org\/wp-content\/uploads\/2022\/09\/3-1-300x300-1-150x150.jpg 150w, https:\/\/atecordoba.org\/wp-content\/uploads\/2022\/09\/3-1-300x300-1-75x75.jpg 75w\" sizes=\"auto, (max-width: 300px) 100vw, 300px\" \/><\/a><\/figure>\n\n\n\n<figure class=\"wp-block-image size-large\"><a href=\"https:\/\/atecordoba.org\/wp-content\/uploads\/2022\/09\/2-300x300-1.jpg\"><img loading=\"lazy\" decoding=\"async\" width=\"300\" height=\"300\" data-id=\"33607\" src=\"https:\/\/atecordoba.org\/wp-content\/uploads\/2022\/09\/2-300x300-1.jpg\" alt=\"\" class=\"wp-image-33607\" srcset=\"https:\/\/atecordoba.org\/wp-content\/uploads\/2022\/09\/2-300x300-1.jpg 300w, https:\/\/atecordoba.org\/wp-content\/uploads\/2022\/09\/2-300x300-1-150x150.jpg 150w, https:\/\/atecordoba.org\/wp-content\/uploads\/2022\/09\/2-300x300-1-75x75.jpg 75w\" sizes=\"auto, (max-width: 300px) 100vw, 300px\" \/><\/a><\/figure>\n<\/figure>\n","protected":false},"excerpt":{"rendered":"<p>Este lunes por la tarde se llev\u00f3 a cabo una manifestaci\u00f3n de protesta en la Terminal de Tancacha -localidad distante 18 kil\u00f3metros de la ciudad de R\u00edo Tercero- convocada por la CTA Aut\u00f3noma de la provincia y ATE C\u00f3rdoba. De la Jornada de Protesta participaron, entre otro y otras, el Secretario General de ATE y [&hellip;]<\/p>\n","protected":false},"author":7,"featured_media":33602,"comment_status":"open","ping_status":"open","sticky":false,"template":"","format":"standard","meta":{"_exactmetrics_skip_tracking":false,"_exactmetrics_sitenote_active":false,"_exactmetrics_sitenote_note":"","_exactmetrics_sitenote_category":0,"jnews-multi-image_gallery":[],"jnews_single_post":{"subtitle":"\u201cCortamos la Ruta 6 en la localidad de Tancacha por la persecuci\u00f3n sindical, la explotaci\u00f3n laboral y el ilegal descuento por el d\u00eda de paro a las Auxiliares Escolares y trabajadoras del PAICOR por parte del Intendente \u2018Schiarettista\u2019, V\u00edctor Hugo Vera\u201d, explic\u00f3 el secretario General de ATE, Federico Giuliani.","format":"standard","video":"","gallery":"","source_name":"","source_url":"","via_name":"","via_url":"","override_template":"0","override":[{"template":"1","single_blog_custom":"","parallax":"1","fullscreen":"1","layout":"right-sidebar","sidebar":"default-sidebar","second_sidebar":"default-sidebar","sticky_sidebar":"1","share_position":"top","share_float_style":"share-monocrhome","show_share_counter":"1","show_view_counter":"1","show_featured":"1","show_post_meta":"1","show_post_author":"1","show_post_author_image":"1","show_post_date":"1","post_date_format":"default","post_date_format_custom":"Y\/m\/d","show_post_category":"1","show_post_reading_time":"0","post_reading_time_wpm":"300","show_zoom_button":"0","zoom_button_out_step":"2","zoom_button_in_step":"3","show_post_tag":"1","show_prev_next_post":"1","show_popup_post":"1","number_popup_post":"1","show_author_box":"0","show_post_related":"0","show_inline_post_related":"0"}],"override_image_size":"0","image_override":[{"single_post_thumbnail_size":"crop-500","single_post_gallery_size":"crop-500"}],"trending_post":"0","trending_post_position":"meta","trending_post_label":"Trending","sponsored_post":"0","sponsored_post_label":"Sponsored by","sponsored_post_name":"","sponsored_post_url":"","sponsored_post_logo_enable":"0","sponsored_post_logo":"","sponsored_post_desc":"","disable_ad":"0"},"jnews_primary_category":{"id":""},"jnews_social_meta":{"fb_title":"","fb_description":"","fb_image":"","twitter_title":"","twitter_description":"","twitter_image":""},"jnews_review":[],"enable_review":"0","type":"percentage","name":"","summary":"","brand":"","sku":"","good":[{"good_text":""}],"bad":[{"bad_text":""}],"score_override":"","override_value":"","rating":[{"rating_text":"","rating_number":"10"}],"price":[{"shop":"","price":"","link":"","icon":""}],"jnews_override_counter":{"override_view_counter":"0","view_counter_number":"0","override_share_counter":"0","share_counter_number":"0","override_like_counter":"0","like_counter_number":"0","override_dislike_counter":"0","dislike_counter_number":"0"},"jnews_post_split":{"enable_post_split":"0","post_split":[{"template":"1","tag":"h2","numbering":"asc","mode":"normal","first":"0","enable_toc":"0","toc_type":"normal"}]},"footnotes":""},"categories":[8],"tags":[1157,1141],"class_list":["post-33598","post","type-post","status-publish","format-standard","has-post-thumbnail","hentry","category-provinciales","tag-auxiliares-paicor","tag-paicor"],"jetpack_featured_media_url":"https:\/\/atecordoba.org\/wp-content\/uploads\/2022\/09\/bandera.jpg","_links":{"self":[{"href":"https:\/\/atecordoba.org\/index.php?rest_route=\/wp\/v2\/posts\/33598","targetHints":{"allow":["GET"]}}],"collection":[{"href":"https:\/\/atecordoba.org\/index.php?rest_route=\/wp\/v2\/posts"}],"about":[{"href":"https:\/\/atecordoba.org\/index.php?rest_route=\/wp\/v2\/types\/post"}],"author":[{"embeddable":true,"href":"https:\/\/atecordoba.org\/index.php?rest_route=\/wp\/v2\/users\/7"}],"replies":[{"embeddable":true,"href":"https:\/\/atecordoba.org\/index.php?rest_route=%2Fwp%2Fv2%2Fcomments&post=33598"}],"version-history":[{"count":1,"href":"https:\/\/atecordoba.org\/index.php?rest_route=\/wp\/v2\/posts\/33598\/revisions"}],"predecessor-version":[{"id":33608,"href":"https:\/\/atecordoba.org\/index.php?rest_route=\/wp\/v2\/posts\/33598\/revisions\/33608"}],"wp:featuredmedia":[{"embeddable":true,"href":"https:\/\/atecordoba.org\/index.php?rest_route=\/wp\/v2\/media\/33602"}],"wp:attachment":[{"href":"https:\/\/atecordoba.org\/index.php?rest_route=%2Fwp%2Fv2%2Fmedia&parent=33598"}],"wp:term":[{"taxonomy":"category","embeddable":true,"href":"https:\/\/atecordoba.org\/index.php?rest_route=%2Fwp%2Fv2%2Fcategories&post=33598"},{"taxonomy":"post_tag","embeddable":true,"href":"https:\/\/atecordoba.org\/index.php?rest_route=%2Fwp%2Fv2%2Ftags&post=33598"}],"curies":[{"name":"wp","href":"https:\/\/api.w.org\/{rel}","templated":true}]}}