{"id":3359,"date":"2013-09-27T17:06:43","date_gmt":"2013-09-27T20:06:43","guid":{"rendered":"http:\/\/www.atecordoba.org\/?p=3359"},"modified":"2013-09-27T17:06:43","modified_gmt":"2013-09-27T20:06:43","slug":"centro-de-jubilados-de-ate-realizaron-distintas-actividades","status":"publish","type":"post","link":"https:\/\/atecordoba.org\/?p=3359","title":{"rendered":"Centro de jubilados de ATE realizaron distintas actividades"},"content":{"rendered":"<p><em>Mientras en centro de Jubilados de C\u00f3rdoba Capital complet\u00f3 su memoria y balance, en San Francisco los compa\u00f1eros festejaron su d\u00eda con una actividad recreativa.\u00a0<\/em><\/p>\n<p style=\"text-align: center;\"><img loading=\"lazy\" decoding=\"async\" class=\"ngg-singlepic ngg-center aligncenter\" alt=\"img_4921\" src=\"http:\/\/www.atecordoba.org\/wp-content\/gallery\/centro-jubilados-cordoba-capital\/img_4921.jpg\" width=\"518\" height=\"389\" \/><\/p>\n<p style=\"text-align: left;\">El pasado 19 de septiembre el Centro de Jubilados de C\u00f3rdoba Capital de ATE C\u00f3rdoba se reuni\u00f3 para aprobar la memoria y balance 2012, bajo la conducci\u00f3n de Carmen Neder.<\/p>\n<p style=\"text-align: left;\">Alrededor de 30 compa\u00f1eros integraron la asamblea, que explic\u00f3 el retraso para cumplimentar ambos actos estatutarios debido al fallecimiento de nuestro contador Carlos Moreno.<\/p>\n<p style=\"text-align: left;\">Respecto a lo contable, la memoria detall\u00f3 que se refieren a la inversi\u00f3n de fondos que el Consejo Directivo Provincial realiz\u00f3 en la infraestructura edilicia, que se encontraba muy deteriorada. En ese sentido, se realizaron reparaciones de plomer\u00eda, alba\u00f1iler\u00eda, electricidad, pintura, herrer\u00eda y vidrier\u00eda, entre otros.<\/p>\n<p style=\"text-align: left;\">De la misma forma, se hicieron inversiones para mejorar el confort de nuestros afiliados: aire acondicionado, estufas.<img loading=\"lazy\" decoding=\"async\" class=\"ngg-singlepic ngg-right alignright\" alt=\"img_4922\" src=\"http:\/\/www.atecordoba.org\/wp-content\/gallery\/centro-jubilados-cordoba-capital\/img_4922.jpg\" width=\"254\" height=\"190\" \/><\/p>\n<p style=\"text-align: left;\">sobre las actividades recreativas y de integraci\u00f3n la asamblea inform\u00f3 que los afiliados participaron del programa de PAMI Hadob. Adem\u00e1s, el centro de jubilados realiz\u00f3 festejos por el Dia de la Madre, del Amigo y la despedida de fin de a\u00f1o, con animaci\u00f3n de artistas invitados.<\/p>\n<p style=\"text-align: left;\">Por otro lado, los afiliados participaron de viajes gratuitos organizados por el Gobierno de C\u00f3rdoba, al tiempo que pudieron disfrutar de obras de teatro en las salas del Real y San Mart\u00edn, con entradas facilitadas por la secretar\u00eda de Cultura provincial. Tambi\u00e9n participaron de talleres de gimnasia integran y yoga que se realizaron en nuestra sede.<\/p>\n<p style=\"text-align: left;\">Por \u00faltimo, la asamblea inform\u00f3 que recibi\u00f3 un subsidio de PAMI para comprar una computadora con su correspondiente impresora.<\/p>\n<p style=\"text-align: left;\"><strong>Festejos en San Francisco<\/strong><\/p>\n<p style=\"text-align: left;\">Por su parte, ese mismo jueves 19 del corriente, los compa\u00f1eros jubilados de San Francisco comieron en la sede del Centro que nuestro gremio posee en dicha ciudad. Se reunieron a comer, compartir un rato alegre y escuchar a un artista local que entretuvo a la audiencia.<\/p>\n<p style=\"text-align: center;\"><img loading=\"lazy\" decoding=\"async\" class=\"ngg-singlepic ngg-center aligncenter\" alt=\"dsc03216\" src=\"http:\/\/www.atecordoba.org\/wp-content\/gallery\/jubilados-san-francisco\/dsc03216.jpg\" width=\"423\" height=\"317\" \/><\/p>\n<p style=\"text-align: center;\"><img loading=\"lazy\" decoding=\"async\" class=\"ngg-singlepic ngg-center aligncenter\" alt=\"dsc03217\" src=\"http:\/\/www.atecordoba.org\/wp-content\/gallery\/jubilados-san-francisco\/dsc03217.jpg\" width=\"423\" height=\"317\" \/><\/p>\n<p style=\"text-align: center;\"><img loading=\"lazy\" decoding=\"async\" class=\"ngg-singlepic ngg-center aligncenter\" alt=\"dsc03209\" src=\"http:\/\/www.atecordoba.org\/wp-content\/gallery\/jubilados-san-francisco\/dsc03209.jpg\" width=\"423\" height=\"317\" \/><\/p>\n","protected":false},"excerpt":{"rendered":"<p>Mientras en centro de Jubilados de C\u00f3rdoba Capital complet\u00f3 su memoria y balance, en San Francisco los compa\u00f1eros festejaron su d\u00eda con una actividad recreativa.\u00a0 El pasado 19 de septiembre el Centro de Jubilados de C\u00f3rdoba Capital de ATE C\u00f3rdoba se reuni\u00f3 para aprobar la memoria y balance 2012, bajo la conducci\u00f3n de Carmen Neder. [&hellip;]<\/p>\n","protected":false},"author":1,"featured_media":19220,"comment_status":"open","ping_status":"open","sticky":false,"template":"","format":"standard","meta":{"_exactmetrics_skip_tracking":false,"_exactmetrics_sitenote_active":false,"_exactmetrics_sitenote_note":"","_exactmetrics_sitenote_category":0,"jnews-multi-image_gallery":[],"jnews_single_post":[],"jnews_primary_category":[],"jnews_social_meta":[],"jnews_review":[],"enable_review":"","type":"","name":"","summary":"","brand":"","sku":"","good":[],"bad":[],"score_override":"","override_value":"","rating":[],"price":[],"jnews_override_counter":[],"jnews_post_split":[],"footnotes":""},"categories":[22],"tags":[],"class_list":["post-3359","post","type-post","status-publish","format-standard","has-post-thumbnail","hentry","category-jubilados"],"jetpack_featured_media_url":"https:\/\/atecordoba.org\/wp-content\/uploads\/2020\/05\/logo-nuevochico-e1561581322808.png","_links":{"self":[{"href":"https:\/\/atecordoba.org\/index.php?rest_route=\/wp\/v2\/posts\/3359","targetHints":{"allow":["GET"]}}],"collection":[{"href":"https:\/\/atecordoba.org\/index.php?rest_route=\/wp\/v2\/posts"}],"about":[{"href":"https:\/\/atecordoba.org\/index.php?rest_route=\/wp\/v2\/types\/post"}],"author":[{"embeddable":true,"href":"https:\/\/atecordoba.org\/index.php?rest_route=\/wp\/v2\/users\/1"}],"replies":[{"embeddable":true,"href":"https:\/\/atecordoba.org\/index.php?rest_route=%2Fwp%2Fv2%2Fcomments&post=3359"}],"version-history":[{"count":0,"href":"https:\/\/atecordoba.org\/index.php?rest_route=\/wp\/v2\/posts\/3359\/revisions"}],"wp:featuredmedia":[{"embeddable":true,"href":"https:\/\/atecordoba.org\/index.php?rest_route=\/wp\/v2\/media\/19220"}],"wp:attachment":[{"href":"https:\/\/atecordoba.org\/index.php?rest_route=%2Fwp%2Fv2%2Fmedia&parent=3359"}],"wp:term":[{"taxonomy":"category","embeddable":true,"href":"https:\/\/atecordoba.org\/index.php?rest_route=%2Fwp%2Fv2%2Fcategories&post=3359"},{"taxonomy":"post_tag","embeddable":true,"href":"https:\/\/atecordoba.org\/index.php?rest_route=%2Fwp%2Fv2%2Ftags&post=3359"}],"curies":[{"name":"wp","href":"https:\/\/api.w.org\/{rel}","templated":true}]}}