{"id":33586,"date":"2022-09-09T14:27:11","date_gmt":"2022-09-09T17:27:11","guid":{"rendered":"https:\/\/atecordoba.org\/?p=33586"},"modified":"2022-09-09T14:27:15","modified_gmt":"2022-09-09T17:27:15","slug":"asamblea-informativa-y-taller-de-capacitacion-en-seguridad-higiene-y-riesgo-laboral","status":"publish","type":"post","link":"https:\/\/atecordoba.org\/?p=33586","title":{"rendered":"Asamblea informativa y taller de\u00a0capacitaci\u00f3n en seguridad, higiene y riesgo laboral"},"content":{"rendered":"\n<p><br><\/p>\n\n\n\n<div class=\"wp-block-image\"><figure class=\"aligncenter size-large is-resized\"><img loading=\"lazy\" decoding=\"async\" src=\"https:\/\/atecordoba.org\/wp-content\/uploads\/2022\/09\/portada-1024x461.jpg\" alt=\"\" class=\"wp-image-33587\" width=\"768\" height=\"346\" \/><\/figure><\/div>\n\n\n\n<p>Con gran concurrencia se desarrolla hoy en la sede de la seccional ATE San Justo en San Francisco, una asamblea informativa y taller de\u00a0capacitaci\u00f3n en seguridad, higiene y riesgo laboral.<\/p>\n\n\n\n<p>La disertaci\u00f3n est\u00e1 a cargo del dr. Mauricio Doncino, junto al secretario General de ATE y CTAA Dar\u00edo Paredes.<\/p>\n\n\n\n<figure class=\"wp-block-gallery has-nested-images columns-default is-cropped wp-block-gallery-1 is-layout-flex wp-block-gallery-is-layout-flex\">\n<figure class=\"wp-block-image size-large\"><a href=\"https:\/\/atecordoba.org\/wp-content\/uploads\/2022\/09\/306310826_517018603756940_551241965244029079_n.jpg\"><img loading=\"lazy\" decoding=\"async\" width=\"1024\" height=\"461\" data-id=\"33588\" src=\"https:\/\/atecordoba.org\/wp-content\/uploads\/2022\/09\/306310826_517018603756940_551241965244029079_n-1024x461.jpg\" alt=\"\" class=\"wp-image-33588\" srcset=\"https:\/\/atecordoba.org\/wp-content\/uploads\/2022\/09\/306310826_517018603756940_551241965244029079_n-1024x461.jpg 1024w, https:\/\/atecordoba.org\/wp-content\/uploads\/2022\/09\/306310826_517018603756940_551241965244029079_n-300x135.jpg 300w, https:\/\/atecordoba.org\/wp-content\/uploads\/2022\/09\/306310826_517018603756940_551241965244029079_n-768x346.jpg 768w, https:\/\/atecordoba.org\/wp-content\/uploads\/2022\/09\/306310826_517018603756940_551241965244029079_n-1536x692.jpg 1536w, https:\/\/atecordoba.org\/wp-content\/uploads\/2022\/09\/306310826_517018603756940_551241965244029079_n-750x338.jpg 750w, https:\/\/atecordoba.org\/wp-content\/uploads\/2022\/09\/306310826_517018603756940_551241965244029079_n-1140x513.jpg 1140w, https:\/\/atecordoba.org\/wp-content\/uploads\/2022\/09\/306310826_517018603756940_551241965244029079_n.jpg 2048w\" sizes=\"auto, (max-width: 1024px) 100vw, 1024px\" \/><\/a><\/figure>\n\n\n\n<figure class=\"wp-block-image size-large\"><a href=\"https:\/\/atecordoba.org\/wp-content\/uploads\/2022\/09\/306195523_517008117091322_3404731942681220680_n.jpg\"><img loading=\"lazy\" decoding=\"async\" width=\"1024\" height=\"461\" data-id=\"33590\" src=\"https:\/\/atecordoba.org\/wp-content\/uploads\/2022\/09\/306195523_517008117091322_3404731942681220680_n-1024x461.jpg\" alt=\"\" class=\"wp-image-33590\" srcset=\"https:\/\/atecordoba.org\/wp-content\/uploads\/2022\/09\/306195523_517008117091322_3404731942681220680_n-1024x461.jpg 1024w, https:\/\/atecordoba.org\/wp-content\/uploads\/2022\/09\/306195523_517008117091322_3404731942681220680_n-300x135.jpg 300w, https:\/\/atecordoba.org\/wp-content\/uploads\/2022\/09\/306195523_517008117091322_3404731942681220680_n-768x346.jpg 768w, https:\/\/atecordoba.org\/wp-content\/uploads\/2022\/09\/306195523_517008117091322_3404731942681220680_n-1536x692.jpg 1536w, https:\/\/atecordoba.org\/wp-content\/uploads\/2022\/09\/306195523_517008117091322_3404731942681220680_n-750x338.jpg 750w, https:\/\/atecordoba.org\/wp-content\/uploads\/2022\/09\/306195523_517008117091322_3404731942681220680_n-1140x513.jpg 1140w, https:\/\/atecordoba.org\/wp-content\/uploads\/2022\/09\/306195523_517008117091322_3404731942681220680_n.jpg 2048w\" sizes=\"auto, (max-width: 1024px) 100vw, 1024px\" \/><\/a><\/figure>\n\n\n\n<figure class=\"wp-block-image size-large\"><a href=\"https:\/\/atecordoba.org\/wp-content\/uploads\/2022\/09\/306288081_517008233757977_1128791316509862055_n.jpg\"><img loading=\"lazy\" decoding=\"async\" width=\"1024\" height=\"461\" data-id=\"33589\" src=\"https:\/\/atecordoba.org\/wp-content\/uploads\/2022\/09\/306288081_517008233757977_1128791316509862055_n-1024x461.jpg\" alt=\"\" class=\"wp-image-33589\" srcset=\"https:\/\/atecordoba.org\/wp-content\/uploads\/2022\/09\/306288081_517008233757977_1128791316509862055_n-1024x461.jpg 1024w, https:\/\/atecordoba.org\/wp-content\/uploads\/2022\/09\/306288081_517008233757977_1128791316509862055_n-300x135.jpg 300w, https:\/\/atecordoba.org\/wp-content\/uploads\/2022\/09\/306288081_517008233757977_1128791316509862055_n-768x346.jpg 768w, https:\/\/atecordoba.org\/wp-content\/uploads\/2022\/09\/306288081_517008233757977_1128791316509862055_n-1536x692.jpg 1536w, https:\/\/atecordoba.org\/wp-content\/uploads\/2022\/09\/306288081_517008233757977_1128791316509862055_n-750x338.jpg 750w, https:\/\/atecordoba.org\/wp-content\/uploads\/2022\/09\/306288081_517008233757977_1128791316509862055_n-1140x513.jpg 1140w, https:\/\/atecordoba.org\/wp-content\/uploads\/2022\/09\/306288081_517008233757977_1128791316509862055_n.jpg 2048w\" sizes=\"auto, (max-width: 1024px) 100vw, 1024px\" \/><\/a><\/figure>\n<\/figure>\n\n\n\n<p><\/p>\n","protected":false},"excerpt":{"rendered":"<p>Con gran concurrencia se desarrolla hoy en la sede de la seccional ATE San Justo en San Francisco, una asamblea informativa y taller de\u00a0capacitaci\u00f3n en seguridad, higiene y riesgo laboral. La disertaci\u00f3n est\u00e1 a cargo del dr. Mauricio Doncino, junto al secretario General de ATE y CTAA Dar\u00edo Paredes.<\/p>\n","protected":false},"author":7,"featured_media":33587,"comment_status":"open","ping_status":"open","sticky":false,"template":"","format":"standard","meta":{"_exactmetrics_skip_tracking":false,"_exactmetrics_sitenote_active":false,"_exactmetrics_sitenote_note":"","_exactmetrics_sitenote_category":0,"jnews-multi-image_gallery":[],"jnews_single_post":{"subtitle":"Buena respuesta de los afiliados a la iniciativa de la seccional. ","format":"standard","video":"","gallery":"","source_name":"","source_url":"","via_name":"","via_url":"","override_template":"0","override":[{"template":"1","single_blog_custom":"","parallax":"1","fullscreen":"1","layout":"right-sidebar","sidebar":"default-sidebar","second_sidebar":"default-sidebar","sticky_sidebar":"1","share_position":"top","share_float_style":"share-monocrhome","show_share_counter":"1","show_view_counter":"1","show_featured":"1","show_post_meta":"1","show_post_author":"1","show_post_author_image":"1","show_post_date":"1","post_date_format":"default","post_date_format_custom":"Y\/m\/d","show_post_category":"1","show_post_reading_time":"0","post_reading_time_wpm":"300","show_zoom_button":"0","zoom_button_out_step":"2","zoom_button_in_step":"3","show_post_tag":"1","show_prev_next_post":"1","show_popup_post":"1","number_popup_post":"1","show_author_box":"0","show_post_related":"0","show_inline_post_related":"0"}],"override_image_size":"0","image_override":[{"single_post_thumbnail_size":"crop-500","single_post_gallery_size":"crop-500"}],"trending_post":"0","trending_post_position":"meta","trending_post_label":"Trending","sponsored_post":"0","sponsored_post_label":"Sponsored by","sponsored_post_name":"","sponsored_post_url":"","sponsored_post_logo_enable":"0","sponsored_post_logo":"","sponsored_post_desc":"","disable_ad":"0"},"jnews_primary_category":{"id":""},"jnews_social_meta":{"fb_title":"","fb_description":"","fb_image":"","twitter_title":"","twitter_description":"","twitter_image":""},"jnews_review":[],"enable_review":"0","type":"percentage","name":"","summary":"","brand":"","sku":"","good":[{"good_text":""}],"bad":[{"bad_text":""}],"score_override":"","override_value":"","rating":[{"rating_text":"","rating_number":"10"}],"price":[{"shop":"","price":"","link":"","icon":""}],"jnews_override_counter":{"override_view_counter":"0","view_counter_number":"0","override_share_counter":"0","share_counter_number":"0","override_like_counter":"0","like_counter_number":"0","override_dislike_counter":"0","dislike_counter_number":"0"},"jnews_post_split":{"enable_post_split":"0","post_split":[{"template":"1","tag":"h2","numbering":"asc","mode":"normal","first":"0","enable_toc":"0","toc_type":"normal"}]},"footnotes":""},"categories":[549,148],"tags":[],"class_list":["post-33586","post","type-post","status-publish","format-standard","has-post-thumbnail","hentry","category-cymat","category-san-justo"],"jetpack_featured_media_url":"https:\/\/atecordoba.org\/wp-content\/uploads\/2022\/09\/portada-e1662744423880.jpg","_links":{"self":[{"href":"https:\/\/atecordoba.org\/index.php?rest_route=\/wp\/v2\/posts\/33586","targetHints":{"allow":["GET"]}}],"collection":[{"href":"https:\/\/atecordoba.org\/index.php?rest_route=\/wp\/v2\/posts"}],"about":[{"href":"https:\/\/atecordoba.org\/index.php?rest_route=\/wp\/v2\/types\/post"}],"author":[{"embeddable":true,"href":"https:\/\/atecordoba.org\/index.php?rest_route=\/wp\/v2\/users\/7"}],"replies":[{"embeddable":true,"href":"https:\/\/atecordoba.org\/index.php?rest_route=%2Fwp%2Fv2%2Fcomments&post=33586"}],"version-history":[{"count":1,"href":"https:\/\/atecordoba.org\/index.php?rest_route=\/wp\/v2\/posts\/33586\/revisions"}],"predecessor-version":[{"id":33591,"href":"https:\/\/atecordoba.org\/index.php?rest_route=\/wp\/v2\/posts\/33586\/revisions\/33591"}],"wp:featuredmedia":[{"embeddable":true,"href":"https:\/\/atecordoba.org\/index.php?rest_route=\/wp\/v2\/media\/33587"}],"wp:attachment":[{"href":"https:\/\/atecordoba.org\/index.php?rest_route=%2Fwp%2Fv2%2Fmedia&parent=33586"}],"wp:term":[{"taxonomy":"category","embeddable":true,"href":"https:\/\/atecordoba.org\/index.php?rest_route=%2Fwp%2Fv2%2Fcategories&post=33586"},{"taxonomy":"post_tag","embeddable":true,"href":"https:\/\/atecordoba.org\/index.php?rest_route=%2Fwp%2Fv2%2Ftags&post=33586"}],"curies":[{"name":"wp","href":"https:\/\/api.w.org\/{rel}","templated":true}]}}