{"id":33552,"date":"2022-09-07T13:21:04","date_gmt":"2022-09-07T16:21:04","guid":{"rendered":"https:\/\/atecordoba.org\/?p=33552"},"modified":"2022-09-07T13:21:07","modified_gmt":"2022-09-07T16:21:07","slug":"el-cdp-de-ate-cordoba-consiguio-el-traslado-de-un-trabajador-que-prestaba-funciones-en-la-fabrica-militar-de-villa-maria-a-la-de-rio-tercero","status":"publish","type":"post","link":"https:\/\/atecordoba.org\/?p=33552","title":{"rendered":"El CDP de ATE C\u00f3rdoba consigui\u00f3 el traslado de un trabajador que prestaba funciones en la F\u00e1brica Militar de Villa Mar\u00eda a la de R\u00edo Tercero"},"content":{"rendered":"\n<div class=\"wp-block-image\"><figure class=\"aligncenter size-full is-resized\"><img loading=\"lazy\" decoding=\"async\" src=\"https:\/\/atecordoba.org\/wp-content\/uploads\/2022\/09\/Traslado-Ulbrich.jpeg\" alt=\"\" class=\"wp-image-33554\" width=\"615\" height=\"345\" srcset=\"https:\/\/atecordoba.org\/wp-content\/uploads\/2022\/09\/Traslado-Ulbrich.jpeg 459w, https:\/\/atecordoba.org\/wp-content\/uploads\/2022\/09\/Traslado-Ulbrich-300x169.jpeg 300w\" sizes=\"auto, (max-width: 615px) 100vw, 615px\" \/><figcaption>Pereyra (izquierda) junto a Ulbrich (derecha) esta ma\u00f1ana en la FMRT <\/figcaption><\/figure><\/div>\n\n\n\n<p>Diego Pereyra, Revisor de Cuentas del Consejo Directivo Provincial de ATE C\u00f3rdoba y Vocal electo de la CTAA de la Provincia de C\u00f3rdoba, recibi\u00f3 hoy en la F\u00e1brica Militar de R\u00edo Tercero (FMRT) -de donde es trabajador- a Jonathan Ulbrich,\u00a0despedido en el macrismo que hab\u00eda sido reincorporado en la F\u00e1brica Militar de Villa Mar\u00eda<\/p>\n\n\n\n<p>Ulbrich deb\u00eda viajar a diario desde su lugar de residencia, la localidad de Tancacha que dista a 100 kms del establecimiento asignado por la patronal y a tan solo 16 kms de R\u00edo Tercero. &#8220;El peso log\u00edstico y el gasto econ\u00f3mico que deb\u00eda realizar el compa\u00f1ero era realmente considerable, injusto: apenas nos enteramos de la situaci\u00f3n que llevaba m\u00e1s de un a\u00f1o sin resolver, decidimos intervenir y logramos, con el traslado, que se ponga justicia ante esta situaci\u00f3n realmente descabellada&#8221;, expres\u00f3 el Secretario general de ATE y la CTAA C\u00f3rdoba, Federico Giuliani.<\/p>\n\n\n\n<p>Las gestiones fueron realizadas personalmente por Giuliani con H\u00e9ctor Mazzei, Jefe de Gabinete del Ministerio de Defensa de la Naci\u00f3n.<\/p>\n","protected":false},"excerpt":{"rendered":"<p>Diego Pereyra, Revisor de Cuentas del Consejo Directivo Provincial de ATE C\u00f3rdoba y Vocal electo de la CTAA de la Provincia de C\u00f3rdoba, recibi\u00f3 hoy en la F\u00e1brica Militar de R\u00edo Tercero (FMRT) -de donde es trabajador- a Jonathan Ulbrich,\u00a0despedido en el macrismo que hab\u00eda sido reincorporado en la F\u00e1brica Militar de Villa Mar\u00eda Ulbrich [&hellip;]<\/p>\n","protected":false},"author":6,"featured_media":33554,"comment_status":"open","ping_status":"open","sticky":false,"template":"","format":"standard","meta":{"_exactmetrics_skip_tracking":false,"_exactmetrics_sitenote_active":false,"_exactmetrics_sitenote_note":"","_exactmetrics_sitenote_category":0,"jnews-multi-image_gallery":[],"jnews_single_post":{"subtitle":"A partir de una gesti\u00f3n de Federico Giuliani, Jonathan Ulbrich, despedido en el macrismo que hab\u00eda sido reincorporado en la F\u00e1brica Militar de Villa Mar\u00eda, logr\u00f3 su traslado a la F\u00e1brica Militar de R\u00edo Tercero. De esta manera, Ulbrich ya no viajar\u00e1 m\u00e1s 200 kms al d\u00eda para presentarse a trabajar: \"logramos que se ponga justicia ante esta situaci\u00f3n\", expres\u00f3 Giuliani.","format":"standard","video":"","gallery":"","source_name":"","source_url":"","via_name":"","via_url":"","override_template":"0","override":[{"template":"1","single_blog_custom":"","parallax":"1","fullscreen":"1","layout":"right-sidebar","sidebar":"default-sidebar","second_sidebar":"default-sidebar","sticky_sidebar":"1","share_position":"top","share_float_style":"share-monocrhome","show_share_counter":"1","show_view_counter":"1","show_featured":"1","show_post_meta":"1","show_post_author":"1","show_post_author_image":"1","show_post_date":"1","post_date_format":"default","post_date_format_custom":"Y\/m\/d","show_post_category":"1","show_post_reading_time":"0","post_reading_time_wpm":"300","show_zoom_button":"0","zoom_button_out_step":"2","zoom_button_in_step":"3","show_post_tag":"1","show_prev_next_post":"1","show_popup_post":"1","number_popup_post":"1","show_author_box":"0","show_post_related":"0","show_inline_post_related":"0"}],"override_image_size":"0","image_override":[{"single_post_thumbnail_size":"crop-500","single_post_gallery_size":"crop-500"}],"trending_post":"0","trending_post_position":"meta","trending_post_label":"Trending","sponsored_post":"0","sponsored_post_label":"Sponsored by","sponsored_post_name":"","sponsored_post_url":"","sponsored_post_logo_enable":"0","sponsored_post_logo":"","sponsored_post_desc":"","disable_ad":"0"},"jnews_primary_category":{"id":""},"jnews_social_meta":{"fb_title":"","fb_description":"","fb_image":"","twitter_title":"","twitter_description":"","twitter_image":""},"jnews_review":[],"enable_review":"0","type":"percentage","name":"","summary":"","brand":"","sku":"","good":[{"good_text":""}],"bad":[{"bad_text":""}],"score_override":"","override_value":"","rating":[{"rating_text":"","rating_number":"10"}],"price":[{"shop":"","price":"","link":"","icon":""}],"jnews_override_counter":{"override_view_counter":"0","view_counter_number":"0","override_share_counter":"0","share_counter_number":"0","override_like_counter":"0","like_counter_number":"0","override_dislike_counter":"0","dislike_counter_number":"0"},"jnews_post_split":{"enable_post_split":"0","post_split":[{"template":"1","tag":"h2","numbering":"asc","mode":"normal","first":"0","enable_toc":"0","toc_type":"normal"}]},"footnotes":""},"categories":[341,152,18,13,14],"tags":[],"class_list":["post-33552","post","type-post","status-publish","format-standard","has-post-thumbnail","hentry","category-cdp","category-despedidos","category-nacionales","category-rio-tercero","category-villa-maria"],"jetpack_featured_media_url":"https:\/\/atecordoba.org\/wp-content\/uploads\/2022\/09\/Traslado-Ulbrich.jpeg","_links":{"self":[{"href":"https:\/\/atecordoba.org\/index.php?rest_route=\/wp\/v2\/posts\/33552","targetHints":{"allow":["GET"]}}],"collection":[{"href":"https:\/\/atecordoba.org\/index.php?rest_route=\/wp\/v2\/posts"}],"about":[{"href":"https:\/\/atecordoba.org\/index.php?rest_route=\/wp\/v2\/types\/post"}],"author":[{"embeddable":true,"href":"https:\/\/atecordoba.org\/index.php?rest_route=\/wp\/v2\/users\/6"}],"replies":[{"embeddable":true,"href":"https:\/\/atecordoba.org\/index.php?rest_route=%2Fwp%2Fv2%2Fcomments&post=33552"}],"version-history":[{"count":2,"href":"https:\/\/atecordoba.org\/index.php?rest_route=\/wp\/v2\/posts\/33552\/revisions"}],"predecessor-version":[{"id":33555,"href":"https:\/\/atecordoba.org\/index.php?rest_route=\/wp\/v2\/posts\/33552\/revisions\/33555"}],"wp:featuredmedia":[{"embeddable":true,"href":"https:\/\/atecordoba.org\/index.php?rest_route=\/wp\/v2\/media\/33554"}],"wp:attachment":[{"href":"https:\/\/atecordoba.org\/index.php?rest_route=%2Fwp%2Fv2%2Fmedia&parent=33552"}],"wp:term":[{"taxonomy":"category","embeddable":true,"href":"https:\/\/atecordoba.org\/index.php?rest_route=%2Fwp%2Fv2%2Fcategories&post=33552"},{"taxonomy":"post_tag","embeddable":true,"href":"https:\/\/atecordoba.org\/index.php?rest_route=%2Fwp%2Fv2%2Ftags&post=33552"}],"curies":[{"name":"wp","href":"https:\/\/api.w.org\/{rel}","templated":true}]}}