{"id":3355,"date":"2013-09-27T16:06:13","date_gmt":"2013-09-27T19:06:13","guid":{"rendered":"http:\/\/www.atecordoba.org\/?p=3355"},"modified":"2013-09-27T16:06:13","modified_gmt":"2013-09-27T19:06:13","slug":"misiones-ate-participa-de-la-marcha-contra-las-represas","status":"publish","type":"post","link":"https:\/\/atecordoba.org\/?p=3355","title":{"rendered":"Misiones: ATE participa de la marcha contra las represas"},"content":{"rendered":"<p><em>Una delegaci\u00f3n del CDP, encabezada por Mar\u00eda Teresa Romero, participa de la movilizaci\u00f3n social en la provincia del litoral.\u00a0<\/em><\/p>\n<p>[vsw id=&#8221;wMi6JQ1RJ6Q&#8221; source=&#8221;youtube&#8221; width=&#8221;425&#8243; height=&#8221;344&#8243; autoplay=&#8221;no&#8221;]<\/p>\n","protected":false},"excerpt":{"rendered":"<p>Una delegaci\u00f3n del CDP, encabezada por Mar\u00eda Teresa Romero, participa de la movilizaci\u00f3n social en la provincia del litoral.\u00a0 [vsw id=&#8221;wMi6JQ1RJ6Q&#8221; source=&#8221;youtube&#8221; width=&#8221;425&#8243; height=&#8221;344&#8243; autoplay=&#8221;no&#8221;]<\/p>\n","protected":false},"author":1,"featured_media":19220,"comment_status":"open","ping_status":"open","sticky":false,"template":"","format":"standard","meta":{"_exactmetrics_skip_tracking":false,"_exactmetrics_sitenote_active":false,"_exactmetrics_sitenote_note":"","_exactmetrics_sitenote_category":0,"jnews-multi-image_gallery":[],"jnews_single_post":[],"jnews_primary_category":[],"jnews_social_meta":[],"jnews_review":[],"enable_review":"","type":"","name":"","summary":"","brand":"","sku":"","good":[],"bad":[],"score_override":"","override_value":"","rating":[],"price":[],"jnews_override_counter":[],"jnews_post_split":[],"footnotes":""},"categories":[18],"tags":[],"class_list":["post-3355","post","type-post","status-publish","format-standard","has-post-thumbnail","hentry","category-nacionales"],"jetpack_featured_media_url":"https:\/\/atecordoba.org\/wp-content\/uploads\/2020\/05\/logo-nuevochico-e1561581322808.png","_links":{"self":[{"href":"https:\/\/atecordoba.org\/index.php?rest_route=\/wp\/v2\/posts\/3355","targetHints":{"allow":["GET"]}}],"collection":[{"href":"https:\/\/atecordoba.org\/index.php?rest_route=\/wp\/v2\/posts"}],"about":[{"href":"https:\/\/atecordoba.org\/index.php?rest_route=\/wp\/v2\/types\/post"}],"author":[{"embeddable":true,"href":"https:\/\/atecordoba.org\/index.php?rest_route=\/wp\/v2\/users\/1"}],"replies":[{"embeddable":true,"href":"https:\/\/atecordoba.org\/index.php?rest_route=%2Fwp%2Fv2%2Fcomments&post=3355"}],"version-history":[{"count":0,"href":"https:\/\/atecordoba.org\/index.php?rest_route=\/wp\/v2\/posts\/3355\/revisions"}],"wp:featuredmedia":[{"embeddable":true,"href":"https:\/\/atecordoba.org\/index.php?rest_route=\/wp\/v2\/media\/19220"}],"wp:attachment":[{"href":"https:\/\/atecordoba.org\/index.php?rest_route=%2Fwp%2Fv2%2Fmedia&parent=3355"}],"wp:term":[{"taxonomy":"category","embeddable":true,"href":"https:\/\/atecordoba.org\/index.php?rest_route=%2Fwp%2Fv2%2Fcategories&post=3355"},{"taxonomy":"post_tag","embeddable":true,"href":"https:\/\/atecordoba.org\/index.php?rest_route=%2Fwp%2Fv2%2Ftags&post=3355"}],"curies":[{"name":"wp","href":"https:\/\/api.w.org\/{rel}","templated":true}]}}