{"id":33547,"date":"2022-09-05T15:20:56","date_gmt":"2022-09-05T18:20:56","guid":{"rendered":"https:\/\/atecordoba.org\/?p=33547"},"modified":"2022-09-05T15:21:01","modified_gmt":"2022-09-05T18:21:01","slug":"ate-acuerda-un-aumento-del-35-en-adelia-maria-y-ya-alcanza-el-82-5-acumulativo-en-lo-que-va-del-ano","status":"publish","type":"post","link":"https:\/\/atecordoba.org\/?p=33547","title":{"rendered":"ATE acuerda un aumento del 35% en Adelia Mar\u00eda y ya alcanza el 82.5% acumulativo en lo que va del a\u00f1o"},"content":{"rendered":"\n<div class=\"wp-block-image\"><figure class=\"aligncenter size-full is-resized\"><img loading=\"lazy\" decoding=\"async\" src=\"https:\/\/atecordoba.org\/wp-content\/uploads\/2022\/09\/FB_IMG_1662392967157.jpg\" alt=\"\" class=\"wp-image-33548\" width=\"720\" height=\"540\" srcset=\"https:\/\/atecordoba.org\/wp-content\/uploads\/2022\/09\/FB_IMG_1662392967157.jpg 960w, https:\/\/atecordoba.org\/wp-content\/uploads\/2022\/09\/FB_IMG_1662392967157-300x225.jpg 300w, https:\/\/atecordoba.org\/wp-content\/uploads\/2022\/09\/FB_IMG_1662392967157-768x576.jpg 768w, https:\/\/atecordoba.org\/wp-content\/uploads\/2022\/09\/FB_IMG_1662392967157-750x563.jpg 750w\" sizes=\"auto, (max-width: 720px) 100vw, 720px\" \/><\/figure><\/div>\n\n\n\n<p>\u00a0La semana pasada el secretario General de \u00a0ATE Adelia Mar\u00eda, Diego Villegas, y los delegados Agustina Ira\u00f1eta y Carlos Montero mantuvieron una reuni\u00f3n con el intendente de Adelia Mar\u00eda, Jorge Marino, donde se acord\u00f3 un aumento salarial del 35%, a pagar 15% con los salarios de septiembre y 20% con los correspondientes a noviembre.<\/p>\n\n\n\n<p>En la oportunidad tambi\u00e9n estuvo presente el secretario de Gobierno Ruben Biotti. Cabe se\u00f1alar se trata de incrementos remunerativos, que impactan en todos los \u00edtems del b\u00e1sico y terminan conformando un haber hasta de noviembre del 82.5% seg\u00fan inform\u00f3 Villegas.<\/p>\n\n\n\n<p>Las partes acordaron convocarse nuevamente en noviembre para abordar lo que resta del a\u00f1o<\/p>\n\n\n\n<p><strong>Reflexiones radiales<\/strong><\/p>\n\n\n\n<p>Por otro lado, el compa\u00f1ero Marcelo Alfonso, integrante de la Comisi\u00f3n Directiva de la seccional Adelia Mar\u00eda, brind\u00f3 una entrevista para una radio local donde dio importantes definiciones respecto al momento que atraviesa el movimiento obrero. <\/p>\n\n\n\n<p>Alfonso hizo referencia a las \u00faltimas acciones de la CTA y remarc\u00f3 que &#8220;hubo una movilizaci\u00f3n para mejorar la situaci\u00f3n del trabajador y por la distribuci\u00f3n equitativa de la riqueza. Creemos que debe haber una relaci\u00f3n equilibrada entre los costos de vida y el ingreso de los asalariados&#8221;.<\/p>\n\n\n\n<p>En tal sentido agreg\u00f3 que &#8220;parece que en este sistema capitalista las mayor\u00edas est\u00e1n condenadas a sufrir un relaci\u00f3n entre precios y costos donde el mercado no ordena sino que extrema desigualdades. Ah\u00ed guarda un importancia capital la funci\u00f3n del dirigente gremial, que tiene como funci\u00f3n inherente que el trabajador siempre gane m\u00e1s y est\u00e9 siempre mejor. Nosotros los dirigentes estamos todos los d\u00edas a la par de los trabajadores, escuchando sus necesidades y problemas. Hace poco tuvimos elecciones en nuestra central sindical y demostramos que democratizamos el gremialismo y que las autoridades sindicales deben ser elegidas por el voto libre y directo de los afiliados&#8221;.<\/p>\n\n\n\n<p>Y concluy\u00f3 afirmando: &#8220;esta elecci\u00f3n cabe analizarla desde lo gremial, donde los trabajadores ven que necesitan una estructura fuerte para hacer valer sus derechos y por eso votaron a la lista Germ\u00e1n Abdala; desde lo pol\u00edtico, vivimos lamentablemente momentos muy violentos con econom\u00edstas que bajan discursos de que la econom\u00eda es una ciencia exacta y que esa ciencia puede explicar lo que pasa en el pa\u00eds, pero el mercado no nos da las respuestas que los humanos necesitamos&#8221;.<\/p>\n","protected":false},"excerpt":{"rendered":"<p>\u00a0La semana pasada el secretario General de \u00a0ATE Adelia Mar\u00eda, Diego Villegas, y los delegados Agustina Ira\u00f1eta y Carlos Montero mantuvieron una reuni\u00f3n con el intendente de Adelia Mar\u00eda, Jorge Marino, donde se acord\u00f3 un aumento salarial del 35%, a pagar 15% con los salarios de septiembre y 20% con los correspondientes a noviembre. En [&hellip;]<\/p>\n","protected":false},"author":7,"featured_media":33549,"comment_status":"open","ping_status":"open","sticky":false,"template":"","format":"standard","meta":{"_exactmetrics_skip_tracking":false,"_exactmetrics_sitenote_active":false,"_exactmetrics_sitenote_note":"","_exactmetrics_sitenote_category":0,"jnews-multi-image_gallery":[],"jnews_single_post":{"subtitle":"En noviembre se volver\u00e1 a convocar la paritaria para cerrar lo que resta del a\u00f1o en curso.","format":"standard","video":"","gallery":"","source_name":"","source_url":"","via_name":"","via_url":"","override_template":"0","override":[{"template":"1","single_blog_custom":"","parallax":"1","fullscreen":"1","layout":"right-sidebar","sidebar":"default-sidebar","second_sidebar":"default-sidebar","sticky_sidebar":"1","share_position":"top","share_float_style":"share-monocrhome","show_share_counter":"1","show_view_counter":"1","show_featured":"1","show_post_meta":"1","show_post_author":"1","show_post_author_image":"1","show_post_date":"1","post_date_format":"default","post_date_format_custom":"Y\/m\/d","show_post_category":"1","show_post_reading_time":"0","post_reading_time_wpm":"300","show_zoom_button":"0","zoom_button_out_step":"2","zoom_button_in_step":"3","show_post_tag":"1","show_prev_next_post":"1","show_popup_post":"1","number_popup_post":"1","show_author_box":"0","show_post_related":"0","show_inline_post_related":"0"}],"override_image_size":"0","image_override":[{"single_post_thumbnail_size":"crop-500","single_post_gallery_size":"crop-500"}],"trending_post":"0","trending_post_position":"meta","trending_post_label":"Trending","sponsored_post":"0","sponsored_post_label":"Sponsored by","sponsored_post_name":"","sponsored_post_url":"","sponsored_post_logo_enable":"0","sponsored_post_logo":"","sponsored_post_desc":"","disable_ad":"0"},"jnews_primary_category":{"id":""},"jnews_social_meta":{"fb_title":"","fb_description":"","fb_image":"","twitter_title":"","twitter_description":"","twitter_image":""},"jnews_review":[],"enable_review":"0","type":"percentage","name":"","summary":"","brand":"","sku":"","good":[{"good_text":""}],"bad":[{"bad_text":""}],"score_override":"","override_value":"","rating":[{"rating_text":"","rating_number":"10"}],"price":[{"shop":"","price":"","link":"","icon":""}],"jnews_override_counter":{"override_view_counter":"0","view_counter_number":"0","override_share_counter":"0","share_counter_number":"0","override_like_counter":"0","like_counter_number":"0","override_dislike_counter":"0","dislike_counter_number":"0"},"jnews_post_split":{"enable_post_split":"0","post_split":[{"template":"1","tag":"h2","numbering":"asc","mode":"normal","first":"0","enable_toc":"0","toc_type":"normal"}]},"footnotes":""},"categories":[149,20],"tags":[1218],"class_list":["post-33547","post","type-post","status-publish","format-standard","has-post-thumbnail","hentry","category-adelia-maria","category-municipales","tag-adelia-maria-2"],"jetpack_featured_media_url":"https:\/\/atecordoba.org\/wp-content\/uploads\/2022\/09\/adeliamaria-e1662402050335.jpg","_links":{"self":[{"href":"https:\/\/atecordoba.org\/index.php?rest_route=\/wp\/v2\/posts\/33547","targetHints":{"allow":["GET"]}}],"collection":[{"href":"https:\/\/atecordoba.org\/index.php?rest_route=\/wp\/v2\/posts"}],"about":[{"href":"https:\/\/atecordoba.org\/index.php?rest_route=\/wp\/v2\/types\/post"}],"author":[{"embeddable":true,"href":"https:\/\/atecordoba.org\/index.php?rest_route=\/wp\/v2\/users\/7"}],"replies":[{"embeddable":true,"href":"https:\/\/atecordoba.org\/index.php?rest_route=%2Fwp%2Fv2%2Fcomments&post=33547"}],"version-history":[{"count":1,"href":"https:\/\/atecordoba.org\/index.php?rest_route=\/wp\/v2\/posts\/33547\/revisions"}],"predecessor-version":[{"id":33550,"href":"https:\/\/atecordoba.org\/index.php?rest_route=\/wp\/v2\/posts\/33547\/revisions\/33550"}],"wp:featuredmedia":[{"embeddable":true,"href":"https:\/\/atecordoba.org\/index.php?rest_route=\/wp\/v2\/media\/33549"}],"wp:attachment":[{"href":"https:\/\/atecordoba.org\/index.php?rest_route=%2Fwp%2Fv2%2Fmedia&parent=33547"}],"wp:term":[{"taxonomy":"category","embeddable":true,"href":"https:\/\/atecordoba.org\/index.php?rest_route=%2Fwp%2Fv2%2Fcategories&post=33547"},{"taxonomy":"post_tag","embeddable":true,"href":"https:\/\/atecordoba.org\/index.php?rest_route=%2Fwp%2Fv2%2Ftags&post=33547"}],"curies":[{"name":"wp","href":"https:\/\/api.w.org\/{rel}","templated":true}]}}