{"id":33534,"date":"2022-09-05T11:10:34","date_gmt":"2022-09-05T14:10:34","guid":{"rendered":"https:\/\/atecordoba.org\/?p=33534"},"modified":"2022-09-05T11:10:35","modified_gmt":"2022-09-05T14:10:35","slug":"repudio-a-declaraciones-violentas-del-secretario-de-gobierno-de-villa-allende-felipe-crespo","status":"publish","type":"post","link":"https:\/\/atecordoba.org\/?p=33534","title":{"rendered":"Repudio a declaraciones violentas del secretario de Gobierno de Villa Allende Felipe Crespo"},"content":{"rendered":"\n<div class=\"wp-block-image\"><figure class=\"aligncenter size-full is-resized\"><img loading=\"lazy\" decoding=\"async\" src=\"https:\/\/atecordoba.org\/wp-content\/uploads\/2022\/09\/odio.png\" alt=\"\" class=\"wp-image-33535\" width=\"797\" height=\"480\" srcset=\"https:\/\/atecordoba.org\/wp-content\/uploads\/2022\/09\/odio.png 711w, https:\/\/atecordoba.org\/wp-content\/uploads\/2022\/09\/odio-300x181.png 300w\" sizes=\"auto, (max-width: 797px) 100vw, 797px\" \/><\/figure><\/div>\n\n\n\n<p>El intento de magnicidio perpetrado con la Vicepresidenta de la Naci\u00f3n Cristina Fern\u00e1ndez de Kirchner moviliz\u00f3 masiva ya mayoritariamente al pueblo argentino en defensa de la vida de la dirigente popular m\u00e1s importante de nuestro pa\u00eds, sino tambi\u00e9n como respaldo a la vida democr\u00e1tica, la no violencia y el aislamiento de los violentos que pretenden enturbiar la convivencia social. <\/p>\n\n\n\n<p>Estos violentos no solo sostienen una pistola, o muestran su agresividad desde alg\u00fan canal de televisi\u00f3n o radio, tambi\u00e9n ejercen cargos p\u00fablicos como el secretario de Gobierno de la Municipalidad de Villa Allende, el macrista Felipe Crespo. <\/p>\n\n\n\n<div class=\"wp-block-image\"><figure class=\"aligncenter size-full\"><img loading=\"lazy\" decoding=\"async\" width=\"732\" height=\"510\" src=\"https:\/\/atecordoba.org\/wp-content\/uploads\/2022\/09\/crespo.png\" alt=\"\" class=\"wp-image-33536\" srcset=\"https:\/\/atecordoba.org\/wp-content\/uploads\/2022\/09\/crespo.png 732w, https:\/\/atecordoba.org\/wp-content\/uploads\/2022\/09\/crespo-300x209.png 300w\" sizes=\"auto, (max-width: 732px) 100vw, 732px\" \/><\/figure><\/div>\n\n\n\n<p>El funcionario difundi\u00f3 por redes un mensaje negacionista y abiertamente agresivo, buscando provocar a la comunidad desde la violencia pol\u00edtica. Lo hizo a las 12.56 de la madrugada del viernes, a pocas horas de sucedido el intento de asesinato, mientras la poblaci\u00f3n estaba consternada por la noticia.<\/p>\n\n\n\n<p>ATE repudia las expresiones de este personaje nefasto y exige su renuncia al cargo, para que la gesti\u00f3n municipal de Villa Allende recupere el clima democr\u00e1tico que Felipe Crespo se encarg\u00f3 de enturbiar.<\/p>\n\n\n\n<p><strong>Su penoso paso por Agricultura Familiar<\/strong><\/p>\n\n\n\n<p>Lamentable ex funcionario del Ministerio de Agricultura, que en su gesti\u00f3n en la Subsecretar\u00eda de Desarrollo Territorial, se dedic\u00f3 a perseguir y despedir trabajadores y trabajadoras estatales, con el objetivo de canalizar desde el propio estado su odio por lo estatal y los estatales, sino para destruir las pol\u00edticas que defiendan a los peque\u00f1os productores y los campesinos que no se encuentran comprendidos por el negocio sojero, en una clara actitud ideol\u00f3gica e intolerante.<\/p>\n\n\n\n<p><strong>Arrepentimiento trucho<\/strong><\/p>\n\n\n\n<p>Vale se\u00f1alar que Crespo borr\u00f3 el tw, que de todas formar est\u00e1 disponible por una captura de pantalla, dijo que el mensaje fue &#8220;una broma de mal gusto&#8221; para decir seguidamente que repudia el ataque a la Vicepresidenta, se\u00f1al\u00e1ndola como &#8220;vicepresidente&#8221;, y asimilando el atentado a &#8220;cualquier otro que atente contra la paz social&#8221;. Otra muestra de su intolerancia e incapacidad para ejercer el cargo en una sociedad democr\u00e1tica. <\/p>\n\n\n\n\n\n<p> <\/p>\n","protected":false},"excerpt":{"rendered":"<p>El intento de magnicidio perpetrado con la Vicepresidenta de la Naci\u00f3n Cristina Fern\u00e1ndez de Kirchner moviliz\u00f3 masiva ya mayoritariamente al pueblo argentino en defensa de la vida de la dirigente popular m\u00e1s importante de nuestro pa\u00eds, sino tambi\u00e9n como respaldo a la vida democr\u00e1tica, la no violencia y el aislamiento de los violentos que pretenden [&hellip;]<\/p>\n","protected":false},"author":7,"featured_media":33537,"comment_status":"open","ping_status":"open","sticky":false,"template":"","format":"standard","meta":{"_exactmetrics_skip_tracking":false,"_exactmetrics_sitenote_active":false,"_exactmetrics_sitenote_note":"","_exactmetrics_sitenote_category":0,"jnews-multi-image_gallery":[],"jnews_single_post":{"subtitle":"Crespo fue funcionario macrista en Agricultura Familiar. Se dedic\u00f3 a despedir trabajadores y destruir la pol\u00edtica agropecuaria para los campesinos y peque\u00f1os productores.","format":"standard","video":"","gallery":"","source_name":"","source_url":"","via_name":"","via_url":"","override_template":"0","override":[{"template":"1","single_blog_custom":"","parallax":"1","fullscreen":"1","layout":"right-sidebar","sidebar":"default-sidebar","second_sidebar":"default-sidebar","sticky_sidebar":"1","share_position":"top","share_float_style":"share-monocrhome","show_share_counter":"1","show_view_counter":"1","show_featured":"1","show_post_meta":"1","show_post_author":"1","show_post_author_image":"1","show_post_date":"1","post_date_format":"default","post_date_format_custom":"Y\/m\/d","show_post_category":"1","show_post_reading_time":"0","post_reading_time_wpm":"300","show_zoom_button":"0","zoom_button_out_step":"2","zoom_button_in_step":"3","show_post_tag":"1","show_prev_next_post":"1","show_popup_post":"1","number_popup_post":"1","show_author_box":"0","show_post_related":"0","show_inline_post_related":"0"}],"override_image_size":"0","image_override":[{"single_post_thumbnail_size":"crop-500","single_post_gallery_size":"crop-500"}],"trending_post":"0","trending_post_position":"meta","trending_post_label":"Trending","sponsored_post":"0","sponsored_post_label":"Sponsored by","sponsored_post_name":"","sponsored_post_url":"","sponsored_post_logo_enable":"0","sponsored_post_logo":"","sponsored_post_desc":"","disable_ad":"0"},"jnews_primary_category":{"id":""},"jnews_social_meta":{"fb_title":"","fb_description":"","fb_image":"","twitter_title":"","twitter_description":"","twitter_image":""},"jnews_review":[],"enable_review":"0","type":"percentage","name":"","summary":"","brand":"","sku":"","good":[{"good_text":""}],"bad":[{"bad_text":""}],"score_override":"","override_value":"","rating":[{"rating_text":"","rating_number":"10"}],"price":[{"shop":"","price":"","link":"","icon":""}],"jnews_override_counter":{"override_view_counter":"0","view_counter_number":"0","override_share_counter":"0","share_counter_number":"0","override_like_counter":"0","like_counter_number":"0","override_dislike_counter":"0","dislike_counter_number":"0"},"jnews_post_split":{"enable_post_split":"0","post_split":[{"template":"1","tag":"h2","numbering":"asc","mode":"normal","first":"0","enable_toc":"0","toc_type":"normal"}]},"footnotes":""},"categories":[10],"tags":[1215,1217,1216],"class_list":["post-33534","post","type-post","status-publish","format-standard","has-post-thumbnail","hentry","category-accion-politica","tag-discurso-de-odio","tag-municipalidad","tag-villa-allende"],"jetpack_featured_media_url":"https:\/\/atecordoba.org\/wp-content\/uploads\/2022\/09\/crespo1-e1662386962617.png","_links":{"self":[{"href":"https:\/\/atecordoba.org\/index.php?rest_route=\/wp\/v2\/posts\/33534","targetHints":{"allow":["GET"]}}],"collection":[{"href":"https:\/\/atecordoba.org\/index.php?rest_route=\/wp\/v2\/posts"}],"about":[{"href":"https:\/\/atecordoba.org\/index.php?rest_route=\/wp\/v2\/types\/post"}],"author":[{"embeddable":true,"href":"https:\/\/atecordoba.org\/index.php?rest_route=\/wp\/v2\/users\/7"}],"replies":[{"embeddable":true,"href":"https:\/\/atecordoba.org\/index.php?rest_route=%2Fwp%2Fv2%2Fcomments&post=33534"}],"version-history":[{"count":1,"href":"https:\/\/atecordoba.org\/index.php?rest_route=\/wp\/v2\/posts\/33534\/revisions"}],"predecessor-version":[{"id":33538,"href":"https:\/\/atecordoba.org\/index.php?rest_route=\/wp\/v2\/posts\/33534\/revisions\/33538"}],"wp:featuredmedia":[{"embeddable":true,"href":"https:\/\/atecordoba.org\/index.php?rest_route=\/wp\/v2\/media\/33537"}],"wp:attachment":[{"href":"https:\/\/atecordoba.org\/index.php?rest_route=%2Fwp%2Fv2%2Fmedia&parent=33534"}],"wp:term":[{"taxonomy":"category","embeddable":true,"href":"https:\/\/atecordoba.org\/index.php?rest_route=%2Fwp%2Fv2%2Fcategories&post=33534"},{"taxonomy":"post_tag","embeddable":true,"href":"https:\/\/atecordoba.org\/index.php?rest_route=%2Fwp%2Fv2%2Ftags&post=33534"}],"curies":[{"name":"wp","href":"https:\/\/api.w.org\/{rel}","templated":true}]}}