{"id":33517,"date":"2022-09-01T15:50:23","date_gmt":"2022-09-01T18:50:23","guid":{"rendered":"https:\/\/atecordoba.org\/?p=33517"},"modified":"2022-09-01T18:34:11","modified_gmt":"2022-09-01T21:34:11","slug":"asamblea-de-la-senaf-resolvio-movilizar-ministerio-de-justicia-ante-a-la-crisis-cronica-del-organismo","status":"publish","type":"post","link":"https:\/\/atecordoba.org\/?p=33517","title":{"rendered":"Asamblea de la SENAF resolvi\u00f3 movilizar Ministerio de Justicia ante a la crisis cr\u00f3nica del organismo"},"content":{"rendered":"\n<div class=\"wp-block-image\"><figure class=\"aligncenter size-large is-resized\"><img loading=\"lazy\" decoding=\"async\" src=\"https:\/\/atecordoba.org\/wp-content\/uploads\/2022\/09\/IMG_20220901_125757922_HDR-1024x576.jpg\" alt=\"\" class=\"wp-image-33518\" width=\"768\" height=\"432\" srcset=\"https:\/\/atecordoba.org\/wp-content\/uploads\/2022\/09\/IMG_20220901_125757922_HDR-1024x576.jpg 1024w, https:\/\/atecordoba.org\/wp-content\/uploads\/2022\/09\/IMG_20220901_125757922_HDR-300x169.jpg 300w, https:\/\/atecordoba.org\/wp-content\/uploads\/2022\/09\/IMG_20220901_125757922_HDR-768x432.jpg 768w, https:\/\/atecordoba.org\/wp-content\/uploads\/2022\/09\/IMG_20220901_125757922_HDR-1536x864.jpg 1536w, https:\/\/atecordoba.org\/wp-content\/uploads\/2022\/09\/IMG_20220901_125757922_HDR-2048x1152.jpg 2048w, https:\/\/atecordoba.org\/wp-content\/uploads\/2022\/09\/IMG_20220901_125757922_HDR-750x422.jpg 750w, https:\/\/atecordoba.org\/wp-content\/uploads\/2022\/09\/IMG_20220901_125757922_HDR-1140x641.jpg 1140w\" sizes=\"auto, (max-width: 768px) 100vw, 768px\" \/><\/figure><\/div>\n\n\n\n<p>Trabajadores y trabajadoras de la Secretaria de Ni\u00f1ez, Adolescencia y Familia (SENAF) realizaron al mediod\u00eda un importante asamblea donde resolvieron marchar el pr\u00f3ximo martes 6 de septiembre al Ministerio de Justicia y DDHH para reclamar el desplazamiento de las actuales autoridades del organismo, ante la profunda crisis que somete a la instituci\u00f3n a constantes denuncias y esc\u00e1ndalos p\u00fablicos.<\/p>\n\n\n\n<p>En el patio del Complejo Pizzurno, y custodiada por un numeroso grupo de polic\u00edas y carros de asalto, en el marco de la militarizaci\u00f3n que el Gobierno de C\u00f3rdoba, las y los trabajadores hicieron un balance de la situaci\u00f3n de la SENAF, apuntando a las actuales autoridades por el desmanejo permanente que ha derivado en casos de abusos sexuales de j\u00f3venes a su cargo, entre otras lamentables situaciones. En la oportunidad estuvo presente Jorge Chalup, secretario General de la Regional C\u00f3rdoba Capital de la CTAA.<\/p>\n\n\n\n<p>El delegado Humberto Cabral enumer\u00f3 que &#8220;se han producido incendios en el Complejo Esperanza donde se evidenci\u00f3 la falla en los matafuegos, otro tanto en la Residencia Medio Camino. <\/p>\n\n\n\n<div class=\"wp-block-image\"><figure class=\"alignright size-large is-resized\"><img loading=\"lazy\" decoding=\"async\" src=\"https:\/\/atecordoba.org\/wp-content\/uploads\/2022\/09\/IMG_20220901_123944846-1024x576.jpg\" alt=\"\" class=\"wp-image-33519\" width=\"512\" height=\"288\" srcset=\"https:\/\/atecordoba.org\/wp-content\/uploads\/2022\/09\/IMG_20220901_123944846-1024x576.jpg 1024w, https:\/\/atecordoba.org\/wp-content\/uploads\/2022\/09\/IMG_20220901_123944846-300x169.jpg 300w, https:\/\/atecordoba.org\/wp-content\/uploads\/2022\/09\/IMG_20220901_123944846-768x432.jpg 768w, https:\/\/atecordoba.org\/wp-content\/uploads\/2022\/09\/IMG_20220901_123944846-1536x864.jpg 1536w, https:\/\/atecordoba.org\/wp-content\/uploads\/2022\/09\/IMG_20220901_123944846-2048x1152.jpg 2048w, https:\/\/atecordoba.org\/wp-content\/uploads\/2022\/09\/IMG_20220901_123944846-750x422.jpg 750w, https:\/\/atecordoba.org\/wp-content\/uploads\/2022\/09\/IMG_20220901_123944846-1140x641.jpg 1140w\" sizes=\"auto, (max-width: 512px) 100vw, 512px\" \/><\/figure><\/div>\n\n\n\n<p>Cabral prosigui\u00f3: &#8220;desmantelaron la Casa Trejo transformada en una leonera que puede incendiarse en cualquier momento. No hay esquemas de seguridad ni habilitaci\u00f3n de bomberos en el \u00e1mbito de SENAF, lo cual es directamente homicida&#8221;.<\/p>\n\n\n\n<p>Por otro lado &#8220;los medicamentos est\u00e1n vencidos y se suceden los casos de abusos sexuales. Sin historizar sobre la Residencia Caminiaga,  donde se produjeron los \u00faltimos abusos, ya en 2006 13 ni\u00f1os y adolescentes fueron abusados&#8221;.<\/p>\n\n\n\n<p>En cuando a la gesti\u00f3n diaria, el delegado remarc\u00f3 &#8220;el nepotismo con que se manejan para los nombramientos de personal a trav\u00e9s de las ONGs y las Fundaciones, todas con un sesgo evangelista antidrogas, c\u00edrculo de obreros cat\u00f3licos, boy scouts, Rotary Club, metiendo un combo de instituciones que nada tienen que ver con SENAF. Esta fundaciones terminan definiendo las pol\u00edticas de infancia en C\u00f3rdoba, resolviendo donde viven los pibes, qu\u00e9 comen, qu\u00e9 van a hacer&#8221;.<\/p>\n\n\n\n<p>Cabral apunt\u00f3 tambi\u00e9n a las condiciones de trabajo se\u00f1alando &#8220;la precarizaci\u00f3n laboral y la falta de ART para la gente que trabaja directamente con los j\u00f3venes, mientras la secretaria del organismo estuvo haciendo campa\u00f1a en el Complejo Esperanza, prometiendo aumentos miserables en el monotributo y una ART para los que trabajan ah\u00ed, intentando parar los reclamos. No hay carrera administrativa ni concursos, todos los cargos se designan a dedo, ponen a amigos&#8221;.<\/p>\n\n\n\n<p>La asamblea fundament\u00f3 la marcha al Ministerio de Justicia y DDHH porque &#8220;nunca nos respondieron una nota, nunca nos concedieron una audiencia, solo hemos tenido persecuci\u00f3n sindical, hostigamiento, as\u00ed que no nos queda otra que plantearle al ministro Juli\u00e1n L\u00f3pez que revise el funcionamiento del organismo porque&nbsp; la gente a cargo de SENAF nos llev\u00f3 a lo que est\u00e1 pasando&#8221;. <\/p>\n\n\n\n<div class=\"wp-block-image\"><figure class=\"alignleft size-large is-resized\"><img loading=\"lazy\" decoding=\"async\" src=\"https:\/\/atecordoba.org\/wp-content\/uploads\/2022\/09\/IMG_20220901_125703021_HDR-1024x576.jpg\" alt=\"\" class=\"wp-image-33520\" width=\"512\" height=\"288\" srcset=\"https:\/\/atecordoba.org\/wp-content\/uploads\/2022\/09\/IMG_20220901_125703021_HDR-1024x576.jpg 1024w, https:\/\/atecordoba.org\/wp-content\/uploads\/2022\/09\/IMG_20220901_125703021_HDR-300x169.jpg 300w, https:\/\/atecordoba.org\/wp-content\/uploads\/2022\/09\/IMG_20220901_125703021_HDR-768x432.jpg 768w, https:\/\/atecordoba.org\/wp-content\/uploads\/2022\/09\/IMG_20220901_125703021_HDR-1536x864.jpg 1536w, https:\/\/atecordoba.org\/wp-content\/uploads\/2022\/09\/IMG_20220901_125703021_HDR-2048x1152.jpg 2048w, https:\/\/atecordoba.org\/wp-content\/uploads\/2022\/09\/IMG_20220901_125703021_HDR-750x422.jpg 750w, https:\/\/atecordoba.org\/wp-content\/uploads\/2022\/09\/IMG_20220901_125703021_HDR-1140x641.jpg 1140w\" sizes=\"auto, (max-width: 512px) 100vw, 512px\" \/><\/figure><\/div>\n\n\n\n<p>&#8220;Hay un pronunciamiento de la Mesa de DDHH donde se cita el caso de la SENAF. Ya va siendo hora que est\u00e1 gesti\u00f3n, agotada y fundida, se vaya, para cumplir los pedidos que tenemos los trabajadores. El pase a planta permanente, reclamo central en SENAF por la cantidad de compa\u00f1eros y compa\u00f1eras precarizadas; est\u00e1 congelado el llamado \u2018adicional minoridad\u2019 desde el a\u00f1o \u201998 en 500 pesos; queremos la jubilaci\u00f3n anticipada como sucede en SENAF provincia de Buenos Aires. Tambi\u00e9n necesitamos aumento salarial&#8221;, anunci\u00f3.<\/p>\n\n\n\n<p>Luego a\u00f1adi\u00f3 &#8220;es necesario un protocolo de actuaci\u00f3n para que se ordene el trabajo porque no hay formalidad de nada. La gente se maneja por grupos de wasap, as\u00ed estamos recibiendo \u00f3rdenes y generando actos administrativos que son ilegales. Lo hacen as\u00ed porqu esi sucede algo queda el trabajador como \u00fanico responsable de la situaci\u00f3n.<\/p>\n\n\n\n<p>En ese marco valor\u00f3 que &#8220;ha crecido mucho la organizaci\u00f3n sindical y tenemos afiliados en todos los sectores internos del organismo, que nos va a dar otra correlaci\u00f3n de fuerzas para negociar en mejores condiciones cuando esta gente se vaya&#8221;. <\/p>\n\n\n\n<p><strong>Elecciones en el Complejo Esperanza<\/strong><\/p>\n\n\n\n<p>Por su parte, la delegada normalizadora del Complejo Esperanza Irina Silberman inform\u00f3 sobre los preparativos en le sector para la realizaci\u00f3n de las elecciones de delegados, que se llevar\u00e1n a cabo entre el 18 y el 19 de octubre. <\/p>\n\n\n\n<div class=\"wp-block-image\"><figure class=\"alignright size-large is-resized\"><img loading=\"lazy\" decoding=\"async\" src=\"https:\/\/atecordoba.org\/wp-content\/uploads\/2022\/09\/WhatsApp-Image-2022-09-01-at-14.45.57-1-1024x576.jpeg\" alt=\"\" class=\"wp-image-33523\" width=\"512\" height=\"288\" srcset=\"https:\/\/atecordoba.org\/wp-content\/uploads\/2022\/09\/WhatsApp-Image-2022-09-01-at-14.45.57-1-1024x576.jpeg 1024w, https:\/\/atecordoba.org\/wp-content\/uploads\/2022\/09\/WhatsApp-Image-2022-09-01-at-14.45.57-1-300x169.jpeg 300w, https:\/\/atecordoba.org\/wp-content\/uploads\/2022\/09\/WhatsApp-Image-2022-09-01-at-14.45.57-1-768x432.jpeg 768w, https:\/\/atecordoba.org\/wp-content\/uploads\/2022\/09\/WhatsApp-Image-2022-09-01-at-14.45.57-1-1536x864.jpeg 1536w, https:\/\/atecordoba.org\/wp-content\/uploads\/2022\/09\/WhatsApp-Image-2022-09-01-at-14.45.57-1-750x422.jpeg 750w, https:\/\/atecordoba.org\/wp-content\/uploads\/2022\/09\/WhatsApp-Image-2022-09-01-at-14.45.57-1-1140x641.jpeg 1140w, https:\/\/atecordoba.org\/wp-content\/uploads\/2022\/09\/WhatsApp-Image-2022-09-01-at-14.45.57-1.jpeg 1600w\" sizes=\"auto, (max-width: 512px) 100vw, 512px\" \/><\/figure><\/div>\n\n\n\n<p>&#8220;Despu\u00e9s de lo que pas\u00f3 con <a href=\"https:\/\/atecordoba.org\/?p=32585\">Yesica Rojas<\/a> hubo afiliaciones masivas en el Complejo Esperanza, hoy tenemos casi 70 afiliados y superamos ampliamente el 10% de los trabajadores. Por eso 18 y 19 de octubre va a ser la elecci\u00f3n, probablemente no nos dejen entrar las urnas, pero no importa. Estamos militando fuerte la campa\u00f1a, vamos tres candidatos&#8221;, dijo Silberman<\/p>\n\n\n\n<p>Y agreg\u00f3: &#8220;todo el equipo de trabajadoras sociales estamos afiliadas a ATE, todas mujeres precarizadas que somos sost\u00e9n de familia, as\u00ed que es una lucha que venimos dando y visibilizando&#8221;. <\/p>\n\n\n\n<p><strong>Sanciones extempor\u00e1neas<\/strong><\/p>\n\n\n\n<p>El martes pasado la delegada Romina Espinosa y el delegado Cabral fueron informados via Cidi que hab\u00edan recibido una suspensi\u00f3n de cinco d\u00edas, debido a una investigaci\u00f3n administrativa que se inici\u00f3 en 2018, cuando Espinoza tambi\u00e9n era delegada y ambos encabezaron un conflicto con el anterior secretario de la SENAF Jos\u00e9 Pi\u00f1ero, por el traslado de la L\u00ednea 102, dos trabajan ambos. <\/p>\n\n\n\n<p>&#8220;Usaron mentiras y hechos falsos para imputarnos esta suspensi\u00f3n. hicimos el descargo correspondiente y luego estuvo dormida la investigaci\u00f3n desde 2018, a Pi\u00f1ero lo echaron despu\u00e9s por casos de abusos en SENAF y ahora, cuando estamos en este plan de lucha la actual secretaria retoma ese expediente&#8221;, explic\u00f3 Espinoza. <\/p>\n\n\n\n<p>Otro caso de persecuci\u00f3n y hostigamiento a nuestro sindicato. <\/p>\n\n\n\n<figure class=\"wp-block-gallery has-nested-images columns-default is-cropped wp-block-gallery-1 is-layout-flex wp-block-gallery-is-layout-flex\">\n<figure class=\"wp-block-image size-large\"><a href=\"https:\/\/atecordoba.org\/wp-content\/uploads\/2022\/09\/IMG_20220901_130100993_HDR-scaled.jpg\"><img loading=\"lazy\" decoding=\"async\" width=\"1024\" height=\"576\" data-id=\"33524\" src=\"https:\/\/atecordoba.org\/wp-content\/uploads\/2022\/09\/IMG_20220901_130100993_HDR-1024x576.jpg\" alt=\"\" class=\"wp-image-33524\" srcset=\"https:\/\/atecordoba.org\/wp-content\/uploads\/2022\/09\/IMG_20220901_130100993_HDR-1024x576.jpg 1024w, https:\/\/atecordoba.org\/wp-content\/uploads\/2022\/09\/IMG_20220901_130100993_HDR-300x169.jpg 300w, https:\/\/atecordoba.org\/wp-content\/uploads\/2022\/09\/IMG_20220901_130100993_HDR-768x432.jpg 768w, https:\/\/atecordoba.org\/wp-content\/uploads\/2022\/09\/IMG_20220901_130100993_HDR-1536x864.jpg 1536w, https:\/\/atecordoba.org\/wp-content\/uploads\/2022\/09\/IMG_20220901_130100993_HDR-2048x1152.jpg 2048w, https:\/\/atecordoba.org\/wp-content\/uploads\/2022\/09\/IMG_20220901_130100993_HDR-750x422.jpg 750w, https:\/\/atecordoba.org\/wp-content\/uploads\/2022\/09\/IMG_20220901_130100993_HDR-1140x641.jpg 1140w\" sizes=\"auto, (max-width: 1024px) 100vw, 1024px\" \/><\/a><\/figure>\n\n\n\n<figure class=\"wp-block-image size-large\"><a href=\"https:\/\/atecordoba.org\/wp-content\/uploads\/2022\/09\/IMG_20220901_125726733-1-scaled.jpg\"><img loading=\"lazy\" decoding=\"async\" width=\"1024\" height=\"576\" data-id=\"33525\" src=\"https:\/\/atecordoba.org\/wp-content\/uploads\/2022\/09\/IMG_20220901_125726733-1-1024x576.jpg\" alt=\"\" class=\"wp-image-33525\" srcset=\"https:\/\/atecordoba.org\/wp-content\/uploads\/2022\/09\/IMG_20220901_125726733-1-1024x576.jpg 1024w, https:\/\/atecordoba.org\/wp-content\/uploads\/2022\/09\/IMG_20220901_125726733-1-300x169.jpg 300w, https:\/\/atecordoba.org\/wp-content\/uploads\/2022\/09\/IMG_20220901_125726733-1-768x432.jpg 768w, https:\/\/atecordoba.org\/wp-content\/uploads\/2022\/09\/IMG_20220901_125726733-1-1536x864.jpg 1536w, https:\/\/atecordoba.org\/wp-content\/uploads\/2022\/09\/IMG_20220901_125726733-1-2048x1152.jpg 2048w, https:\/\/atecordoba.org\/wp-content\/uploads\/2022\/09\/IMG_20220901_125726733-1-750x422.jpg 750w, https:\/\/atecordoba.org\/wp-content\/uploads\/2022\/09\/IMG_20220901_125726733-1-1140x641.jpg 1140w\" sizes=\"auto, (max-width: 1024px) 100vw, 1024px\" \/><\/a><\/figure>\n\n\n\n<figure class=\"wp-block-image size-large\"><a href=\"https:\/\/atecordoba.org\/wp-content\/uploads\/2022\/09\/IMG_20220901_125831134_HDR-scaled.jpg\"><img loading=\"lazy\" decoding=\"async\" width=\"1024\" height=\"576\" data-id=\"33526\" src=\"https:\/\/atecordoba.org\/wp-content\/uploads\/2022\/09\/IMG_20220901_125831134_HDR-1024x576.jpg\" alt=\"\" class=\"wp-image-33526\" srcset=\"https:\/\/atecordoba.org\/wp-content\/uploads\/2022\/09\/IMG_20220901_125831134_HDR-1024x576.jpg 1024w, https:\/\/atecordoba.org\/wp-content\/uploads\/2022\/09\/IMG_20220901_125831134_HDR-300x169.jpg 300w, https:\/\/atecordoba.org\/wp-content\/uploads\/2022\/09\/IMG_20220901_125831134_HDR-768x432.jpg 768w, https:\/\/atecordoba.org\/wp-content\/uploads\/2022\/09\/IMG_20220901_125831134_HDR-1536x864.jpg 1536w, https:\/\/atecordoba.org\/wp-content\/uploads\/2022\/09\/IMG_20220901_125831134_HDR-2048x1152.jpg 2048w, https:\/\/atecordoba.org\/wp-content\/uploads\/2022\/09\/IMG_20220901_125831134_HDR-750x422.jpg 750w, https:\/\/atecordoba.org\/wp-content\/uploads\/2022\/09\/IMG_20220901_125831134_HDR-1140x641.jpg 1140w\" sizes=\"auto, (max-width: 1024px) 100vw, 1024px\" \/><\/a><\/figure>\n<\/figure>\n","protected":false},"excerpt":{"rendered":"<p>Trabajadores y trabajadoras de la Secretaria de Ni\u00f1ez, Adolescencia y Familia (SENAF) realizaron al mediod\u00eda un importante asamblea donde resolvieron marchar el pr\u00f3ximo martes 6 de septiembre al Ministerio de Justicia y DDHH para reclamar el desplazamiento de las actuales autoridades del organismo, ante la profunda crisis que somete a la instituci\u00f3n a constantes denuncias [&hellip;]<\/p>\n","protected":false},"author":7,"featured_media":33528,"comment_status":"open","ping_status":"open","sticky":false,"template":"","format":"standard","meta":{"_exactmetrics_skip_tracking":false,"_exactmetrics_sitenote_active":false,"_exactmetrics_sitenote_note":"","_exactmetrics_sitenote_category":0,"jnews-multi-image_gallery":[],"jnews_single_post":{"subtitle":"Se anunci\u00f3 la elecci\u00f3n de delegadas y delegados y el Complejo Esperanza y los presentes repudiaron la suspensi\u00f3n impuesta a la delegada Romina Espinoza y al delegado Humberto Cabral. ","format":"standard","video":"","gallery":"","source_name":"","source_url":"","via_name":"","via_url":"","override_template":"0","override":[{"template":"1","single_blog_custom":"","parallax":"1","fullscreen":"1","layout":"right-sidebar","sidebar":"default-sidebar","second_sidebar":"default-sidebar","sticky_sidebar":"1","share_position":"top","share_float_style":"share-monocrhome","show_share_counter":"1","show_view_counter":"1","show_featured":"1","show_post_meta":"1","show_post_author":"1","show_post_author_image":"1","show_post_date":"1","post_date_format":"default","post_date_format_custom":"Y\/m\/d","show_post_category":"1","show_post_reading_time":"0","post_reading_time_wpm":"300","show_zoom_button":"0","zoom_button_out_step":"2","zoom_button_in_step":"3","show_post_tag":"1","show_prev_next_post":"1","show_popup_post":"1","number_popup_post":"1","show_author_box":"0","show_post_related":"0","show_inline_post_related":"0"}],"override_image_size":"0","image_override":[{"single_post_thumbnail_size":"crop-500","single_post_gallery_size":"crop-500"}],"trending_post":"0","trending_post_position":"meta","trending_post_label":"Trending","sponsored_post":"0","sponsored_post_label":"Sponsored by","sponsored_post_name":"","sponsored_post_url":"","sponsored_post_logo_enable":"0","sponsored_post_logo":"","sponsored_post_desc":"","disable_ad":"0"},"jnews_primary_category":{"id":""},"jnews_social_meta":{"fb_title":"","fb_description":"","fb_image":"","twitter_title":"","twitter_description":"","twitter_image":""},"jnews_review":[],"enable_review":"0","type":"percentage","name":"","summary":"","brand":"","sku":"","good":[{"good_text":""}],"bad":[{"bad_text":""}],"score_override":"","override_value":"","rating":[{"rating_text":"","rating_number":"10"}],"price":[{"shop":"","price":"","link":"","icon":""}],"jnews_override_counter":{"override_view_counter":"0","view_counter_number":"0","override_share_counter":"0","share_counter_number":"0","override_like_counter":"0","like_counter_number":"0","override_dislike_counter":"0","dislike_counter_number":"0"},"jnews_post_split":{"enable_post_split":"0","post_split":[{"template":"1","tag":"h2","numbering":"asc","mode":"normal","first":"0","enable_toc":"0","toc_type":"normal"}]},"footnotes":""},"categories":[8],"tags":[457],"class_list":["post-33517","post","type-post","status-publish","format-standard","has-post-thumbnail","hentry","category-provinciales","tag-senaf"],"jetpack_featured_media_url":"https:\/\/atecordoba.org\/wp-content\/uploads\/2022\/09\/senaffff-1-scaled-e1662058126249.jpg","_links":{"self":[{"href":"https:\/\/atecordoba.org\/index.php?rest_route=\/wp\/v2\/posts\/33517","targetHints":{"allow":["GET"]}}],"collection":[{"href":"https:\/\/atecordoba.org\/index.php?rest_route=\/wp\/v2\/posts"}],"about":[{"href":"https:\/\/atecordoba.org\/index.php?rest_route=\/wp\/v2\/types\/post"}],"author":[{"embeddable":true,"href":"https:\/\/atecordoba.org\/index.php?rest_route=\/wp\/v2\/users\/7"}],"replies":[{"embeddable":true,"href":"https:\/\/atecordoba.org\/index.php?rest_route=%2Fwp%2Fv2%2Fcomments&post=33517"}],"version-history":[{"count":2,"href":"https:\/\/atecordoba.org\/index.php?rest_route=\/wp\/v2\/posts\/33517\/revisions"}],"predecessor-version":[{"id":33532,"href":"https:\/\/atecordoba.org\/index.php?rest_route=\/wp\/v2\/posts\/33517\/revisions\/33532"}],"wp:featuredmedia":[{"embeddable":true,"href":"https:\/\/atecordoba.org\/index.php?rest_route=\/wp\/v2\/media\/33528"}],"wp:attachment":[{"href":"https:\/\/atecordoba.org\/index.php?rest_route=%2Fwp%2Fv2%2Fmedia&parent=33517"}],"wp:term":[{"taxonomy":"category","embeddable":true,"href":"https:\/\/atecordoba.org\/index.php?rest_route=%2Fwp%2Fv2%2Fcategories&post=33517"},{"taxonomy":"post_tag","embeddable":true,"href":"https:\/\/atecordoba.org\/index.php?rest_route=%2Fwp%2Fv2%2Ftags&post=33517"}],"curies":[{"name":"wp","href":"https:\/\/api.w.org\/{rel}","templated":true}]}}