{"id":33504,"date":"2022-09-01T09:57:36","date_gmt":"2022-09-01T12:57:36","guid":{"rendered":"https:\/\/atecordoba.org\/?p=33504"},"modified":"2022-09-01T09:57:41","modified_gmt":"2022-09-01T12:57:41","slug":"senaf-asamblea-hoy-a-las-12-horas-en-el-pizzurno-para-proseguir-el-plan-de-lucha","status":"publish","type":"post","link":"https:\/\/atecordoba.org\/?p=33504","title":{"rendered":"SENAF: asamblea hoy a las 12 horas en el Pizzurno para proseguir el plan de lucha"},"content":{"rendered":"\n<div class=\"wp-block-image\"><figure class=\"alignleft size-large is-resized\"><img loading=\"lazy\" decoding=\"async\" src=\"https:\/\/atecordoba.org\/wp-content\/uploads\/2022\/09\/WhatsApp-Image-2022-09-01-at-08.54.35-1024x1024.jpeg\" alt=\"\" class=\"wp-image-33505\" width=\"512\" height=\"512\" srcset=\"https:\/\/atecordoba.org\/wp-content\/uploads\/2022\/09\/WhatsApp-Image-2022-09-01-at-08.54.35-1024x1024.jpeg 1024w, https:\/\/atecordoba.org\/wp-content\/uploads\/2022\/09\/WhatsApp-Image-2022-09-01-at-08.54.35-300x300.jpeg 300w, https:\/\/atecordoba.org\/wp-content\/uploads\/2022\/09\/WhatsApp-Image-2022-09-01-at-08.54.35-150x150.jpeg 150w, https:\/\/atecordoba.org\/wp-content\/uploads\/2022\/09\/WhatsApp-Image-2022-09-01-at-08.54.35-768x768.jpeg 768w, https:\/\/atecordoba.org\/wp-content\/uploads\/2022\/09\/WhatsApp-Image-2022-09-01-at-08.54.35-560x560.jpeg 560w, https:\/\/atecordoba.org\/wp-content\/uploads\/2022\/09\/WhatsApp-Image-2022-09-01-at-08.54.35-75x75.jpeg 75w, https:\/\/atecordoba.org\/wp-content\/uploads\/2022\/09\/WhatsApp-Image-2022-09-01-at-08.54.35-350x350.jpeg 350w, https:\/\/atecordoba.org\/wp-content\/uploads\/2022\/09\/WhatsApp-Image-2022-09-01-at-08.54.35-750x750.jpeg 750w, https:\/\/atecordoba.org\/wp-content\/uploads\/2022\/09\/WhatsApp-Image-2022-09-01-at-08.54.35.jpeg 1081w\" sizes=\"auto, (max-width: 512px) 100vw, 512px\" \/><\/figure><\/div>\n\n\n\n<p>En el marco del conflicto que envuelve a la Secretar\u00eda de Ni\u00f1ez, Adolescencia y Familia (SENAF), el cuerpo de delegades de ATE convoc\u00f3 a participar de una nueva asamblea que se llevar\u00e1 a cabo a las 12 horas en el Complejo Pizzurno, Maestro L\u00f3pez 113.<\/p>\n\n\n\n<p>La agenda de temas a abordar incluye las denuncias por abuso en residencias y la situaci\u00f3n de las infancias y juventudes a resguardo del Estado provincial, que tienen muy preocupado al conjunto del personal; la situaci\u00f3n de precariedad laboral y la urgente necesidad de pases a planta permanente; la situaci\u00f3n salarial; la elecci\u00f3n de delegades del Complejo Esperanza; y el acuerdo general para continuar el plan de lucha,<\/p>\n\n\n\n<p>Cabe se\u00f1alar que ATE viene <a href=\"https:\/\/atecordoba.org\/?p=33369\">denunciando<\/a> la cadena de responsabilidades que ha llevado a los abusos en establecimientos de SENAF. Un punto sobre el cual viene alertando el personal es la discrecionalidad con que designan los cargos en las instituciones, que guarda relaci\u00f3n directa con los hechos de violencia que hemos tenido en los \u00faltimos meses, ya que la existencia de \u201cfundaciones fantasmas\u201d que tienen un papel muy importante en la estructura del organismo.<\/p>\n\n\n\n<p>En julio se llevaron adelante <a href=\"https:\/\/atecordoba.org\/?p=32648\">fuertes movilizaciones<\/a> frente a la sede del Ministerio de Justicia y DDHH de la provincia, denunciando el estado de precarizaci\u00f3n y sueldos de miseria que sufren las y los trabajadores de SENAF, sin obtener respuestas de \u00b4parte del Ejecutivo. <\/p>\n\n\n\n<p>El secretario General de ATE C\u00f3rdoba, Federico Giuliani, denunci\u00f3 en la oportunidad que la crisis del organismo \u201ctiene que ver con la precarizaci\u00f3n, con los salarios de pobreza, con las condiciones indignas de trabajo, y a partir de ah\u00ed plantear que las problem\u00e1ticas del sector tienen que ver con pol\u00edticas de vaciamiento para un organismo que trata problem\u00e1ticas de los sectores populares de C\u00f3rdoba&#8221;.<\/p>\n\n\n\n<p>La respuesta de ATE consisti\u00f3 en extender el marco organizativo gremial dentro del organismo, realizando elecciones de delegadas\/os en diversos sectores de SENAF. El Complejo Esperando es uno de los sectores pendientes para elegir su representaci\u00f3n sindical. <\/p>\n","protected":false},"excerpt":{"rendered":"<p>En el marco del conflicto que envuelve a la Secretar\u00eda de Ni\u00f1ez, Adolescencia y Familia (SENAF), el cuerpo de delegades de ATE convoc\u00f3 a participar de una nueva asamblea que se llevar\u00e1 a cabo a las 12 horas en el Complejo Pizzurno, Maestro L\u00f3pez 113. La agenda de temas a abordar incluye las denuncias por [&hellip;]<\/p>\n","protected":false},"author":7,"featured_media":33506,"comment_status":"open","ping_status":"open","sticky":false,"template":"","format":"standard","meta":{"_exactmetrics_skip_tracking":false,"_exactmetrics_sitenote_active":false,"_exactmetrics_sitenote_note":"","_exactmetrics_sitenote_category":0,"jnews-multi-image_gallery":[],"jnews_single_post":{"subtitle":"Se abordaran las denuncias por abuso en residencias, precariedad laboral y planta permanente, situaci\u00f3n salarial y elecci\u00f3n de delegades en el Complejo Esperanza, entre otros temas.","format":"standard","video":"","gallery":"","source_name":"","source_url":"","via_name":"","via_url":"","override_template":"0","override":[{"template":"1","single_blog_custom":"","parallax":"1","fullscreen":"1","layout":"right-sidebar","sidebar":"default-sidebar","second_sidebar":"default-sidebar","sticky_sidebar":"1","share_position":"top","share_float_style":"share-monocrhome","show_share_counter":"1","show_view_counter":"1","show_featured":"1","show_post_meta":"1","show_post_author":"1","show_post_author_image":"1","show_post_date":"1","post_date_format":"default","post_date_format_custom":"Y\/m\/d","show_post_category":"1","show_post_reading_time":"0","post_reading_time_wpm":"300","show_zoom_button":"0","zoom_button_out_step":"2","zoom_button_in_step":"3","show_post_tag":"1","show_prev_next_post":"1","show_popup_post":"1","number_popup_post":"1","show_author_box":"0","show_post_related":"0","show_inline_post_related":"0"}],"override_image_size":"0","image_override":[{"single_post_thumbnail_size":"crop-500","single_post_gallery_size":"crop-500"}],"trending_post":"0","trending_post_position":"meta","trending_post_label":"Trending","sponsored_post":"0","sponsored_post_label":"Sponsored by","sponsored_post_name":"","sponsored_post_url":"","sponsored_post_logo_enable":"0","sponsored_post_logo":"","sponsored_post_desc":"","disable_ad":"0"},"jnews_primary_category":{"id":""},"jnews_social_meta":{"fb_title":"","fb_description":"","fb_image":"","twitter_title":"","twitter_description":"","twitter_image":""},"jnews_review":[],"enable_review":"0","type":"percentage","name":"","summary":"","brand":"","sku":"","good":[{"good_text":""}],"bad":[{"bad_text":""}],"score_override":"","override_value":"","rating":[{"rating_text":"","rating_number":"10"}],"price":[{"shop":"","price":"","link":"","icon":""}],"jnews_override_counter":{"override_view_counter":"0","view_counter_number":"0","override_share_counter":"0","share_counter_number":"0","override_like_counter":"0","like_counter_number":"0","override_dislike_counter":"0","dislike_counter_number":"0"},"jnews_post_split":{"enable_post_split":"0","post_split":[{"template":"1","tag":"h2","numbering":"asc","mode":"normal","first":"0","enable_toc":"0","toc_type":"normal"}]},"footnotes":""},"categories":[341,8],"tags":[45,457],"class_list":["post-33504","post","type-post","status-publish","format-standard","has-post-thumbnail","hentry","category-cdp","category-provinciales","tag-asamblea","tag-senaf"],"jetpack_featured_media_url":"https:\/\/atecordoba.org\/wp-content\/uploads\/2022\/09\/flyersenaf-e1662036917838.jpeg","_links":{"self":[{"href":"https:\/\/atecordoba.org\/index.php?rest_route=\/wp\/v2\/posts\/33504","targetHints":{"allow":["GET"]}}],"collection":[{"href":"https:\/\/atecordoba.org\/index.php?rest_route=\/wp\/v2\/posts"}],"about":[{"href":"https:\/\/atecordoba.org\/index.php?rest_route=\/wp\/v2\/types\/post"}],"author":[{"embeddable":true,"href":"https:\/\/atecordoba.org\/index.php?rest_route=\/wp\/v2\/users\/7"}],"replies":[{"embeddable":true,"href":"https:\/\/atecordoba.org\/index.php?rest_route=%2Fwp%2Fv2%2Fcomments&post=33504"}],"version-history":[{"count":1,"href":"https:\/\/atecordoba.org\/index.php?rest_route=\/wp\/v2\/posts\/33504\/revisions"}],"predecessor-version":[{"id":33507,"href":"https:\/\/atecordoba.org\/index.php?rest_route=\/wp\/v2\/posts\/33504\/revisions\/33507"}],"wp:featuredmedia":[{"embeddable":true,"href":"https:\/\/atecordoba.org\/index.php?rest_route=\/wp\/v2\/media\/33506"}],"wp:attachment":[{"href":"https:\/\/atecordoba.org\/index.php?rest_route=%2Fwp%2Fv2%2Fmedia&parent=33504"}],"wp:term":[{"taxonomy":"category","embeddable":true,"href":"https:\/\/atecordoba.org\/index.php?rest_route=%2Fwp%2Fv2%2Fcategories&post=33504"},{"taxonomy":"post_tag","embeddable":true,"href":"https:\/\/atecordoba.org\/index.php?rest_route=%2Fwp%2Fv2%2Ftags&post=33504"}],"curies":[{"name":"wp","href":"https:\/\/api.w.org\/{rel}","templated":true}]}}