{"id":33480,"date":"2022-08-31T15:36:52","date_gmt":"2022-08-31T18:36:52","guid":{"rendered":"https:\/\/atecordoba.org\/?p=33480"},"modified":"2022-08-31T20:06:42","modified_gmt":"2022-08-31T23:06:42","slug":"firma-ate-la-primera-paritaria-en-la-municipalidad-de-rio-primero","status":"publish","type":"post","link":"https:\/\/atecordoba.org\/?p=33480","title":{"rendered":"ATE firma paritaria en la Municipalidad de R\u00edo Primero"},"content":{"rendered":"\n<div class=\"wp-block-image\"><figure class=\"aligncenter size-large\"><img loading=\"lazy\" decoding=\"async\" width=\"1024\" height=\"577\" src=\"https:\/\/atecordoba.org\/wp-content\/uploads\/2022\/08\/WhatsApp-Image-2022-08-31-at-1.03.58-PM-1024x577.jpeg\" alt=\"\" class=\"wp-image-33483\" srcset=\"https:\/\/atecordoba.org\/wp-content\/uploads\/2022\/08\/WhatsApp-Image-2022-08-31-at-1.03.58-PM-1024x577.jpeg 1024w, https:\/\/atecordoba.org\/wp-content\/uploads\/2022\/08\/WhatsApp-Image-2022-08-31-at-1.03.58-PM-300x169.jpeg 300w, https:\/\/atecordoba.org\/wp-content\/uploads\/2022\/08\/WhatsApp-Image-2022-08-31-at-1.03.58-PM-768x432.jpeg 768w, https:\/\/atecordoba.org\/wp-content\/uploads\/2022\/08\/WhatsApp-Image-2022-08-31-at-1.03.58-PM-1536x865.jpeg 1536w, https:\/\/atecordoba.org\/wp-content\/uploads\/2022\/08\/WhatsApp-Image-2022-08-31-at-1.03.58-PM-750x422.jpeg 750w, https:\/\/atecordoba.org\/wp-content\/uploads\/2022\/08\/WhatsApp-Image-2022-08-31-at-1.03.58-PM-1140x642.jpeg 1140w, https:\/\/atecordoba.org\/wp-content\/uploads\/2022\/08\/WhatsApp-Image-2022-08-31-at-1.03.58-PM.jpeg 1600w\" sizes=\"auto, (max-width: 1024px) 100vw, 1024px\" \/><\/figure><\/div>\n\n\n\n<p>Los municipales de R\u00edo Primero tambi\u00e9n tienen paritaria. ATE firm\u00f3 hoy con el Ejecutivo municipal de la localidad la primera paritaria desde que ejerce la representaci\u00f3n en el sector. <\/p>\n\n\n\n<p>El acuerdo salarial implica pase al b\u00e1sico del 26% m\u00e1s un 10% no remunerativo para septiembre. A esto se suma un aumento de las bonificaciones (refrigerio, puntualidad y presentismo) a $2500 por cada una de ellas, $7500 en total. <\/p>\n\n\n\n<p>Asi, los salarios municipales suman esta recomposici\u00f3n al 38% obtenido en julio y agosto, conform\u00e1ndose, a septiembre, un aumento total del 63,7%.<\/p>\n\n\n\n<p>Sin embargo, la paritaria no est\u00e1 cerrada: est\u00e1 convocada a una nueva reuni\u00f3n con el Ejecutivo de R\u00edo Primero para la primera quincena de octubre.<\/p>\n\n\n\n<p>En representaci\u00f3n de ATE estuvo el compa\u00f1ero Jorge Chalup, junto la delegada Pamela Guti\u00e9rrez y el delegado Jos\u00e9 Baigorria.  <\/p>\n\n\n\n<figure class=\"wp-block-gallery has-nested-images columns-default is-cropped wp-block-gallery-1 is-layout-flex wp-block-gallery-is-layout-flex\">\n<figure class=\"wp-block-image size-large\"><a href=\"https:\/\/atecordoba.org\/wp-content\/uploads\/2022\/08\/WhatsApp-Image-2022-08-31-at-1.04.42-PM-1.jpeg\"><img loading=\"lazy\" decoding=\"async\" width=\"900\" height=\"507\" data-id=\"33493\" src=\"https:\/\/atecordoba.org\/wp-content\/uploads\/2022\/08\/WhatsApp-Image-2022-08-31-at-1.04.42-PM-1.jpeg\" alt=\"\" class=\"wp-image-33493\" srcset=\"https:\/\/atecordoba.org\/wp-content\/uploads\/2022\/08\/WhatsApp-Image-2022-08-31-at-1.04.42-PM-1.jpeg 900w, https:\/\/atecordoba.org\/wp-content\/uploads\/2022\/08\/WhatsApp-Image-2022-08-31-at-1.04.42-PM-1-300x169.jpeg 300w, https:\/\/atecordoba.org\/wp-content\/uploads\/2022\/08\/WhatsApp-Image-2022-08-31-at-1.04.42-PM-1-768x433.jpeg 768w, https:\/\/atecordoba.org\/wp-content\/uploads\/2022\/08\/WhatsApp-Image-2022-08-31-at-1.04.42-PM-1-750x423.jpeg 750w\" sizes=\"auto, (max-width: 900px) 100vw, 900px\" \/><\/a><\/figure>\n\n\n\n<figure class=\"wp-block-image size-large\"><a href=\"https:\/\/atecordoba.org\/wp-content\/uploads\/2022\/08\/WhatsApp-Image-2022-08-31-at-1.04.12-PM-1.jpeg\"><img loading=\"lazy\" decoding=\"async\" width=\"901\" height=\"507\" data-id=\"33497\" src=\"https:\/\/atecordoba.org\/wp-content\/uploads\/2022\/08\/WhatsApp-Image-2022-08-31-at-1.04.12-PM-1.jpeg\" alt=\"\" class=\"wp-image-33497\" srcset=\"https:\/\/atecordoba.org\/wp-content\/uploads\/2022\/08\/WhatsApp-Image-2022-08-31-at-1.04.12-PM-1.jpeg 901w, https:\/\/atecordoba.org\/wp-content\/uploads\/2022\/08\/WhatsApp-Image-2022-08-31-at-1.04.12-PM-1-300x169.jpeg 300w, https:\/\/atecordoba.org\/wp-content\/uploads\/2022\/08\/WhatsApp-Image-2022-08-31-at-1.04.12-PM-1-768x432.jpeg 768w, https:\/\/atecordoba.org\/wp-content\/uploads\/2022\/08\/WhatsApp-Image-2022-08-31-at-1.04.12-PM-1-750x422.jpeg 750w\" sizes=\"auto, (max-width: 901px) 100vw, 901px\" \/><\/a><\/figure>\n\n\n\n<figure class=\"wp-block-image size-large\"><a href=\"https:\/\/atecordoba.org\/wp-content\/uploads\/2022\/08\/WhatsApp-Image-2022-08-31-at-1.04.41-PM-1-1.jpeg\"><img loading=\"lazy\" decoding=\"async\" width=\"900\" height=\"507\" data-id=\"33496\" src=\"https:\/\/atecordoba.org\/wp-content\/uploads\/2022\/08\/WhatsApp-Image-2022-08-31-at-1.04.41-PM-1-1.jpeg\" alt=\"\" class=\"wp-image-33496\" srcset=\"https:\/\/atecordoba.org\/wp-content\/uploads\/2022\/08\/WhatsApp-Image-2022-08-31-at-1.04.41-PM-1-1.jpeg 900w, https:\/\/atecordoba.org\/wp-content\/uploads\/2022\/08\/WhatsApp-Image-2022-08-31-at-1.04.41-PM-1-1-300x169.jpeg 300w, https:\/\/atecordoba.org\/wp-content\/uploads\/2022\/08\/WhatsApp-Image-2022-08-31-at-1.04.41-PM-1-1-768x433.jpeg 768w, https:\/\/atecordoba.org\/wp-content\/uploads\/2022\/08\/WhatsApp-Image-2022-08-31-at-1.04.41-PM-1-1-750x423.jpeg 750w\" sizes=\"auto, (max-width: 900px) 100vw, 900px\" \/><\/a><\/figure>\n\n\n\n<figure class=\"wp-block-image size-large\"><a href=\"https:\/\/atecordoba.org\/wp-content\/uploads\/2022\/08\/WhatsApp-Image-2022-08-31-at-1.04.41-PM-2-1.jpeg\"><img loading=\"lazy\" decoding=\"async\" width=\"901\" height=\"507\" data-id=\"33495\" src=\"https:\/\/atecordoba.org\/wp-content\/uploads\/2022\/08\/WhatsApp-Image-2022-08-31-at-1.04.41-PM-2-1.jpeg\" alt=\"\" class=\"wp-image-33495\" srcset=\"https:\/\/atecordoba.org\/wp-content\/uploads\/2022\/08\/WhatsApp-Image-2022-08-31-at-1.04.41-PM-2-1.jpeg 901w, https:\/\/atecordoba.org\/wp-content\/uploads\/2022\/08\/WhatsApp-Image-2022-08-31-at-1.04.41-PM-2-1-300x169.jpeg 300w, https:\/\/atecordoba.org\/wp-content\/uploads\/2022\/08\/WhatsApp-Image-2022-08-31-at-1.04.41-PM-2-1-768x432.jpeg 768w, https:\/\/atecordoba.org\/wp-content\/uploads\/2022\/08\/WhatsApp-Image-2022-08-31-at-1.04.41-PM-2-1-750x422.jpeg 750w\" sizes=\"auto, (max-width: 901px) 100vw, 901px\" \/><\/a><\/figure>\n\n\n\n<figure class=\"wp-block-image size-large\"><a href=\"https:\/\/atecordoba.org\/wp-content\/uploads\/2022\/08\/WhatsApp-Image-2022-08-31-at-1.04.41-PM-3-1.jpeg\"><img loading=\"lazy\" decoding=\"async\" width=\"901\" height=\"507\" data-id=\"33494\" src=\"https:\/\/atecordoba.org\/wp-content\/uploads\/2022\/08\/WhatsApp-Image-2022-08-31-at-1.04.41-PM-3-1.jpeg\" alt=\"\" class=\"wp-image-33494\" srcset=\"https:\/\/atecordoba.org\/wp-content\/uploads\/2022\/08\/WhatsApp-Image-2022-08-31-at-1.04.41-PM-3-1.jpeg 901w, https:\/\/atecordoba.org\/wp-content\/uploads\/2022\/08\/WhatsApp-Image-2022-08-31-at-1.04.41-PM-3-1-300x169.jpeg 300w, https:\/\/atecordoba.org\/wp-content\/uploads\/2022\/08\/WhatsApp-Image-2022-08-31-at-1.04.41-PM-3-1-768x432.jpeg 768w, https:\/\/atecordoba.org\/wp-content\/uploads\/2022\/08\/WhatsApp-Image-2022-08-31-at-1.04.41-PM-3-1-750x422.jpeg 750w\" sizes=\"auto, (max-width: 901px) 100vw, 901px\" \/><\/a><\/figure>\n\n\n\n<figure class=\"wp-block-image size-large\"><a href=\"https:\/\/atecordoba.org\/wp-content\/uploads\/2022\/08\/WhatsApp-Image-2022-08-31-at-1.04.41-PM-4.jpeg\"><img loading=\"lazy\" decoding=\"async\" width=\"900\" height=\"507\" data-id=\"33492\" src=\"https:\/\/atecordoba.org\/wp-content\/uploads\/2022\/08\/WhatsApp-Image-2022-08-31-at-1.04.41-PM-4.jpeg\" alt=\"\" class=\"wp-image-33492\" srcset=\"https:\/\/atecordoba.org\/wp-content\/uploads\/2022\/08\/WhatsApp-Image-2022-08-31-at-1.04.41-PM-4.jpeg 900w, https:\/\/atecordoba.org\/wp-content\/uploads\/2022\/08\/WhatsApp-Image-2022-08-31-at-1.04.41-PM-4-300x169.jpeg 300w, https:\/\/atecordoba.org\/wp-content\/uploads\/2022\/08\/WhatsApp-Image-2022-08-31-at-1.04.41-PM-4-768x433.jpeg 768w, https:\/\/atecordoba.org\/wp-content\/uploads\/2022\/08\/WhatsApp-Image-2022-08-31-at-1.04.41-PM-4-750x423.jpeg 750w\" sizes=\"auto, (max-width: 900px) 100vw, 900px\" \/><\/a><\/figure>\n<\/figure>\n","protected":false},"excerpt":{"rendered":"<p>Los municipales de R\u00edo Primero tambi\u00e9n tienen paritaria. ATE firm\u00f3 hoy con el Ejecutivo municipal de la localidad la primera paritaria desde que ejerce la representaci\u00f3n en el sector. El acuerdo salarial implica pase al b\u00e1sico del 26% m\u00e1s un 10% no remunerativo para septiembre. A esto se suma un aumento de las bonificaciones (refrigerio, [&hellip;]<\/p>\n","protected":false},"author":7,"featured_media":33498,"comment_status":"open","ping_status":"open","sticky":false,"template":"","format":"standard","meta":{"_exactmetrics_skip_tracking":false,"_exactmetrics_sitenote_active":false,"_exactmetrics_sitenote_note":"","_exactmetrics_sitenote_category":0,"jnews-multi-image_gallery":[],"jnews_single_post":{"subtitle":"ATE logr\u00f3 un aumento del 36% m\u00e1s un aumento de los \u00edtem de bonificaciones que pasar\u00e1n a ser de $7500 en total. Hasta octubre, cuando se volver\u00e1 a negociar, el aumento habr\u00e1 alcanzado un 63,7% anual.","format":"standard","video":"","gallery":"","source_name":"","source_url":"","via_name":"","via_url":"","override_template":"0","override":[{"template":"1","single_blog_custom":"","parallax":"1","fullscreen":"1","layout":"right-sidebar","sidebar":"default-sidebar","second_sidebar":"default-sidebar","sticky_sidebar":"1","share_position":"top","share_float_style":"share-monocrhome","show_share_counter":"1","show_view_counter":"1","show_featured":"1","show_post_meta":"1","show_post_author":"1","show_post_author_image":"1","show_post_date":"1","post_date_format":"default","post_date_format_custom":"Y\/m\/d","show_post_category":"1","show_post_reading_time":"0","post_reading_time_wpm":"300","show_zoom_button":"0","zoom_button_out_step":"2","zoom_button_in_step":"3","show_post_tag":"1","show_prev_next_post":"1","show_popup_post":"1","number_popup_post":"1","show_author_box":"0","show_post_related":"0","show_inline_post_related":"0"}],"override_image_size":"0","image_override":[{"single_post_thumbnail_size":"crop-500","single_post_gallery_size":"crop-500"}],"trending_post":"0","trending_post_position":"meta","trending_post_label":"Trending","sponsored_post":"0","sponsored_post_label":"Sponsored by","sponsored_post_name":"","sponsored_post_url":"","sponsored_post_logo_enable":"0","sponsored_post_logo":"","sponsored_post_desc":"","disable_ad":"0"},"jnews_primary_category":{"id":""},"jnews_social_meta":{"fb_title":"","fb_description":"","fb_image":"","twitter_title":"","twitter_description":"","twitter_image":""},"jnews_review":[],"enable_review":"0","type":"percentage","name":"","summary":"","brand":"","sku":"","good":[{"good_text":""}],"bad":[{"bad_text":""}],"score_override":"","override_value":"","rating":[{"rating_text":"","rating_number":"10"}],"price":[{"shop":"","price":"","link":"","icon":""}],"jnews_override_counter":{"override_view_counter":"0","view_counter_number":"0","override_share_counter":"0","share_counter_number":"0","override_like_counter":"0","like_counter_number":"0","override_dislike_counter":"0","dislike_counter_number":"0"},"jnews_post_split":{"enable_post_split":"0","post_split":[{"template":"1","tag":"h2","numbering":"asc","mode":"normal","first":"0","enable_toc":"0","toc_type":"normal"}]},"footnotes":""},"categories":[341,20],"tags":[383,1110],"class_list":["post-33480","post","type-post","status-publish","format-standard","has-post-thumbnail","hentry","category-cdp","category-municipales","tag-paritarias","tag-rio-primero"],"jetpack_featured_media_url":"https:\/\/atecordoba.org\/wp-content\/uploads\/2022\/08\/rio1-e1661970750521.jpeg","_links":{"self":[{"href":"https:\/\/atecordoba.org\/index.php?rest_route=\/wp\/v2\/posts\/33480","targetHints":{"allow":["GET"]}}],"collection":[{"href":"https:\/\/atecordoba.org\/index.php?rest_route=\/wp\/v2\/posts"}],"about":[{"href":"https:\/\/atecordoba.org\/index.php?rest_route=\/wp\/v2\/types\/post"}],"author":[{"embeddable":true,"href":"https:\/\/atecordoba.org\/index.php?rest_route=\/wp\/v2\/users\/7"}],"replies":[{"embeddable":true,"href":"https:\/\/atecordoba.org\/index.php?rest_route=%2Fwp%2Fv2%2Fcomments&post=33480"}],"version-history":[{"count":4,"href":"https:\/\/atecordoba.org\/index.php?rest_route=\/wp\/v2\/posts\/33480\/revisions"}],"predecessor-version":[{"id":33503,"href":"https:\/\/atecordoba.org\/index.php?rest_route=\/wp\/v2\/posts\/33480\/revisions\/33503"}],"wp:featuredmedia":[{"embeddable":true,"href":"https:\/\/atecordoba.org\/index.php?rest_route=\/wp\/v2\/media\/33498"}],"wp:attachment":[{"href":"https:\/\/atecordoba.org\/index.php?rest_route=%2Fwp%2Fv2%2Fmedia&parent=33480"}],"wp:term":[{"taxonomy":"category","embeddable":true,"href":"https:\/\/atecordoba.org\/index.php?rest_route=%2Fwp%2Fv2%2Fcategories&post=33480"},{"taxonomy":"post_tag","embeddable":true,"href":"https:\/\/atecordoba.org\/index.php?rest_route=%2Fwp%2Fv2%2Ftags&post=33480"}],"curies":[{"name":"wp","href":"https:\/\/api.w.org\/{rel}","templated":true}]}}