{"id":33449,"date":"2022-08-31T13:36:37","date_gmt":"2022-08-31T16:36:37","guid":{"rendered":"https:\/\/atecordoba.org\/?p=33449"},"modified":"2022-08-31T13:43:35","modified_gmt":"2022-08-31T16:43:35","slug":"ate-y-la-cta-a-de-la-provincia-de-cordoba-repudian-la-detencion-de-6-ambientalistas-en-punilla","status":"publish","type":"post","link":"https:\/\/atecordoba.org\/?p=33449","title":{"rendered":"ATE y la CTA-A de la Provincia de C\u00f3rdoba repudian la detenci\u00f3n de 6 ambientalistas en Punilla"},"content":{"rendered":"\n<figure class=\"wp-block-gallery has-nested-images columns-default is-cropped wp-block-gallery-1 is-layout-flex wp-block-gallery-is-layout-flex\">\n<figure class=\"wp-block-image size-large\"><a href=\"https:\/\/atecordoba.org\/wp-content\/uploads\/2022\/08\/Autovia-de-Punilla-protesta-en-Santa-Maria.jpg\"><img loading=\"lazy\" decoding=\"async\" width=\"961\" height=\"541\" data-id=\"33451\" src=\"https:\/\/atecordoba.org\/wp-content\/uploads\/2022\/08\/Autovia-de-Punilla-protesta-en-Santa-Maria.jpg\" alt=\"\" class=\"wp-image-33451\" srcset=\"https:\/\/atecordoba.org\/wp-content\/uploads\/2022\/08\/Autovia-de-Punilla-protesta-en-Santa-Maria.jpg 961w, https:\/\/atecordoba.org\/wp-content\/uploads\/2022\/08\/Autovia-de-Punilla-protesta-en-Santa-Maria-300x169.jpg 300w, https:\/\/atecordoba.org\/wp-content\/uploads\/2022\/08\/Autovia-de-Punilla-protesta-en-Santa-Maria-768x432.jpg 768w, https:\/\/atecordoba.org\/wp-content\/uploads\/2022\/08\/Autovia-de-Punilla-protesta-en-Santa-Maria-750x422.jpg 750w\" sizes=\"auto, (max-width: 961px) 100vw, 961px\" \/><\/a><\/figure>\n\n\n\n<figure class=\"wp-block-image size-large\"><a href=\"https:\/\/atecordoba.org\/wp-content\/uploads\/2022\/08\/WhatsApp-Image-2022-08-31-at-11.52.18-AM.jpeg\"><img loading=\"lazy\" decoding=\"async\" width=\"1024\" height=\"576\" data-id=\"33452\" src=\"https:\/\/atecordoba.org\/wp-content\/uploads\/2022\/08\/WhatsApp-Image-2022-08-31-at-11.52.18-AM-1024x576.jpeg\" alt=\"\" class=\"wp-image-33452\" srcset=\"https:\/\/atecordoba.org\/wp-content\/uploads\/2022\/08\/WhatsApp-Image-2022-08-31-at-11.52.18-AM-1024x576.jpeg 1024w, https:\/\/atecordoba.org\/wp-content\/uploads\/2022\/08\/WhatsApp-Image-2022-08-31-at-11.52.18-AM-300x169.jpeg 300w, https:\/\/atecordoba.org\/wp-content\/uploads\/2022\/08\/WhatsApp-Image-2022-08-31-at-11.52.18-AM-768x432.jpeg 768w, https:\/\/atecordoba.org\/wp-content\/uploads\/2022\/08\/WhatsApp-Image-2022-08-31-at-11.52.18-AM-1536x864.jpeg 1536w, https:\/\/atecordoba.org\/wp-content\/uploads\/2022\/08\/WhatsApp-Image-2022-08-31-at-11.52.18-AM-750x422.jpeg 750w, https:\/\/atecordoba.org\/wp-content\/uploads\/2022\/08\/WhatsApp-Image-2022-08-31-at-11.52.18-AM-1140x641.jpeg 1140w, https:\/\/atecordoba.org\/wp-content\/uploads\/2022\/08\/WhatsApp-Image-2022-08-31-at-11.52.18-AM.jpeg 1600w\" sizes=\"auto, (max-width: 1024px) 100vw, 1024px\" \/><\/a><\/figure>\n<figcaption class=\"blocks-gallery-caption\"><em>Las Defensoras Ambientales se hab\u00edan acercado a un sitio en Santa Mar\u00eda de Punilla reconocido por su valor arqueol\u00f3gico<\/em><\/figcaption><\/figure>\n\n\n\n<p><\/p>\n\n\n\n<p>Esta ma\u00f1ana, <strong>las Defensoras Ambientales <\/strong>(entre las que se encuentra Gabriela Taborda Varela, vocal electa de la CTA-A Punilla)<strong> se hab\u00edan acercado a un sitio en Santa Mar\u00eda de Punilla reconocido por su valor arqueol\u00f3gico<\/strong> por el propio jefe de Patrimonio Arqueol\u00f3gico de la provincia, Alfonso Uribe. <strong>El lugar est\u00e1 siendo arrasado por las topadoras desde ayer<\/strong>, a pesar de que en julio le hab\u00edan indicado, a trav\u00e9s de un acta de constataci\u00f3n al personal de la empresa Roggio, que continuaran los trabajos hacia otro lugar hasta tanto se realizaran los estudios correspondientes.<\/p>\n\n\n\n<p>En ese marco, las defensoras ambientales fueron a ver la parte m\u00e1s emblem\u00e1tica del lugar <strong>para reclamar que se realizara una prospecci\u00f3n ordenada, ajustada a derecho y, en esa instancia, fueron rodeadas por la Polic\u00eda y detenidas.<\/strong><\/p>\n\n\n\n<p><strong>Exigimos<\/strong> <strong>al Gobierno provincial<\/strong> -t\u00edtere y vocero de los intereses de los sectores extractivos que impulsan el proyecto IIRSA- <strong>que detenga el ecocidio y la destrucci\u00f3n de nuestro patrimonio arqueol\u00f3gico<\/strong>. La obra Autov\u00eda de Punilla \u201cAlternativa Ruta N\u00b0 38. Tramo variante Costa Azul &#8211; La Cumbre\u201d no cuenta con la licencia de las comunidades y amenaza seriamente la provisi\u00f3n de agua a nuestras ciudades, la biodiversidad y destruye los sitios hist\u00f3ricos y sagrados de nuestras comunidades<\/p>\n\n\n\n<p><strong>La Asociaci\u00f3n Trabajadores del Estado (ATE) y la Central de Trabajadores de la Argentina Aut\u00f3noma (CTA-A) de la Provincia de C\u00f3rdoba<\/strong> ratificamos que <strong>el principal valor a defender<\/strong> en este mundo convulsionado en el que estamos viviendo -cr\u00edtico en varios sentidos-, <strong>es el valor de la vida.<\/strong> Quienes la defienden no pueden ser perseguidos\/as, encerrados\/as como si se tratara de delincuentes.<\/p>\n\n\n\n<p><strong>\u00a1LIBERACI\u00d3N YA PARA LAS 6 COMPA\u00d1ERAS DETENIDAS HOY POR CUIDAR EL PATRIMONIO ARQUEL\u00d3GICO DE NUESTROS PUEBLOS!<\/strong><\/p>\n\n\n\n<p><strong>SOMOS PUEBLO UNIDO, FUERTE Y SOLIDARIO.<\/strong><\/p>\n\n\n\n<p><strong>\u00a1NO M\u00c1S AVASALLAMIENTO DE NUESTROS DERECHOS!<\/strong><\/p>\n\n\n\n<p><strong>\u00a1EL MONTE ES VIDA!<\/strong><\/p>\n\n\n\n<p class=\"has-text-align-center\"><strong>Federico Giuliani<\/strong> <br>Secretario General <br>ATE y CTAA Provincia de C\u00f3rdoba<\/p>\n\n\n\n<p>Comunicado completo <a href=\"https:\/\/atecordoba.org\/wp-content\/uploads\/2022\/08\/31-08-Comunicado-ATE-CTAA-contra-nuevas-detenciones-en-Punilla.pdf\" target=\"_blank\" rel=\"noreferrer noopener\">aqu\u00ed <\/a>o abajo.<\/p>\n\n\n<a href=\"https:\/\/atecordoba.org\/wp-content\/uploads\/2022\/08\/31-08-Comunicado-ATE-CTAA-contra-nuevas-detenciones-en-Punilla.pdf\" class=\"pdfemb-viewer\" style=\"\" data-width=\"max\" data-height=\"max\" data-toolbar=\"bottom\" data-toolbar-fixed=\"off\">31-08-Comunicado-ATE-CTAA-contra-nuevas-detenciones-en-Punilla<\/a>\n<p class=\"wp-block-pdfemb-pdf-embedder-viewer\"><\/p>\n","protected":false},"excerpt":{"rendered":"<p>Esta ma\u00f1ana, las Defensoras Ambientales (entre las que se encuentra Gabriela Taborda Varela, vocal electa de la CTA-A Punilla) se hab\u00edan acercado a un sitio en Santa Mar\u00eda de Punilla reconocido por su valor arqueol\u00f3gico por el propio jefe de Patrimonio Arqueol\u00f3gico de la provincia, Alfonso Uribe. El lugar est\u00e1 siendo arrasado por las topadoras [&hellip;]<\/p>\n","protected":false},"author":6,"featured_media":33451,"comment_status":"open","ping_status":"open","sticky":false,"template":"","format":"standard","meta":{"_exactmetrics_skip_tracking":false,"_exactmetrics_sitenote_active":false,"_exactmetrics_sitenote_note":"","_exactmetrics_sitenote_category":0,"jnews-multi-image_gallery":[],"jnews_single_post":{"subtitle":"Las defensoras ambientales se encontraban reclamando una prospecci\u00f3n ordenada en un sitio de alto valor arqueol\u00f3gico que est\u00e1 siendo, desde ayer, arrasado por las m\u00e1quinas que realizan la apertura de la traza de la Autov\u00eda. Gabriela Taborda Varela, vocal electa de la CTA-A Punilla, entre las detenidas.","format":"standard","video":"","gallery":"","source_name":"","source_url":"","via_name":"","via_url":"","override_template":"0","override":[{"template":"1","single_blog_custom":"","parallax":"1","fullscreen":"1","layout":"right-sidebar","sidebar":"default-sidebar","second_sidebar":"default-sidebar","sticky_sidebar":"1","share_position":"top","share_float_style":"share-monocrhome","show_share_counter":"1","show_view_counter":"1","show_featured":"1","show_post_meta":"1","show_post_author":"1","show_post_author_image":"1","show_post_date":"1","post_date_format":"default","post_date_format_custom":"Y\/m\/d","show_post_category":"1","show_post_reading_time":"0","post_reading_time_wpm":"300","show_zoom_button":"0","zoom_button_out_step":"2","zoom_button_in_step":"3","show_post_tag":"1","show_prev_next_post":"1","show_popup_post":"1","number_popup_post":"1","show_author_box":"0","show_post_related":"0","show_inline_post_related":"0"}],"override_image_size":"0","image_override":[{"single_post_thumbnail_size":"crop-500","single_post_gallery_size":"crop-500"}],"trending_post":"0","trending_post_position":"meta","trending_post_label":"Trending","sponsored_post":"0","sponsored_post_label":"Sponsored by","sponsored_post_name":"","sponsored_post_url":"","sponsored_post_logo_enable":"0","sponsored_post_logo":"","sponsored_post_desc":"","disable_ad":"0"},"jnews_primary_category":{"id":""},"jnews_social_meta":{"fb_title":"","fb_description":"","fb_image":"","twitter_title":"","twitter_description":"","twitter_image":""},"jnews_review":[],"enable_review":"0","type":"percentage","name":"","summary":"","brand":"","sku":"","good":[{"good_text":""}],"bad":[{"bad_text":""}],"score_override":"","override_value":"","rating":[{"rating_text":"","rating_number":"10"}],"price":[{"shop":"","price":"","link":"","icon":""}],"jnews_override_counter":{"override_view_counter":"0","view_counter_number":"0","override_share_counter":"0","share_counter_number":"0","override_like_counter":"0","like_counter_number":"0","override_dislike_counter":"0","dislike_counter_number":"0"},"jnews_post_split":{"enable_post_split":"0","post_split":[{"template":"1","tag":"h2","numbering":"asc","mode":"normal","first":"0","enable_toc":"0","toc_type":"normal"}]},"footnotes":""},"categories":[10,53,341,92],"tags":[],"class_list":["post-33449","post","type-post","status-publish","format-standard","has-post-thumbnail","hentry","category-accion-politica","category-comunicados-de-prensa","category-cdp","category-cta"],"jetpack_featured_media_url":"https:\/\/atecordoba.org\/wp-content\/uploads\/2022\/08\/Autovia-de-Punilla-protesta-en-Santa-Maria.jpg","_links":{"self":[{"href":"https:\/\/atecordoba.org\/index.php?rest_route=\/wp\/v2\/posts\/33449","targetHints":{"allow":["GET"]}}],"collection":[{"href":"https:\/\/atecordoba.org\/index.php?rest_route=\/wp\/v2\/posts"}],"about":[{"href":"https:\/\/atecordoba.org\/index.php?rest_route=\/wp\/v2\/types\/post"}],"author":[{"embeddable":true,"href":"https:\/\/atecordoba.org\/index.php?rest_route=\/wp\/v2\/users\/6"}],"replies":[{"embeddable":true,"href":"https:\/\/atecordoba.org\/index.php?rest_route=%2Fwp%2Fv2%2Fcomments&post=33449"}],"version-history":[{"count":5,"href":"https:\/\/atecordoba.org\/index.php?rest_route=\/wp\/v2\/posts\/33449\/revisions"}],"predecessor-version":[{"id":33460,"href":"https:\/\/atecordoba.org\/index.php?rest_route=\/wp\/v2\/posts\/33449\/revisions\/33460"}],"wp:featuredmedia":[{"embeddable":true,"href":"https:\/\/atecordoba.org\/index.php?rest_route=\/wp\/v2\/media\/33451"}],"wp:attachment":[{"href":"https:\/\/atecordoba.org\/index.php?rest_route=%2Fwp%2Fv2%2Fmedia&parent=33449"}],"wp:term":[{"taxonomy":"category","embeddable":true,"href":"https:\/\/atecordoba.org\/index.php?rest_route=%2Fwp%2Fv2%2Fcategories&post=33449"},{"taxonomy":"post_tag","embeddable":true,"href":"https:\/\/atecordoba.org\/index.php?rest_route=%2Fwp%2Fv2%2Ftags&post=33449"}],"curies":[{"name":"wp","href":"https:\/\/api.w.org\/{rel}","templated":true}]}}