{"id":3344,"date":"2013-09-26T17:38:01","date_gmt":"2013-09-26T20:38:01","guid":{"rendered":"http:\/\/www.atecordoba.org\/?p=3344"},"modified":"2013-09-26T17:38:01","modified_gmt":"2013-09-26T20:38:01","slug":"el-ministro-de-salud-debe-escuchar-los-reclamos-de-todos-los-trabajadores","status":"publish","type":"post","link":"https:\/\/atecordoba.org\/?p=3344","title":{"rendered":"El ministro de Salud debe escuchar los reclamos de todos los trabajadores"},"content":{"rendered":"<p style=\"text-align: left;\" align=\"center\"><em>En el marco de la crisis del sistema de salud p\u00fablica de C\u00f3rdoba, extensamente difundido por la prensa, el ministro de Salud Carlos Simon insiste en discriminar a ATE y a los trabajadores nucleados en nuestro gremio.<\/em><\/p>\n<p style=\"text-align: center;\"><a href=\"http:\/\/www.atecordoba.org\/wp-content\/uploads\/2013\/07\/DSCN7581.jpg\"><img loading=\"lazy\" decoding=\"async\" class=\" wp-image-2961 aligncenter\" alt=\"DSCN7581\" src=\"http:\/\/www.atecordoba.org\/wp-content\/uploads\/2013\/07\/DSCN7581.jpg\" width=\"622\" height=\"467\" \/><\/a><\/p>\n<p style=\"text-align: left;\">A pesar de las asambleas realizadas en los hospitales Tr\u00e1nsito C\u00e1ceres de Allende, Misericordia, C\u00f3rdoba, Rawson y de Ni\u00f1os, debido al reclamo de los trabajadores de cada uno de esos nosocomios, las autoridades del Ministerio omiten convocar a ATE para encontrar los canales apropiados con el objetivo de resolver la situaci\u00f3n y normalizar la atenci\u00f3n de los pacientes.<\/p>\n<p>Llama la atenci\u00f3n esta actitud de Simon ya que el ministro de Trabajo, Adri\u00e1n Brito, ha mostrado una sana actitud de di\u00e1logo con nuestro gremio, recibiendo a nuestra conducci\u00f3n y garantizando que los derechos de nuestros afiliados ser\u00e1n respetados.<\/p>\n<p>En consecuencia, instamos al Ministerio de Salud a escuchar el reclamo de los trabajadores de los hospitales que representamos leg\u00edtimamente, a los efectos de encontrar v\u00edas de soluci\u00f3n acordes a las demandas planteadas.<\/p>\n<p align=\"right\">Daniel Pawluchuzk<\/p>\n<p align=\"right\">Secretario de Prensa<\/p>\n","protected":false},"excerpt":{"rendered":"<p>En el marco de la crisis del sistema de salud p\u00fablica de C\u00f3rdoba, extensamente difundido por la prensa, el ministro de Salud Carlos Simon insiste en discriminar a ATE y a los trabajadores nucleados en nuestro gremio. A pesar de las asambleas realizadas en los hospitales Tr\u00e1nsito C\u00e1ceres de Allende, Misericordia, C\u00f3rdoba, Rawson y de [&hellip;]<\/p>\n","protected":false},"author":1,"featured_media":19220,"comment_status":"open","ping_status":"open","sticky":false,"template":"","format":"standard","meta":{"_exactmetrics_skip_tracking":false,"_exactmetrics_sitenote_active":false,"_exactmetrics_sitenote_note":"","_exactmetrics_sitenote_category":0,"jnews-multi-image_gallery":[],"jnews_single_post":[],"jnews_primary_category":[],"jnews_social_meta":[],"jnews_review":[],"enable_review":"","type":"","name":"","summary":"","brand":"","sku":"","good":[],"bad":[],"score_override":"","override_value":"","rating":[],"price":[],"jnews_override_counter":[],"jnews_post_split":[],"footnotes":""},"categories":[53,8],"tags":[],"class_list":["post-3344","post","type-post","status-publish","format-standard","has-post-thumbnail","hentry","category-comunicados-de-prensa","category-provinciales"],"jetpack_featured_media_url":"https:\/\/atecordoba.org\/wp-content\/uploads\/2020\/05\/logo-nuevochico-e1561581322808.png","_links":{"self":[{"href":"https:\/\/atecordoba.org\/index.php?rest_route=\/wp\/v2\/posts\/3344","targetHints":{"allow":["GET"]}}],"collection":[{"href":"https:\/\/atecordoba.org\/index.php?rest_route=\/wp\/v2\/posts"}],"about":[{"href":"https:\/\/atecordoba.org\/index.php?rest_route=\/wp\/v2\/types\/post"}],"author":[{"embeddable":true,"href":"https:\/\/atecordoba.org\/index.php?rest_route=\/wp\/v2\/users\/1"}],"replies":[{"embeddable":true,"href":"https:\/\/atecordoba.org\/index.php?rest_route=%2Fwp%2Fv2%2Fcomments&post=3344"}],"version-history":[{"count":0,"href":"https:\/\/atecordoba.org\/index.php?rest_route=\/wp\/v2\/posts\/3344\/revisions"}],"wp:featuredmedia":[{"embeddable":true,"href":"https:\/\/atecordoba.org\/index.php?rest_route=\/wp\/v2\/media\/19220"}],"wp:attachment":[{"href":"https:\/\/atecordoba.org\/index.php?rest_route=%2Fwp%2Fv2%2Fmedia&parent=3344"}],"wp:term":[{"taxonomy":"category","embeddable":true,"href":"https:\/\/atecordoba.org\/index.php?rest_route=%2Fwp%2Fv2%2Fcategories&post=3344"},{"taxonomy":"post_tag","embeddable":true,"href":"https:\/\/atecordoba.org\/index.php?rest_route=%2Fwp%2Fv2%2Ftags&post=3344"}],"curies":[{"name":"wp","href":"https:\/\/api.w.org\/{rel}","templated":true}]}}