{"id":33435,"date":"2022-08-31T10:44:47","date_gmt":"2022-08-31T13:44:47","guid":{"rendered":"https:\/\/atecordoba.org\/?p=33435"},"modified":"2022-08-31T10:44:51","modified_gmt":"2022-08-31T13:44:51","slug":"tras-las-protestas-duro-diagnostico-del-departamento-de-discapacidad-del-cdp-de-la-falta-de-politicas-publicas-del-estado","status":"publish","type":"post","link":"https:\/\/atecordoba.org\/?p=33435","title":{"rendered":"Tras las protestas: duro diagn\u00f3stico del Departamento de Discapacidad del CDP de la falta de pol\u00edticas p\u00fablicas del Estado"},"content":{"rendered":"\n<div class=\"wp-block-image\"><figure class=\"alignleft size-full\"><img loading=\"lazy\" decoding=\"async\" width=\"356\" height=\"166\" src=\"https:\/\/atecordoba.org\/wp-content\/uploads\/2022\/08\/sello-discapacidad.jpeg\" alt=\"\" class=\"wp-image-33436\" srcset=\"https:\/\/atecordoba.org\/wp-content\/uploads\/2022\/08\/sello-discapacidad.jpeg 356w, https:\/\/atecordoba.org\/wp-content\/uploads\/2022\/08\/sello-discapacidad-300x140.jpeg 300w\" sizes=\"auto, (max-width: 356px) 100vw, 356px\" \/><\/figure><\/div>\n\n\n\n<p>Tres d\u00edas de protestas en todo el pa\u00eds, que motorizaron prestadores de personas con discapacidad (transporte, educaci\u00f3n, salud, rehabilitaci\u00f3n), desde el Departamento de Discapacidad del Consejo Directivo Provincial de ATE C\u00f3rdoba se emiti\u00f3 un comunicado realizando el diagn\u00f3stico sobre el estado de las pol\u00edticas p\u00fablicas p\u00fablicas que lleva adelante el gobierno nacional. prestadores de personas con discapacidad (transporte, educaci\u00f3n, salud, rehabilitaci\u00f3n).Tres d\u00edas de protestas en todo el pa\u00eds, que motorizaron organizaciones vinculadas a las personas con discapacidades, desde el Departamento de Discapacidad del Consejo Directivo Provincial de ATE C\u00f3rdoba se emiti\u00f3 un comunicado realizando el diagn\u00f3stico sobre el estado de las pol\u00edticas p\u00fablicas p\u00fablicas que lleva adelante el gobierno nacional. <\/p>\n\n\n\n<p>En tal sentido, el Departamento consider\u00f3 que &#8220;si nos quedamos con la foto seguramente nos vamos a perder lo sustancial. Aqu\u00ed nos detenemos para mostrar que tras la Decisi\u00f3n Administrativa 826\/2022 que aplica fuertes recortes en \u00e1reas sensibles de salud, educaci\u00f3n , acci\u00f3n social y h\u00e1bitat, se encendieron todas las luces de alarma. Los prestadores vienen sufriendo atrasos en los pagos que van de 2 a 6 meses que ponen en serio riesgo la continuidad de dichas prestaciones hac\u00eda las personas con discapacidad.Ahora bien, esto desde la mirada de quienes ofrecen las prestaciones, pero ciertamente la situaci\u00f3n del colectivo de discapacidad viene de larga data. La pandemia mostr\u00f3 tal vez la cara m\u00e1s cruel del olvido y del ajuste en nuestro colectivo, literalmente dejamos de existir, de no ser por la acci\u00f3n de las organizaciones sociales, ongs y sindicatos que poseen sus departamentos espec\u00edficos de discapacidad, todo podr\u00eda haber sido peor, por nombrar solo algunos \u00edtems: vacunas, rehabilitaciones, tratamientos m\u00e9dicos, escolaridad, conectividad, medicamentos o movilidad&#8221;.<\/p>\n\n\n\n<div class=\"wp-block-image\"><figure class=\"alignright size-full\"><img loading=\"lazy\" decoding=\"async\" width=\"590\" height=\"550\" src=\"https:\/\/atecordoba.org\/wp-content\/uploads\/2022\/08\/flyer-discapacidad.png\" alt=\"\" class=\"wp-image-33437\" srcset=\"https:\/\/atecordoba.org\/wp-content\/uploads\/2022\/08\/flyer-discapacidad.png 590w, https:\/\/atecordoba.org\/wp-content\/uploads\/2022\/08\/flyer-discapacidad-300x280.png 300w\" sizes=\"auto, (max-width: 590px) 100vw, 590px\" \/><\/figure><\/div>\n\n\n\n<p>Para nuestra organizaci\u00f3n &#8220;el olvido viene de vieja data, la pandemia fue la excusa que utilizaron los gobiernos, que desnud\u00f3 la precariedad y el olvido, y fue la cara feroz del ajuste sobre los sectores m\u00e1s indefensos. El incumplimiento en las pol\u00edticas, ejemplo de ello programas como Incluir Salud y el d\u00e9ficit hist\u00f3rico de las prestaciones del mismo con aquellos que cobran pensiones no contributivas, las remuneraciones vergonzosas de dichos beneficios a lo largo del tiempo, la falta de pol\u00edticas inclusivas en materia laboral (0,6% de PCD en el Estado) incumplimiento del cupo laboral del 4%, salarios debajo de la l\u00ednea de pobreza para los docentes que trabajan en apoyos para la inclusi\u00f3n, falta de cumplimiento del cupo para acceso a viviendas, y podr\u00edamos seguir con una larga lista&#8221;.<\/p>\n\n\n\n<p>Por esos sostiene la declaraci\u00f3n que &#8220;en s\u00edntesis, lo que tratamos de decir lisa y llanamente es que cualquier tipo de acci\u00f3n pol\u00edtica planificada y ejecutada desde el Estado, necesariamente debe contemplar el presupuesto para aplicarla. De otra manera lo que se ve es la creaci\u00f3n de \u00e1reas espec\u00edficas ( g\u00e9nero y diversidades, Andis, Territorio y pueblos originarios, etc) vaciadas de presupuesto para la ejecuci\u00f3n de pol\u00edticas p\u00fablicas, osea, mucho humo pero pocas nueces. En un pa\u00eds de urgencias de todo tipo, con niveles de pobreza y desocupaci\u00f3n alarmantes, la v\u00eda elegida del ajuste perpetuo sobre los m\u00e1s humildes y los sectores medios ha demostrado a lo largo de nuestra historia reciente, helic\u00f3ptero mediante, no ser el camino de prosperidad y futuros para las inmensas mayor\u00edas, cansadas de falsos debates inconducentes y est\u00e9riles&#8221;.<\/p>\n\n\n\n<p>Y concluye afirmando que &#8220;tal vez sera hora de pensar en la hist\u00f3rica deuda interna-concluye el documento-, en los nadies de Galeano, esos que para los gobiernos vale menos que la bala, o la desidia, que los mata&#8221;.<\/p>\n\n\n\n<p><strong>Preocupaci\u00f3n en la Legislatura<\/strong><\/p>\n\n\n\n<p>En tanto, ayer la legisladora Noelia Ag\u00fcero, del bloque Izquierda Unida en el Frente de Izquierda Unidad (FIT-U), expres\u00f3 su preocupaci\u00f3n &#8220;por la situaci\u00f3n de las personas con discapacidad que se encuentran afectadas por la falta de servicios de atenci\u00f3n de salud y traslado, debido al incumplimiento de los pagos a obras sociales, empresas de medicina pre paga y profesionales de la salud vinculados a la rehabilitaci\u00f3n y al acompa\u00f1amiento terap\u00e9utico&#8221;.<\/p>\n\n\n\n<p>En una declaraci\u00f3n legislativa, Ag\u00fcero inst\u00f3 tambi\u00e9n &#8220;al Ejecutivo Provincial a realizar la cobertura de los servicios de salud hasta la regularizaci\u00f3n de la emergencia en discapacidad&#8221;.\u00a0<\/p>\n\n\n\n<div class=\"wp-block-image\"><figure class=\"aligncenter size-large is-resized\"><img loading=\"lazy\" decoding=\"async\" src=\"https:\/\/atecordoba.org\/wp-content\/uploads\/2022\/08\/IMG-20220728-WA0251-1024x576.jpg\" alt=\"\" class=\"wp-image-33438\" width=\"768\" height=\"432\" srcset=\"https:\/\/atecordoba.org\/wp-content\/uploads\/2022\/08\/IMG-20220728-WA0251-1024x576.jpg 1024w, https:\/\/atecordoba.org\/wp-content\/uploads\/2022\/08\/IMG-20220728-WA0251-300x169.jpg 300w, https:\/\/atecordoba.org\/wp-content\/uploads\/2022\/08\/IMG-20220728-WA0251-768x432.jpg 768w, https:\/\/atecordoba.org\/wp-content\/uploads\/2022\/08\/IMG-20220728-WA0251-1536x864.jpg 1536w, https:\/\/atecordoba.org\/wp-content\/uploads\/2022\/08\/IMG-20220728-WA0251-750x422.jpg 750w, https:\/\/atecordoba.org\/wp-content\/uploads\/2022\/08\/IMG-20220728-WA0251-1140x641.jpg 1140w, https:\/\/atecordoba.org\/wp-content\/uploads\/2022\/08\/IMG-20220728-WA0251.jpg 1599w\" sizes=\"auto, (max-width: 768px) 100vw, 768px\" \/><figcaption>La legisladora Ag\u00fcero apoyando una movilizaci\u00f3n de ATE C\u00f3rdoba.<\/figcaption><\/figure><\/div>\n\n\n\n<p>Y fundament\u00f3 su pedido en que &#8220;desde distintos puntos de la provincia, hemos recibido en los \u00faltimos d\u00edas el reclamo de familiares de personas con discapacidad y de distintos colectivos de trabajadores e instituciones involucradas en la atenci\u00f3n de\u00a0la discapacidad.\u00a0La preocupaci\u00f3n de las familias reside, principalmente, en el impedimento para\u00a0la continuidad de la rehabilitaci\u00f3n y\/o acompa\u00f1amiento terap\u00e9utico de personas con discapacidad\u00a0a ra\u00edz\u00a0del recorte presupuestario llevado adelante por el Gobierno Nacional en dicha \u00e1rea como parte del ajuste. Esta situaci\u00f3n se ve agravada por la acuciante situaci\u00f3n econ\u00f3mica que padece en este momento el conjunto del pueblo trabajador&#8221;.<\/p>\n\n\n\n<p>Por eso la legisladora agrega que &#8220;ante semejante vulneraci\u00f3n de derechos, nos hacemos eco de distintos pronunciamientos, entre ellos del Forum Infancias C\u00f3rdoba, quienes apoyan y acompa\u00f1an el reclamo por el cumplimiento de derechos en el acceso y sostenimiento a la salud, educaci\u00f3n y trabajo; posicion\u00e1ndose en contra del recorte presupuestario y toda alteraci\u00f3n del sistema b\u00e1sico de prestaciones para personas con discapacidad que regula la Ley 24.901. As\u00ed mismo, estos reclamos fueron expresados a trav\u00e9s de movilizaciones en las ciudades de Villa Mar\u00eda, De\u00e1n Funes, Jes\u00fas Mar\u00eda, R\u00edo Cuarto, R\u00edo Tercero, San Francisco, entre las m\u00e1s importantes&#8221;.<\/p>\n\n\n\n<p><\/p>\n","protected":false},"excerpt":{"rendered":"<p>Tres d\u00edas de protestas en todo el pa\u00eds, que motorizaron prestadores de personas con discapacidad (transporte, educaci\u00f3n, salud, rehabilitaci\u00f3n), desde el Departamento de Discapacidad del Consejo Directivo Provincial de ATE C\u00f3rdoba se emiti\u00f3 un comunicado realizando el diagn\u00f3stico sobre el estado de las pol\u00edticas p\u00fablicas p\u00fablicas que lleva adelante el gobierno nacional. prestadores de personas [&hellip;]<\/p>\n","protected":false},"author":7,"featured_media":33436,"comment_status":"open","ping_status":"open","sticky":false,"template":"","format":"standard","meta":{"_exactmetrics_skip_tracking":false,"_exactmetrics_sitenote_active":false,"_exactmetrics_sitenote_note":"","_exactmetrics_sitenote_category":0,"jnews-multi-image_gallery":[],"jnews_single_post":{"subtitle":"La legisladora Noelia Ag\u00fcero inst\u00f3 al Ejecutivo Provincial a \"realizar la cobertura de los servicios de salud hasta la regularizaci\u00f3n de la emergencia en discapacidad\".\u00a0","format":"standard","video":"","gallery":"","source_name":"","source_url":"","via_name":"","via_url":"","override_template":"0","override":[{"template":"1","single_blog_custom":"","parallax":"1","fullscreen":"1","layout":"right-sidebar","sidebar":"default-sidebar","second_sidebar":"default-sidebar","sticky_sidebar":"1","share_position":"top","share_float_style":"share-monocrhome","show_share_counter":"1","show_view_counter":"1","show_featured":"1","show_post_meta":"1","show_post_author":"1","show_post_author_image":"1","show_post_date":"1","post_date_format":"default","post_date_format_custom":"Y\/m\/d","show_post_category":"1","show_post_reading_time":"0","post_reading_time_wpm":"300","show_zoom_button":"0","zoom_button_out_step":"2","zoom_button_in_step":"3","show_post_tag":"1","show_prev_next_post":"1","show_popup_post":"1","number_popup_post":"1","show_author_box":"0","show_post_related":"0","show_inline_post_related":"0"}],"override_image_size":"0","image_override":[{"single_post_thumbnail_size":"crop-500","single_post_gallery_size":"crop-500"}],"trending_post":"0","trending_post_position":"meta","trending_post_label":"Trending","sponsored_post":"0","sponsored_post_label":"Sponsored by","sponsored_post_name":"","sponsored_post_url":"","sponsored_post_logo_enable":"0","sponsored_post_logo":"","sponsored_post_desc":"","disable_ad":"0"},"jnews_primary_category":{"id":""},"jnews_social_meta":{"fb_title":"","fb_description":"","fb_image":"","twitter_title":"","twitter_description":"","twitter_image":""},"jnews_review":[],"enable_review":"0","type":"percentage","name":"","summary":"","brand":"","sku":"","good":[{"good_text":""}],"bad":[{"bad_text":""}],"score_override":"","override_value":"","rating":[{"rating_text":"","rating_number":"10"}],"price":[{"shop":"","price":"","link":"","icon":""}],"jnews_override_counter":{"override_view_counter":"0","view_counter_number":"0","override_share_counter":"0","share_counter_number":"0","override_like_counter":"0","like_counter_number":"0","override_dislike_counter":"0","dislike_counter_number":"0"},"jnews_post_split":{"enable_post_split":"0","post_split":[{"template":"1","tag":"h2","numbering":"asc","mode":"normal","first":"0","enable_toc":"0","toc_type":"normal"}]},"footnotes":""},"categories":[341,625],"tags":[1212,1211],"class_list":["post-33435","post","type-post","status-publish","format-standard","has-post-thumbnail","hentry","category-cdp","category-discapacidad","tag-contra-el-ajuste-en-discapacidad","tag-marcha-discapacidad"],"jetpack_featured_media_url":"https:\/\/atecordoba.org\/wp-content\/uploads\/2022\/08\/sello-discapacidad.jpeg","_links":{"self":[{"href":"https:\/\/atecordoba.org\/index.php?rest_route=\/wp\/v2\/posts\/33435","targetHints":{"allow":["GET"]}}],"collection":[{"href":"https:\/\/atecordoba.org\/index.php?rest_route=\/wp\/v2\/posts"}],"about":[{"href":"https:\/\/atecordoba.org\/index.php?rest_route=\/wp\/v2\/types\/post"}],"author":[{"embeddable":true,"href":"https:\/\/atecordoba.org\/index.php?rest_route=\/wp\/v2\/users\/7"}],"replies":[{"embeddable":true,"href":"https:\/\/atecordoba.org\/index.php?rest_route=%2Fwp%2Fv2%2Fcomments&post=33435"}],"version-history":[{"count":1,"href":"https:\/\/atecordoba.org\/index.php?rest_route=\/wp\/v2\/posts\/33435\/revisions"}],"predecessor-version":[{"id":33439,"href":"https:\/\/atecordoba.org\/index.php?rest_route=\/wp\/v2\/posts\/33435\/revisions\/33439"}],"wp:featuredmedia":[{"embeddable":true,"href":"https:\/\/atecordoba.org\/index.php?rest_route=\/wp\/v2\/media\/33436"}],"wp:attachment":[{"href":"https:\/\/atecordoba.org\/index.php?rest_route=%2Fwp%2Fv2%2Fmedia&parent=33435"}],"wp:term":[{"taxonomy":"category","embeddable":true,"href":"https:\/\/atecordoba.org\/index.php?rest_route=%2Fwp%2Fv2%2Fcategories&post=33435"},{"taxonomy":"post_tag","embeddable":true,"href":"https:\/\/atecordoba.org\/index.php?rest_route=%2Fwp%2Fv2%2Ftags&post=33435"}],"curies":[{"name":"wp","href":"https:\/\/api.w.org\/{rel}","templated":true}]}}