{"id":33421,"date":"2022-08-29T14:56:27","date_gmt":"2022-08-29T17:56:27","guid":{"rendered":"https:\/\/atecordoba.org\/?p=33421"},"modified":"2022-08-29T15:01:33","modified_gmt":"2022-08-29T18:01:33","slug":"la-cta-realiza-manana-una-jornada-de-lucha-junto-al-mte-y-se-movilizan-a-la-bolsa-de-comercio","status":"publish","type":"post","link":"https:\/\/atecordoba.org\/?p=33421","title":{"rendered":"La CTA realiza ma\u00f1ana una Jornada de Lucha junto al MTE y se movilizan a la Bolsa de Comercio"},"content":{"rendered":"\n<div class=\"wp-block-image\"><figure class=\"aligncenter size-large is-resized\"><img loading=\"lazy\" decoding=\"async\" src=\"https:\/\/atecordoba.org\/wp-content\/uploads\/2022\/08\/Jornada-de-Lucha-30-de-agosto-1005x1024.jpg\" alt=\"\" class=\"wp-image-33424\" width=\"614\" height=\"625\" srcset=\"https:\/\/atecordoba.org\/wp-content\/uploads\/2022\/08\/Jornada-de-Lucha-30-de-agosto-1005x1024.jpg 1005w, https:\/\/atecordoba.org\/wp-content\/uploads\/2022\/08\/Jornada-de-Lucha-30-de-agosto-294x300.jpg 294w, https:\/\/atecordoba.org\/wp-content\/uploads\/2022\/08\/Jornada-de-Lucha-30-de-agosto-768x782.jpg 768w, https:\/\/atecordoba.org\/wp-content\/uploads\/2022\/08\/Jornada-de-Lucha-30-de-agosto-75x75.jpg 75w, https:\/\/atecordoba.org\/wp-content\/uploads\/2022\/08\/Jornada-de-Lucha-30-de-agosto-750x764.jpg 750w, https:\/\/atecordoba.org\/wp-content\/uploads\/2022\/08\/Jornada-de-Lucha-30-de-agosto.jpg 1014w\" sizes=\"auto, (max-width: 614px) 100vw, 614px\" \/><\/figure><\/div>\n\n\n\n<p>La CTA Aut\u00f3noma y otras organizaciones hermanas se vienen expresando sobre la necesidad de frenar a los especuladores y formadores de precios que disparan la inflaci\u00f3n de forma descontrolada, con el claro objetivo de horadar los ingresos de la clase trabajadora.<\/p>\n\n\n\n<p>En ese marco, ma\u00f1ana nuestra Central llevar\u00e1 a cabo una Jornada de Protesta nacional, que tendr\u00e1 su expresi\u00f3n en C\u00f3rdoba donde nos movilizamos junto al Movimiento de Trabajadores Excluidos (MTE). <\/p>\n\n\n\n<p>Para detener la escala de precios criminal y continuar el plan de acci\u00f3n por un shock redistributivo que permita paliar la delicada situaci\u00f3n que atraviesan sectores populares, nos concentramos ma\u00f1ana mi\u00e9rcoles 30 de agosto a las 9.30 horas en la esquina de Col\u00f3n y General Paz. <\/p>\n\n\n\n<p>Desde all\u00ed nos movilizamos a la Bolsa de Comercio de C\u00f3rdoba, uno de los focos de propalaci\u00f3n de los grupos concentrados de C\u00f3rdoba que se proyectan a nivel nacional, con los aumentos de precios de los alimentos b\u00e1sicos, que tienen a C\u00f3rdoba como uno de los principales centros de producci\u00f3n a trav\u00e9s de corporaciones originarias de la provincia y con extensiones en toda Argentina y numerosos pa\u00edses del mundo. <\/p>\n\n\n\n<p>Estas corporaciones, que tuvieron balances deficitarios durante el macrismo, aprovechan los precios internacionales y el aumento de la actividad econ\u00f3mica nacional para aumentar sus ganancias a costa de la penuria y el hambre de los sectores populares en nuestro pa\u00eds. <\/p>\n\n\n\n<p>Frente a un Estado que por inacci\u00f3n o ineficacia es incapaz de proteger los ingresos de las y los trabajadores, las organizaciones populares nos movilizamos para poner freno a tanta especulaci\u00f3n y saqueo de nuestros ingresos. <\/p>\n\n\n\n<p><\/p>\n","protected":false},"excerpt":{"rendered":"<p>La CTA Aut\u00f3noma y otras organizaciones hermanas se vienen expresando sobre la necesidad de frenar a los especuladores y formadores de precios que disparan la inflaci\u00f3n de forma descontrolada, con el claro objetivo de horadar los ingresos de la clase trabajadora. En ese marco, ma\u00f1ana nuestra Central llevar\u00e1 a cabo una Jornada de Protesta nacional, [&hellip;]<\/p>\n","protected":false},"author":7,"featured_media":33424,"comment_status":"open","ping_status":"open","sticky":false,"template":"","format":"standard","meta":{"_exactmetrics_skip_tracking":false,"_exactmetrics_sitenote_active":false,"_exactmetrics_sitenote_note":"","_exactmetrics_sitenote_category":0,"jnews-multi-image_gallery":[],"jnews_single_post":{"subtitle":"Nos concentramos a las 9.30 en Col\u00f3n y Ca\u00f1ada.","format":"standard","video":"","gallery":"","source_name":"","source_url":"","via_name":"","via_url":"","override_template":"0","override":[{"template":"1","single_blog_custom":"","parallax":"1","fullscreen":"1","layout":"right-sidebar","sidebar":"default-sidebar","second_sidebar":"default-sidebar","sticky_sidebar":"1","share_position":"top","share_float_style":"share-monocrhome","show_share_counter":"1","show_view_counter":"1","show_featured":"1","show_post_meta":"1","show_post_author":"1","show_post_author_image":"1","show_post_date":"1","post_date_format":"default","post_date_format_custom":"Y\/m\/d","show_post_category":"1","show_post_reading_time":"0","post_reading_time_wpm":"300","show_zoom_button":"0","zoom_button_out_step":"2","zoom_button_in_step":"3","show_post_tag":"1","show_prev_next_post":"1","show_popup_post":"1","number_popup_post":"1","show_author_box":"0","show_post_related":"0","show_inline_post_related":"0"}],"override_image_size":"0","image_override":[{"single_post_thumbnail_size":"crop-500","single_post_gallery_size":"crop-500"}],"trending_post":"0","trending_post_position":"meta","trending_post_label":"Trending","sponsored_post":"0","sponsored_post_label":"Sponsored by","sponsored_post_name":"","sponsored_post_url":"","sponsored_post_logo_enable":"0","sponsored_post_logo":"","sponsored_post_desc":"","disable_ad":"0"},"jnews_primary_category":{"id":""},"jnews_social_meta":{"fb_title":"","fb_description":"","fb_image":"","twitter_title":"","twitter_description":"","twitter_image":""},"jnews_review":[],"enable_review":"0","type":"percentage","name":"","summary":"","brand":"","sku":"","good":[{"good_text":""}],"bad":[{"bad_text":""}],"score_override":"","override_value":"","rating":[{"rating_text":"","rating_number":"10"}],"price":[{"shop":"","price":"","link":"","icon":""}],"jnews_override_counter":{"override_view_counter":"0","view_counter_number":"0","override_share_counter":"0","share_counter_number":"0","override_like_counter":"0","like_counter_number":"0","override_dislike_counter":"0","dislike_counter_number":"0"},"jnews_post_split":{"enable_post_split":"0","post_split":[{"template":"1","tag":"h2","numbering":"asc","mode":"normal","first":"0","enable_toc":"0","toc_type":"normal"}]},"footnotes":""},"categories":[341,92],"tags":[1209,352],"class_list":["post-33421","post","type-post","status-publish","format-standard","has-post-thumbnail","hentry","category-cdp","category-cta","tag-contra-la-especulacion-y-la-inflacion","tag-jornada-de-lucha"],"jetpack_featured_media_url":"https:\/\/atecordoba.org\/wp-content\/uploads\/2022\/08\/Jornada-de-Lucha-30-de-agosto.jpg","_links":{"self":[{"href":"https:\/\/atecordoba.org\/index.php?rest_route=\/wp\/v2\/posts\/33421","targetHints":{"allow":["GET"]}}],"collection":[{"href":"https:\/\/atecordoba.org\/index.php?rest_route=\/wp\/v2\/posts"}],"about":[{"href":"https:\/\/atecordoba.org\/index.php?rest_route=\/wp\/v2\/types\/post"}],"author":[{"embeddable":true,"href":"https:\/\/atecordoba.org\/index.php?rest_route=\/wp\/v2\/users\/7"}],"replies":[{"embeddable":true,"href":"https:\/\/atecordoba.org\/index.php?rest_route=%2Fwp%2Fv2%2Fcomments&post=33421"}],"version-history":[{"count":2,"href":"https:\/\/atecordoba.org\/index.php?rest_route=\/wp\/v2\/posts\/33421\/revisions"}],"predecessor-version":[{"id":33425,"href":"https:\/\/atecordoba.org\/index.php?rest_route=\/wp\/v2\/posts\/33421\/revisions\/33425"}],"wp:featuredmedia":[{"embeddable":true,"href":"https:\/\/atecordoba.org\/index.php?rest_route=\/wp\/v2\/media\/33424"}],"wp:attachment":[{"href":"https:\/\/atecordoba.org\/index.php?rest_route=%2Fwp%2Fv2%2Fmedia&parent=33421"}],"wp:term":[{"taxonomy":"category","embeddable":true,"href":"https:\/\/atecordoba.org\/index.php?rest_route=%2Fwp%2Fv2%2Fcategories&post=33421"},{"taxonomy":"post_tag","embeddable":true,"href":"https:\/\/atecordoba.org\/index.php?rest_route=%2Fwp%2Fv2%2Ftags&post=33421"}],"curies":[{"name":"wp","href":"https:\/\/api.w.org\/{rel}","templated":true}]}}