{"id":33407,"date":"2022-08-29T12:16:31","date_gmt":"2022-08-29T15:16:31","guid":{"rendered":"https:\/\/atecordoba.org\/?p=33407"},"modified":"2022-08-29T12:23:18","modified_gmt":"2022-08-29T15:23:18","slug":"giuliani-solicito-audiencia-a-la-nueva-ministra-de-salud-de-cordoba","status":"publish","type":"post","link":"https:\/\/atecordoba.org\/?p=33407","title":{"rendered":"Giuliani solicit\u00f3 audiencia a la nueva Ministra de Salud de C\u00f3rdoba"},"content":{"rendered":"\n<div class=\"wp-block-image\"><figure class=\"aligncenter size-large is-resized\"><img loading=\"lazy\" decoding=\"async\" src=\"https:\/\/atecordoba.org\/wp-content\/uploads\/2022\/08\/Giuliani-Salud-100-1024x667.jpg\" alt=\"\" class=\"wp-image-33416\" width=\"565\" height=\"368\" srcset=\"https:\/\/atecordoba.org\/wp-content\/uploads\/2022\/08\/Giuliani-Salud-100-1024x667.jpg 1024w, https:\/\/atecordoba.org\/wp-content\/uploads\/2022\/08\/Giuliani-Salud-100-300x195.jpg 300w, https:\/\/atecordoba.org\/wp-content\/uploads\/2022\/08\/Giuliani-Salud-100-768x500.jpg 768w, https:\/\/atecordoba.org\/wp-content\/uploads\/2022\/08\/Giuliani-Salud-100-750x489.jpg 750w, https:\/\/atecordoba.org\/wp-content\/uploads\/2022\/08\/Giuliani-Salud-100-1140x743.jpg 1140w, https:\/\/atecordoba.org\/wp-content\/uploads\/2022\/08\/Giuliani-Salud-100.jpg 1168w\" sizes=\"auto, (max-width: 565px) 100vw, 565px\" \/><\/figure><\/div>\n\n\n\n<p>La cr\u00edtica situaci\u00f3n salarial y de precarizaci\u00f3n que sufren las y los trabajadores de la salud p\u00fablica provincial se ha profundizado con el paso del tiempo y las gestiones del cordobesismo en el Gobierno de la Provincia. El recorte paulatino -y de a\u00f1os- del presupuesto que recae fundamentalmente sobre la falta de personal en condiciones salariales y de contrataci\u00f3n dignas, ha tenido en vilo a nuestro sindicato muy especialmente durante estos a\u00f1os de pandemia. En ese marco, los reclamos al ya ex-ministro Diego Cardozo fueron continuos: desde pedido de <a rel=\"noreferrer noopener\" href=\"https:\/\/atecordoba.org\/?p=29594\" data-type=\"post\" data-id=\"29594\" target=\"_blank\">audiencia <\/a>hasta la realizaci\u00f3n de <a rel=\"noreferrer noopener\" href=\"https:\/\/atecordoba.org\/?p=26780\" data-type=\"post\" data-id=\"26780\" target=\"_blank\">jornadas de lucha<\/a> con <a rel=\"noreferrer noopener\" href=\"https:\/\/atecordoba.org\/?p=27919\" data-type=\"post\" data-id=\"27919\" target=\"_blank\">paro <\/a>y <a rel=\"noreferrer noopener\" href=\"https:\/\/atecordoba.org\/?p=27043\" data-type=\"post\" data-id=\"27043\" target=\"_blank\">movilizaci\u00f3n<\/a>.<\/p>\n\n\n\n<p>En ese marco, en el d\u00eda de la fecha, ATE C\u00f3rdoba -bajo la figura de su m\u00e1ximo representante, Federico Giuliani- solicit\u00f3 a Gabriela Barb\u00e1s una audiencia para plantear problem\u00e1ticas puntuales y otras que tienen que ver con la pol\u00edtica sanitaria general del sistema de salud p\u00fablica provincial.<\/p>\n\n\n\n<p>&#8220;La verdad que la gesti\u00f3n Cardozo ha sido memorable por lo desastrosa: el nivel de precarizaci\u00f3n, de salarios a la baja que hemos padecido -y que contin\u00faa profundiz\u00e1ndose- en momentos en que el sistema de salud era exigido al m\u00e1ximo por la pandemia, ha llevado a que debamos lamentar m\u00e1s de 80 trabajadoras\/es de salud provincial fallecidos y fallecidas, afecciones ps\u00edquicas producto de la sobrecarga y la presi\u00f3n y toda una serie de problem\u00e1ticas ligadas a los bajos salarios y a los contratos basura que <a href=\"https:\/\/atecordoba.org\/?p=33387\" data-type=\"post\" data-id=\"33387\" target=\"_blank\" rel=\"noreferrer noopener\">deben ser resueltos de manera urgente por quien asuma el lugar de Cardozo<\/a>, en este caso Barb\u00e1s&#8221;, expres\u00f3 Giuliani. &#8220;Para quienes representamos a las y los trabajadores de este sector tan castigado como indispensable para nuestras comunidades mantener una reuni\u00f3n donde abordar algunas problem\u00e1ticas y saber de primera mano la hoja de ruta de la nueva funcionaria es indispensable&#8221;, concluy\u00f3.<\/p>\n\n\n\n<p>Nota completa <a href=\"https:\/\/atecordoba.org\/wp-content\/uploads\/2022\/08\/Nota-Audiencia-Salud.pdf\" target=\"_blank\" rel=\"noreferrer noopener\">aqu\u00ed <\/a>y reproducida debajo.<\/p>\n\n\n\n<div class=\"wp-block-image\"><figure class=\"aligncenter size-large is-resized\"><img loading=\"lazy\" decoding=\"async\" src=\"https:\/\/atecordoba.org\/wp-content\/uploads\/2022\/08\/Nota-Audiencia-Salud-1-pdf-791x1024.jpg\" alt=\"\" class=\"wp-image-33415\" width=\"468\" height=\"606\"\/><\/figure><\/div>\n","protected":false},"excerpt":{"rendered":"<p>La cr\u00edtica situaci\u00f3n salarial y de precarizaci\u00f3n que sufren las y los trabajadores de la salud p\u00fablica provincial se ha profundizado con el paso del tiempo y las gestiones del cordobesismo en el Gobierno de la Provincia. El recorte paulatino -y de a\u00f1os- del presupuesto que recae fundamentalmente sobre la falta de personal en condiciones [&hellip;]<\/p>\n","protected":false},"author":6,"featured_media":33418,"comment_status":"open","ping_status":"open","sticky":false,"template":"","format":"standard","meta":{"_exactmetrics_skip_tracking":false,"_exactmetrics_sitenote_active":false,"_exactmetrics_sitenote_note":"","_exactmetrics_sitenote_category":0,"jnews-multi-image_gallery":[],"jnews_single_post":{"subtitle":"Mediante una nota dirigida a la recientemente asumida funcionaria Gabriela Barb\u00e1s, el Secretario General de ATE C\u00f3rdoba reclam\u00f3 una instancia de di\u00e1logo \"para quienes representamos a las y los trabajadores de este sector tan castigado como indispensable para nuestras comunidades\".","format":"standard","video":"","gallery":"","source_name":"","source_url":"","via_name":"","via_url":"","override_template":"0","override":[{"template":"1","single_blog_custom":"","parallax":"1","fullscreen":"1","layout":"right-sidebar","sidebar":"default-sidebar","second_sidebar":"default-sidebar","sticky_sidebar":"1","share_position":"top","share_float_style":"share-monocrhome","show_share_counter":"1","show_view_counter":"1","show_featured":"1","show_post_meta":"1","show_post_author":"1","show_post_author_image":"1","show_post_date":"1","post_date_format":"default","post_date_format_custom":"Y\/m\/d","show_post_category":"1","show_post_reading_time":"0","post_reading_time_wpm":"300","show_zoom_button":"0","zoom_button_out_step":"2","zoom_button_in_step":"3","show_post_tag":"1","show_prev_next_post":"1","show_popup_post":"1","number_popup_post":"1","show_author_box":"0","show_post_related":"0","show_inline_post_related":"0"}],"override_image_size":"0","image_override":[{"single_post_thumbnail_size":"crop-500","single_post_gallery_size":"crop-500"}],"trending_post":"0","trending_post_position":"meta","trending_post_label":"Trending","sponsored_post":"0","sponsored_post_label":"Sponsored by","sponsored_post_name":"","sponsored_post_url":"","sponsored_post_logo_enable":"0","sponsored_post_logo":"","sponsored_post_desc":"","disable_ad":"0"},"jnews_primary_category":{"id":""},"jnews_social_meta":{"fb_title":"","fb_description":"","fb_image":"","twitter_title":"","twitter_description":"","twitter_image":""},"jnews_review":[],"enable_review":"0","type":"percentage","name":"","summary":"","brand":"","sku":"","good":[{"good_text":""}],"bad":[{"bad_text":""}],"score_override":"","override_value":"","rating":[{"rating_text":"","rating_number":"10"}],"price":[{"shop":"","price":"","link":"","icon":""}],"jnews_override_counter":{"override_view_counter":"0","view_counter_number":"0","override_share_counter":"0","share_counter_number":"0","override_like_counter":"0","like_counter_number":"0","override_dislike_counter":"0","dislike_counter_number":"0"},"jnews_post_split":{"enable_post_split":"0","post_split":[{"template":"1","tag":"h2","numbering":"asc","mode":"normal","first":"0","enable_toc":"0","toc_type":"normal"}]},"footnotes":""},"categories":[341,8,957],"tags":[],"class_list":["post-33407","post","type-post","status-publish","format-standard","has-post-thumbnail","hentry","category-cdp","category-provinciales","category-salud"],"jetpack_featured_media_url":"https:\/\/atecordoba.org\/wp-content\/uploads\/2022\/08\/GiulianiSalud.jpg","_links":{"self":[{"href":"https:\/\/atecordoba.org\/index.php?rest_route=\/wp\/v2\/posts\/33407","targetHints":{"allow":["GET"]}}],"collection":[{"href":"https:\/\/atecordoba.org\/index.php?rest_route=\/wp\/v2\/posts"}],"about":[{"href":"https:\/\/atecordoba.org\/index.php?rest_route=\/wp\/v2\/types\/post"}],"author":[{"embeddable":true,"href":"https:\/\/atecordoba.org\/index.php?rest_route=\/wp\/v2\/users\/6"}],"replies":[{"embeddable":true,"href":"https:\/\/atecordoba.org\/index.php?rest_route=%2Fwp%2Fv2%2Fcomments&post=33407"}],"version-history":[{"count":3,"href":"https:\/\/atecordoba.org\/index.php?rest_route=\/wp\/v2\/posts\/33407\/revisions"}],"predecessor-version":[{"id":33420,"href":"https:\/\/atecordoba.org\/index.php?rest_route=\/wp\/v2\/posts\/33407\/revisions\/33420"}],"wp:featuredmedia":[{"embeddable":true,"href":"https:\/\/atecordoba.org\/index.php?rest_route=\/wp\/v2\/media\/33418"}],"wp:attachment":[{"href":"https:\/\/atecordoba.org\/index.php?rest_route=%2Fwp%2Fv2%2Fmedia&parent=33407"}],"wp:term":[{"taxonomy":"category","embeddable":true,"href":"https:\/\/atecordoba.org\/index.php?rest_route=%2Fwp%2Fv2%2Fcategories&post=33407"},{"taxonomy":"post_tag","embeddable":true,"href":"https:\/\/atecordoba.org\/index.php?rest_route=%2Fwp%2Fv2%2Ftags&post=33407"}],"curies":[{"name":"wp","href":"https:\/\/api.w.org\/{rel}","templated":true}]}}