{"id":3340,"date":"2013-09-24T20:42:37","date_gmt":"2013-09-24T23:42:37","guid":{"rendered":"http:\/\/www.atecordoba.org\/?p=3340"},"modified":"2013-09-24T20:42:37","modified_gmt":"2013-09-24T23:42:37","slug":"ate-inicia-manana-un-paro-de-72-horas-en-el-iose","status":"publish","type":"post","link":"https:\/\/atecordoba.org\/?p=3340","title":{"rendered":"ATE inicia ma\u00f1ana un paro de 72 horas en el IOSE"},"content":{"rendered":"<div><i>La medida de fuerza se realiza por reclamos salariales y de recategorizaci\u00f3n en la obra social del Ej\u00e9rcito.<\/i><\/div>\n<div>\n<p style=\"text-align: center;\"><a href=\"http:\/\/www.atecordoba.org\/wp-content\/uploads\/2013\/09\/IOSE-1.jpg\"><img loading=\"lazy\" decoding=\"async\" class=\" wp-image-3341 aligncenter\" alt=\"IOSE 1\" src=\"http:\/\/www.atecordoba.org\/wp-content\/uploads\/2013\/09\/IOSE-1.jpg\" width=\"605\" height=\"454\" \/><\/a><\/p>\n<p>Los compa\u00f1eros del Instituto Obra Social del Ej\u00e9rcito (IOSE), uno de los sectores de la administraci\u00f3n nacional m\u00e1s postergados de la Administraci\u00f3n P\u00fablica Nacional, contin\u00faan con el plan de lucha que se inici\u00f3 hace 15 d\u00edas, con un paro total de actividades de 72 horas en todo el pa\u00eds.<\/p>\n<p>En C\u00f3rdoba, la medida de fuerza tendr\u00e1 impacto en la Delegaci\u00f3n Provincial del organismo, el Centro de Auditorias, la farmacia (ubicada en Alvear 164) y los locales de venta de chequeras de Cosqu\u00edn, Jes\u00fas Mar\u00eda y Rio Cuarto.<\/p>\n<p>Los trabajadores reclaman un adicional equivalente al que vienen cobrando los profesionales de la salud desde el 2012, al que se sumaron los abogados del Instituto este a\u00f1o. \u201cMientras los profesionales reciben entre 1500 y 2000 pesos de suplemento, y los abogados 2500, el resto del personal, que somos la mayor\u00eda, no estamos recibiendo nada. Es una clara discriminaci\u00f3n que ATE no est\u00e1 dispuesto a soportar. Hay compa\u00f1eros<a href=\"http:\/\/www.atecordoba.org\/wp-content\/uploads\/2013\/09\/IOSE-2.jpg\"><img loading=\"lazy\" decoding=\"async\" class=\"alignright  wp-image-3342\" alt=\"IOSE 2\" src=\"http:\/\/www.atecordoba.org\/wp-content\/uploads\/2013\/09\/IOSE-2.jpg\" width=\"363\" height=\"272\" \/><\/a> que cobran, de bolsillo, $3000 de sueldo\u201d, dijo Victor Lecuona, delegado paritario cordob\u00e9s del sector y vocal del Consejo Directivo Provincial.<\/p>\n<p>Adem\u00e1s, los compa\u00f1eros reclaman la recategorizaci\u00f3n en los cargos, dado el retraso existente, ya que hay compa\u00f1eros que est\u00e1n en congelados en su categor\u00eda hace a\u00f1os. Por otro lado, el conflicto incluye el planteo por el pase a planta permanente para los contratados, debido a que se congel\u00f3 el proceso desde junio cuando sali\u00f3 el decreto de unificaci\u00f3n de las distintas obras sociales de las fuerzas armadas.<\/p>\n<p>\u201cEstamos todos en categor\u00eda 3 y 4 y tenemos responsabilidades de categor\u00eda 1 y 2, por eso reclamamos categor\u00edas administrativas en funci\u00f3n del trabajo concreto que se realiza diariamente\u201d, explic\u00f3 Lecuona.<\/p>\n<p>De esta forma, el paro nacional ser\u00e1 de estricto acatamiento en la provincia.<\/p>\n<p>&nbsp;<\/p>\n<p>&nbsp;<\/p>\n<\/div>\n","protected":false},"excerpt":{"rendered":"<p>La medida de fuerza se realiza por reclamos salariales y de recategorizaci\u00f3n en la obra social del Ej\u00e9rcito. Los compa\u00f1eros del Instituto Obra Social del Ej\u00e9rcito (IOSE), uno de los sectores de la administraci\u00f3n nacional m\u00e1s postergados de la Administraci\u00f3n P\u00fablica Nacional, contin\u00faan con el plan de lucha que se inici\u00f3 hace 15 d\u00edas, con [&hellip;]<\/p>\n","protected":false},"author":1,"featured_media":19220,"comment_status":"open","ping_status":"open","sticky":false,"template":"","format":"standard","meta":{"_exactmetrics_skip_tracking":false,"_exactmetrics_sitenote_active":false,"_exactmetrics_sitenote_note":"","_exactmetrics_sitenote_category":0,"jnews-multi-image_gallery":[],"jnews_single_post":[],"jnews_primary_category":[],"jnews_social_meta":[],"jnews_review":[],"enable_review":"","type":"","name":"","summary":"","brand":"","sku":"","good":[],"bad":[],"score_override":"","override_value":"","rating":[],"price":[],"jnews_override_counter":[],"jnews_post_split":[],"footnotes":""},"categories":[18],"tags":[91],"class_list":["post-3340","post","type-post","status-publish","format-standard","has-post-thumbnail","hentry","category-nacionales","tag-iose"],"jetpack_featured_media_url":"https:\/\/atecordoba.org\/wp-content\/uploads\/2020\/05\/logo-nuevochico-e1561581322808.png","_links":{"self":[{"href":"https:\/\/atecordoba.org\/index.php?rest_route=\/wp\/v2\/posts\/3340","targetHints":{"allow":["GET"]}}],"collection":[{"href":"https:\/\/atecordoba.org\/index.php?rest_route=\/wp\/v2\/posts"}],"about":[{"href":"https:\/\/atecordoba.org\/index.php?rest_route=\/wp\/v2\/types\/post"}],"author":[{"embeddable":true,"href":"https:\/\/atecordoba.org\/index.php?rest_route=\/wp\/v2\/users\/1"}],"replies":[{"embeddable":true,"href":"https:\/\/atecordoba.org\/index.php?rest_route=%2Fwp%2Fv2%2Fcomments&post=3340"}],"version-history":[{"count":0,"href":"https:\/\/atecordoba.org\/index.php?rest_route=\/wp\/v2\/posts\/3340\/revisions"}],"wp:featuredmedia":[{"embeddable":true,"href":"https:\/\/atecordoba.org\/index.php?rest_route=\/wp\/v2\/media\/19220"}],"wp:attachment":[{"href":"https:\/\/atecordoba.org\/index.php?rest_route=%2Fwp%2Fv2%2Fmedia&parent=3340"}],"wp:term":[{"taxonomy":"category","embeddable":true,"href":"https:\/\/atecordoba.org\/index.php?rest_route=%2Fwp%2Fv2%2Fcategories&post=3340"},{"taxonomy":"post_tag","embeddable":true,"href":"https:\/\/atecordoba.org\/index.php?rest_route=%2Fwp%2Fv2%2Ftags&post=3340"}],"curies":[{"name":"wp","href":"https:\/\/api.w.org\/{rel}","templated":true}]}}