{"id":33391,"date":"2022-08-26T15:52:40","date_gmt":"2022-08-26T18:52:40","guid":{"rendered":"https:\/\/atecordoba.org\/?p=33391"},"modified":"2022-08-26T15:54:23","modified_gmt":"2022-08-26T18:54:23","slug":"plenario-de-organizaciones-combativas-resolvio-realizar-una-jornada-de-lucha-el-8-de-septiembre","status":"publish","type":"post","link":"https:\/\/atecordoba.org\/?p=33391","title":{"rendered":"Plenario de las y los trabajadores ocupados y desocupados resolvi\u00f3 realizar una Jornada de Lucha el 8 de septiembre"},"content":{"rendered":"\n<div class=\"wp-block-image\"><figure class=\"aligncenter size-full is-resized\"><img loading=\"lazy\" decoding=\"async\" src=\"https:\/\/atecordoba.org\/wp-content\/uploads\/2022\/08\/301226069_440171834799403_2644346787266352117_n.jpg\" alt=\"\" class=\"wp-image-33392\" width=\"720\" height=\"405\" srcset=\"https:\/\/atecordoba.org\/wp-content\/uploads\/2022\/08\/301226069_440171834799403_2644346787266352117_n.jpg 960w, https:\/\/atecordoba.org\/wp-content\/uploads\/2022\/08\/301226069_440171834799403_2644346787266352117_n-300x169.jpg 300w, https:\/\/atecordoba.org\/wp-content\/uploads\/2022\/08\/301226069_440171834799403_2644346787266352117_n-768x432.jpg 768w, https:\/\/atecordoba.org\/wp-content\/uploads\/2022\/08\/301226069_440171834799403_2644346787266352117_n-750x422.jpg 750w\" sizes=\"auto, (max-width: 720px) 100vw, 720px\" \/><\/figure><\/div>\n\n\n\n<p>El Plenario de trabajadoras\/es ocupados\/as y desocupados\/as de ATE y CTA-A junto al Polo Piquetero, resolvi\u00f3 ayer realizar una Jornada de Lucha en la provincia el pr\u00f3ximo 8 de septiembre. <\/p>\n\n\n\n<p>El c\u00f3nclave realizado al aire libre en la Plaza Velez Sarsfield de C\u00f3rdoba Capital, cont\u00f3 con la participaci\u00f3n de organizaciones combativas sindicales, sociales y territoriales.<\/p>\n\n\n\n<p>En la oportunidad, el secretario General de ATE C\u00f3rdoba y la CTAA provincia de C\u00f3rdoba, dijo que celebraba &#8220;la instancia que hemos logrado dejando de lado las diferencias secundarias que seguramente tenemos para poner sobre la mesa la unidad en la acci\u00f3n, no solo con quienes son del palo. Es fundamental que podamos unificar un pliego de reivindicaciones con los compa\u00f1eros del Bloque Piquetero, de las organizaciones sociales, ambientales, sindicales combativas, culturales, que dan una pelea en el territorio contra un modelo de hambre para nuestros pibes y pibas. &nbsp;&nbsp;El lugar que elegimos no es casualidad porque plantamos unas bandera simb\u00f3lica con este plenario frente al s\u00edmbolo del neoliberalismo y el gorilaje cheto de C\u00f3rdoba como el Patio Olmos&#8221;.<\/p>\n\n\n\n<figure class=\"wp-block-gallery has-nested-images columns-default is-cropped wp-block-gallery-1 is-layout-flex wp-block-gallery-is-layout-flex\">\n<figure class=\"wp-block-image size-large\"><img loading=\"lazy\" decoding=\"async\" width=\"960\" height=\"540\" data-id=\"33394\" src=\"https:\/\/atecordoba.org\/wp-content\/uploads\/2022\/08\/301409237_440172114799375_346360415095614346_n.jpg\" alt=\"\" class=\"wp-image-33394\" srcset=\"https:\/\/atecordoba.org\/wp-content\/uploads\/2022\/08\/301409237_440172114799375_346360415095614346_n.jpg 960w, https:\/\/atecordoba.org\/wp-content\/uploads\/2022\/08\/301409237_440172114799375_346360415095614346_n-300x169.jpg 300w, https:\/\/atecordoba.org\/wp-content\/uploads\/2022\/08\/301409237_440172114799375_346360415095614346_n-768x432.jpg 768w, https:\/\/atecordoba.org\/wp-content\/uploads\/2022\/08\/301409237_440172114799375_346360415095614346_n-750x422.jpg 750w\" sizes=\"auto, (max-width: 960px) 100vw, 960px\" \/><\/figure>\n\n\n\n<figure class=\"wp-block-image size-large\"><img loading=\"lazy\" decoding=\"async\" width=\"960\" height=\"540\" data-id=\"33393\" src=\"https:\/\/atecordoba.org\/wp-content\/uploads\/2022\/08\/300564537_440171948132725_68938395075800198_n.jpg\" alt=\"\" class=\"wp-image-33393\" srcset=\"https:\/\/atecordoba.org\/wp-content\/uploads\/2022\/08\/300564537_440171948132725_68938395075800198_n.jpg 960w, https:\/\/atecordoba.org\/wp-content\/uploads\/2022\/08\/300564537_440171948132725_68938395075800198_n-300x169.jpg 300w, https:\/\/atecordoba.org\/wp-content\/uploads\/2022\/08\/300564537_440171948132725_68938395075800198_n-768x432.jpg 768w, https:\/\/atecordoba.org\/wp-content\/uploads\/2022\/08\/300564537_440171948132725_68938395075800198_n-750x422.jpg 750w\" sizes=\"auto, (max-width: 960px) 100vw, 960px\" \/><\/figure>\n\n\n\n<figure class=\"wp-block-image size-large\"><img loading=\"lazy\" decoding=\"async\" width=\"960\" height=\"524\" data-id=\"33395\" src=\"https:\/\/atecordoba.org\/wp-content\/uploads\/2022\/08\/301029520_440172304799356_4660811246227108567_n.jpg\" alt=\"\" class=\"wp-image-33395\" srcset=\"https:\/\/atecordoba.org\/wp-content\/uploads\/2022\/08\/301029520_440172304799356_4660811246227108567_n.jpg 960w, https:\/\/atecordoba.org\/wp-content\/uploads\/2022\/08\/301029520_440172304799356_4660811246227108567_n-300x164.jpg 300w, https:\/\/atecordoba.org\/wp-content\/uploads\/2022\/08\/301029520_440172304799356_4660811246227108567_n-768x419.jpg 768w, https:\/\/atecordoba.org\/wp-content\/uploads\/2022\/08\/301029520_440172304799356_4660811246227108567_n-750x409.jpg 750w\" sizes=\"auto, (max-width: 960px) 100vw, 960px\" \/><\/figure>\n<\/figure>\n\n\n\n<p>El dirigente valor\u00f3 que se realice el encuentro &#8220;bajo la figura de la estatua de Agust\u00edn Tosco y de tantos compa\u00f1eros y compa\u00f1eras que en un momento so\u00f1aron una provincia distinta. Es fundamental abrazar las peleas que venimos teniendo de manera sectorial, ac\u00e1 nadie se salva solo ni sola. Nos vamos a salvar colectivamente como pueblo&#8221;.<\/p>\n\n\n\n<p>Y apunt\u00f3 que &#8220;es importante verse las caras, saber que vamos a debatir y a tener disensos, pero la riqueza de construir en la diversidad es la que vale. Tenemos que acordar tres o cuatro puntos que nos pueda llevar a la calle con una agenda en com\u00fan y volver a mostrarle a los que gobiernan cu\u00e1les son las necesidades de las y los trabajadores de a pie&#8221;.<\/p>\n\n\n\n<p>En sus resoluciones, el plenario fijo un pliego de propuestas compuesto por: <\/p>\n\n\n\n<p>1-&nbsp;&nbsp;&nbsp;&nbsp;&nbsp;&nbsp;&nbsp;&nbsp;&nbsp;&nbsp;&nbsp; Rechazar el pago de la deuda externa usuraria, fraudulenta e ileg\u00edtima. Fuera el FMI.<\/p>\n\n\n\n<p>2-&nbsp;&nbsp;&nbsp;&nbsp;&nbsp;&nbsp;&nbsp;&nbsp;&nbsp;&nbsp;&nbsp; Convocar a las bases territoriales de las centrales obreras a la construcci\u00f3n de un paro nacional activo y un plan de lucha para enfrentar y derrotar el ajuste.<\/p>\n\n\n\n<p>3-&nbsp;&nbsp;&nbsp;&nbsp;&nbsp;&nbsp;&nbsp;&nbsp;&nbsp;&nbsp;&nbsp; Por un salario M\u00ednimo Vital y M\u00f3vil por encima de la l\u00ednea de la pobreza hoy en $119.000. Por el 82% m\u00f3vil para jubilados. Basta de inflaci\u00f3n. Por paritarias libres y aumento real de salarios.&nbsp; No a los tarifazos.<\/p>\n\n\n\n<p>4-&nbsp;&nbsp;&nbsp;&nbsp;&nbsp;&nbsp;&nbsp;&nbsp;&nbsp;&nbsp;&nbsp; Trabajo Genuino y fin de la precarizaci\u00f3n laboral. <\/p>\n\n\n\n<div class=\"wp-block-image\"><figure class=\"alignleft size-full is-resized\"><img loading=\"lazy\" decoding=\"async\" src=\"https:\/\/atecordoba.org\/wp-content\/uploads\/2022\/08\/301216058_440172214799365_3028922660253866587_n.jpg\" alt=\"\" class=\"wp-image-33396\" width=\"480\" height=\"270\" srcset=\"https:\/\/atecordoba.org\/wp-content\/uploads\/2022\/08\/301216058_440172214799365_3028922660253866587_n.jpg 960w, https:\/\/atecordoba.org\/wp-content\/uploads\/2022\/08\/301216058_440172214799365_3028922660253866587_n-300x169.jpg 300w, https:\/\/atecordoba.org\/wp-content\/uploads\/2022\/08\/301216058_440172214799365_3028922660253866587_n-768x432.jpg 768w, https:\/\/atecordoba.org\/wp-content\/uploads\/2022\/08\/301216058_440172214799365_3028922660253866587_n-750x422.jpg 750w\" sizes=\"auto, (max-width: 480px) 100vw, 480px\" \/><\/figure><\/div>\n\n\n\n<p>5-&nbsp;&nbsp;&nbsp;&nbsp;&nbsp;&nbsp;&nbsp;&nbsp;&nbsp;&nbsp;&nbsp; Campa\u00f1a contra la criminalizaci\u00f3n de la protesta social y las causas abiertas en todo el pa\u00eds y en C\u00f3rdoba contra las y los luchadores obreros, sociales, estudiantiles, ambientales y populares.<\/p>\n\n\n\n<p>6-&nbsp;&nbsp;&nbsp;&nbsp;&nbsp;&nbsp;&nbsp;&nbsp;&nbsp;&nbsp;&nbsp; Apoyo a los trabajadores del SUTNA que luchan por el salario y contra los turnos americanos. Apoyo, tambi\u00e9n, a las trabajadoras\/os del PAICOR, SENAF y Salud organizadas en ATE y CTA-A que reclaman aumentos de Salarios, a los aceiteros que enfrentan los despidos y a todas las luchas por las condiciones laborales salariales y contra los despidos.<\/p>\n\n\n\n<p>7-&nbsp;&nbsp;&nbsp;&nbsp;&nbsp;&nbsp;&nbsp;&nbsp;&nbsp;&nbsp;&nbsp; Rechazamos la paritaria de recorte salarial firmada por el gobierno de Schiaretti con la burocracia sindical SEP. Apoyo a docentes y estatales provinciales que luchan por su salario. Reclamamos que el gobierno negocie con todas las organizaciones sindicales de los trabajadores sin discriminaci\u00f3n.<\/p>\n\n\n\n<p>8-&nbsp;&nbsp;&nbsp;&nbsp;&nbsp;&nbsp;&nbsp;&nbsp;&nbsp;&nbsp;&nbsp; Apoyo a la lucha ambiental contra la depredaci\u00f3n y la autov\u00eda. Basta de ecocidio y extractivismo.<\/p>\n\n\n\n<p>9-&nbsp;&nbsp;&nbsp;&nbsp;&nbsp;&nbsp;&nbsp;&nbsp;&nbsp;&nbsp;&nbsp; Apoyo y participaci\u00f3n en el Cabildo Abierto Previsional del 26 de agosto, convocado por distintas organizaciones. Plan de lucha en defensa de las jubilaciones.&nbsp;<\/p>\n\n\n\n<p>10-&nbsp;&nbsp;&nbsp;&nbsp;&nbsp;&nbsp;&nbsp;&nbsp;&nbsp; Jornada provincial de lucha para el 7 de septiembre de trabajadores ocupados y desocupados, reclamando aumento de salario y trabajo genuino. Convocar a todas las organizaciones de trabajadores a participar de la misma.<\/p>\n\n\n\n<p>11-&nbsp;&nbsp;&nbsp;&nbsp;&nbsp;&nbsp;&nbsp;&nbsp;&nbsp; Por un Plenario nacional de trabajadores ocupados y desocupados, que discuta y resuelva un plan de lucha y una salida a la crisis social y econ\u00f3mica.<\/p>\n\n\n\n<figure class=\"wp-block-gallery has-nested-images columns-default is-cropped wp-block-gallery-2 is-layout-flex wp-block-gallery-is-layout-flex\">\n<figure class=\"wp-block-image size-large\"><a href=\"https:\/\/atecordoba.org\/wp-content\/uploads\/2022\/08\/301497004_440172251466028_3481972691347596050_n.jpg\"><img loading=\"lazy\" decoding=\"async\" width=\"960\" height=\"540\" data-id=\"33402\" src=\"https:\/\/atecordoba.org\/wp-content\/uploads\/2022\/08\/301497004_440172251466028_3481972691347596050_n.jpg\" alt=\"\" class=\"wp-image-33402\" srcset=\"https:\/\/atecordoba.org\/wp-content\/uploads\/2022\/08\/301497004_440172251466028_3481972691347596050_n.jpg 960w, https:\/\/atecordoba.org\/wp-content\/uploads\/2022\/08\/301497004_440172251466028_3481972691347596050_n-300x169.jpg 300w, https:\/\/atecordoba.org\/wp-content\/uploads\/2022\/08\/301497004_440172251466028_3481972691347596050_n-768x432.jpg 768w, https:\/\/atecordoba.org\/wp-content\/uploads\/2022\/08\/301497004_440172251466028_3481972691347596050_n-750x422.jpg 750w\" sizes=\"auto, (max-width: 960px) 100vw, 960px\" \/><\/a><\/figure>\n\n\n\n<figure class=\"wp-block-image size-large\"><a href=\"https:\/\/atecordoba.org\/wp-content\/uploads\/2022\/08\/301539845_440172164799370_1334854404189813389_n.jpg\"><img loading=\"lazy\" decoding=\"async\" width=\"960\" height=\"540\" data-id=\"33400\" src=\"https:\/\/atecordoba.org\/wp-content\/uploads\/2022\/08\/301539845_440172164799370_1334854404189813389_n.jpg\" alt=\"\" class=\"wp-image-33400\" srcset=\"https:\/\/atecordoba.org\/wp-content\/uploads\/2022\/08\/301539845_440172164799370_1334854404189813389_n.jpg 960w, https:\/\/atecordoba.org\/wp-content\/uploads\/2022\/08\/301539845_440172164799370_1334854404189813389_n-300x169.jpg 300w, https:\/\/atecordoba.org\/wp-content\/uploads\/2022\/08\/301539845_440172164799370_1334854404189813389_n-768x432.jpg 768w, https:\/\/atecordoba.org\/wp-content\/uploads\/2022\/08\/301539845_440172164799370_1334854404189813389_n-750x422.jpg 750w\" sizes=\"auto, (max-width: 960px) 100vw, 960px\" \/><\/a><\/figure>\n\n\n\n<figure class=\"wp-block-image size-large\"><a href=\"https:\/\/atecordoba.org\/wp-content\/uploads\/2022\/08\/300370894_440172394799347_4680673703293047560_n.jpg\"><img loading=\"lazy\" decoding=\"async\" width=\"960\" height=\"540\" data-id=\"33397\" src=\"https:\/\/atecordoba.org\/wp-content\/uploads\/2022\/08\/300370894_440172394799347_4680673703293047560_n.jpg\" alt=\"\" class=\"wp-image-33397\" srcset=\"https:\/\/atecordoba.org\/wp-content\/uploads\/2022\/08\/300370894_440172394799347_4680673703293047560_n.jpg 960w, https:\/\/atecordoba.org\/wp-content\/uploads\/2022\/08\/300370894_440172394799347_4680673703293047560_n-300x169.jpg 300w, https:\/\/atecordoba.org\/wp-content\/uploads\/2022\/08\/300370894_440172394799347_4680673703293047560_n-768x432.jpg 768w, https:\/\/atecordoba.org\/wp-content\/uploads\/2022\/08\/300370894_440172394799347_4680673703293047560_n-750x422.jpg 750w\" sizes=\"auto, (max-width: 960px) 100vw, 960px\" \/><\/a><\/figure>\n\n\n\n<figure class=\"wp-block-image size-large\"><a href=\"https:\/\/atecordoba.org\/wp-content\/uploads\/2022\/08\/300962960_440171991466054_5368566183055097185_n.jpg\"><img loading=\"lazy\" decoding=\"async\" width=\"960\" height=\"540\" data-id=\"33398\" src=\"https:\/\/atecordoba.org\/wp-content\/uploads\/2022\/08\/300962960_440171991466054_5368566183055097185_n.jpg\" alt=\"\" class=\"wp-image-33398\" srcset=\"https:\/\/atecordoba.org\/wp-content\/uploads\/2022\/08\/300962960_440171991466054_5368566183055097185_n.jpg 960w, https:\/\/atecordoba.org\/wp-content\/uploads\/2022\/08\/300962960_440171991466054_5368566183055097185_n-300x169.jpg 300w, https:\/\/atecordoba.org\/wp-content\/uploads\/2022\/08\/300962960_440171991466054_5368566183055097185_n-768x432.jpg 768w, https:\/\/atecordoba.org\/wp-content\/uploads\/2022\/08\/300962960_440171991466054_5368566183055097185_n-750x422.jpg 750w\" sizes=\"auto, (max-width: 960px) 100vw, 960px\" \/><\/a><\/figure>\n\n\n\n<figure class=\"wp-block-image size-large\"><a href=\"https:\/\/atecordoba.org\/wp-content\/uploads\/2022\/08\/301051772_440171888132731_6240691762381642922_n.jpg\"><img loading=\"lazy\" decoding=\"async\" width=\"960\" height=\"540\" data-id=\"33399\" src=\"https:\/\/atecordoba.org\/wp-content\/uploads\/2022\/08\/301051772_440171888132731_6240691762381642922_n.jpg\" alt=\"\" class=\"wp-image-33399\" srcset=\"https:\/\/atecordoba.org\/wp-content\/uploads\/2022\/08\/301051772_440171888132731_6240691762381642922_n.jpg 960w, https:\/\/atecordoba.org\/wp-content\/uploads\/2022\/08\/301051772_440171888132731_6240691762381642922_n-300x169.jpg 300w, https:\/\/atecordoba.org\/wp-content\/uploads\/2022\/08\/301051772_440171888132731_6240691762381642922_n-768x432.jpg 768w, https:\/\/atecordoba.org\/wp-content\/uploads\/2022\/08\/301051772_440171888132731_6240691762381642922_n-750x422.jpg 750w\" sizes=\"auto, (max-width: 960px) 100vw, 960px\" \/><\/a><\/figure>\n\n\n\n<figure class=\"wp-block-image size-large\"><a href=\"https:\/\/atecordoba.org\/wp-content\/uploads\/2022\/08\/301379577_440172068132713_8878366190118632392_n.jpg\"><img loading=\"lazy\" decoding=\"async\" width=\"960\" height=\"540\" data-id=\"33401\" src=\"https:\/\/atecordoba.org\/wp-content\/uploads\/2022\/08\/301379577_440172068132713_8878366190118632392_n.jpg\" alt=\"\" class=\"wp-image-33401\" srcset=\"https:\/\/atecordoba.org\/wp-content\/uploads\/2022\/08\/301379577_440172068132713_8878366190118632392_n.jpg 960w, https:\/\/atecordoba.org\/wp-content\/uploads\/2022\/08\/301379577_440172068132713_8878366190118632392_n-300x169.jpg 300w, https:\/\/atecordoba.org\/wp-content\/uploads\/2022\/08\/301379577_440172068132713_8878366190118632392_n-768x432.jpg 768w, https:\/\/atecordoba.org\/wp-content\/uploads\/2022\/08\/301379577_440172068132713_8878366190118632392_n-750x422.jpg 750w\" sizes=\"auto, (max-width: 960px) 100vw, 960px\" \/><\/a><\/figure>\n<\/figure>\n","protected":false},"excerpt":{"rendered":"<p>El Plenario de trabajadoras\/es ocupados\/as y desocupados\/as de ATE y CTA-A junto al Polo Piquetero, resolvi\u00f3 ayer realizar una Jornada de Lucha en la provincia el pr\u00f3ximo 8 de septiembre. El c\u00f3nclave realizado al aire libre en la Plaza Velez Sarsfield de C\u00f3rdoba Capital, cont\u00f3 con la participaci\u00f3n de organizaciones combativas sindicales, sociales y territoriales. [&hellip;]<\/p>\n","protected":false},"author":7,"featured_media":33403,"comment_status":"open","ping_status":"open","sticky":false,"template":"","format":"standard","meta":{"_exactmetrics_skip_tracking":false,"_exactmetrics_sitenote_active":false,"_exactmetrics_sitenote_note":"","_exactmetrics_sitenote_category":0,"jnews-multi-image_gallery":[],"jnews_single_post":{"subtitle":"\"Tenemos que acordar tres o cuatro puntos que nos pueda llevar a la calle con una agenda en com\u00fan y volver a mostrarle a los que gobiernan cu\u00e1les son las necesidades de las y los trabajadores de a pie\", dijo el secretario General de ATE y la CTAA, Federico Giuliani.","format":"standard","video":"","gallery":"","source_name":"","source_url":"","via_name":"","via_url":"","override_template":"0","override":[{"template":"1","single_blog_custom":"","parallax":"1","fullscreen":"1","layout":"right-sidebar","sidebar":"default-sidebar","second_sidebar":"default-sidebar","sticky_sidebar":"1","share_position":"top","share_float_style":"share-monocrhome","show_share_counter":"1","show_view_counter":"1","show_featured":"1","show_post_meta":"1","show_post_author":"1","show_post_author_image":"1","show_post_date":"1","post_date_format":"default","post_date_format_custom":"Y\/m\/d","show_post_category":"1","show_post_reading_time":"0","post_reading_time_wpm":"300","show_zoom_button":"0","zoom_button_out_step":"2","zoom_button_in_step":"3","show_post_tag":"1","show_prev_next_post":"1","show_popup_post":"1","number_popup_post":"1","show_author_box":"0","show_post_related":"0","show_inline_post_related":"0"}],"override_image_size":"0","image_override":[{"single_post_thumbnail_size":"crop-500","single_post_gallery_size":"crop-500"}],"trending_post":"0","trending_post_position":"meta","trending_post_label":"Trending","sponsored_post":"0","sponsored_post_label":"Sponsored by","sponsored_post_name":"","sponsored_post_url":"","sponsored_post_logo_enable":"0","sponsored_post_logo":"","sponsored_post_desc":"","disable_ad":"0"},"jnews_primary_category":{"id":""},"jnews_social_meta":{"fb_title":"","fb_description":"","fb_image":"","twitter_title":"","twitter_description":"","twitter_image":""},"jnews_review":[],"enable_review":"0","type":"percentage","name":"","summary":"","brand":"","sku":"","good":[{"good_text":""}],"bad":[{"bad_text":""}],"score_override":"","override_value":"","rating":[{"rating_text":"","rating_number":"10"}],"price":[{"shop":"","price":"","link":"","icon":""}],"jnews_override_counter":{"override_view_counter":"0","view_counter_number":"0","override_share_counter":"0","share_counter_number":"0","override_like_counter":"0","like_counter_number":"0","override_dislike_counter":"0","dislike_counter_number":"0"},"jnews_post_split":{"enable_post_split":"0","post_split":[{"template":"1","tag":"h2","numbering":"asc","mode":"normal","first":"0","enable_toc":"0","toc_type":"normal"}]},"footnotes":""},"categories":[10,341,92],"tags":[1206],"class_list":["post-33391","post","type-post","status-publish","format-standard","has-post-thumbnail","hentry","category-accion-politica","category-cdp","category-cta","tag-plenario-de-ocupados-y-desocupados"],"jetpack_featured_media_url":"https:\/\/atecordoba.org\/wp-content\/uploads\/2022\/08\/portadaplenario-e1661539955893.jpg","_links":{"self":[{"href":"https:\/\/atecordoba.org\/index.php?rest_route=\/wp\/v2\/posts\/33391","targetHints":{"allow":["GET"]}}],"collection":[{"href":"https:\/\/atecordoba.org\/index.php?rest_route=\/wp\/v2\/posts"}],"about":[{"href":"https:\/\/atecordoba.org\/index.php?rest_route=\/wp\/v2\/types\/post"}],"author":[{"embeddable":true,"href":"https:\/\/atecordoba.org\/index.php?rest_route=\/wp\/v2\/users\/7"}],"replies":[{"embeddable":true,"href":"https:\/\/atecordoba.org\/index.php?rest_route=%2Fwp%2Fv2%2Fcomments&post=33391"}],"version-history":[{"count":2,"href":"https:\/\/atecordoba.org\/index.php?rest_route=\/wp\/v2\/posts\/33391\/revisions"}],"predecessor-version":[{"id":33405,"href":"https:\/\/atecordoba.org\/index.php?rest_route=\/wp\/v2\/posts\/33391\/revisions\/33405"}],"wp:featuredmedia":[{"embeddable":true,"href":"https:\/\/atecordoba.org\/index.php?rest_route=\/wp\/v2\/media\/33403"}],"wp:attachment":[{"href":"https:\/\/atecordoba.org\/index.php?rest_route=%2Fwp%2Fv2%2Fmedia&parent=33391"}],"wp:term":[{"taxonomy":"category","embeddable":true,"href":"https:\/\/atecordoba.org\/index.php?rest_route=%2Fwp%2Fv2%2Fcategories&post=33391"},{"taxonomy":"post_tag","embeddable":true,"href":"https:\/\/atecordoba.org\/index.php?rest_route=%2Fwp%2Fv2%2Ftags&post=33391"}],"curies":[{"name":"wp","href":"https:\/\/api.w.org\/{rel}","templated":true}]}}