{"id":33387,"date":"2022-08-26T15:16:02","date_gmt":"2022-08-26T18:16:02","guid":{"rendered":"https:\/\/atecordoba.org\/?p=33387"},"modified":"2022-08-26T15:16:03","modified_gmt":"2022-08-26T18:16:03","slug":"nueva-ministra-de-salud-los-cambios-de-nombres-exigen-tambien-cambios-de-las-politicas-publicas","status":"publish","type":"post","link":"https:\/\/atecordoba.org\/?p=33387","title":{"rendered":"Nueva Ministra de Salud: los cambios de nombres exigen tambi\u00e9n cambios de las pol\u00edticas p\u00fablicas"},"content":{"rendered":"\n<p><\/p>\n\n\n\n<div class=\"wp-block-image\"><figure class=\"aligncenter size-large is-resized\"><img loading=\"lazy\" decoding=\"async\" src=\"https:\/\/atecordoba.org\/wp-content\/uploads\/2022\/08\/WhatsApp-Image-2022-08-26-at-1.54.57-PM-1024x631.jpeg\" alt=\"\" class=\"wp-image-33388\" width=\"768\" height=\"473\" srcset=\"https:\/\/atecordoba.org\/wp-content\/uploads\/2022\/08\/WhatsApp-Image-2022-08-26-at-1.54.57-PM-1024x631.jpeg 1024w, https:\/\/atecordoba.org\/wp-content\/uploads\/2022\/08\/WhatsApp-Image-2022-08-26-at-1.54.57-PM-300x185.jpeg 300w, https:\/\/atecordoba.org\/wp-content\/uploads\/2022\/08\/WhatsApp-Image-2022-08-26-at-1.54.57-PM-768x473.jpeg 768w, https:\/\/atecordoba.org\/wp-content\/uploads\/2022\/08\/WhatsApp-Image-2022-08-26-at-1.54.57-PM-750x462.jpeg 750w, https:\/\/atecordoba.org\/wp-content\/uploads\/2022\/08\/WhatsApp-Image-2022-08-26-at-1.54.57-PM-1140x703.jpeg 1140w, https:\/\/atecordoba.org\/wp-content\/uploads\/2022\/08\/WhatsApp-Image-2022-08-26-at-1.54.57-PM.jpeg 1280w\" sizes=\"auto, (max-width: 768px) 100vw, 768px\" \/><\/figure><\/div>\n\n\n\n<p>Nueva Ministra de Salud: los cambios de nombres exigen tambi\u00e9n cambios de las pol\u00edticas p\u00fablicas<\/p>\n\n\n\n<p>El despido disfrazado de renuncia del ex ministro de Salud de la Provincia, Diego Cardozo, y la designaci\u00f3n de su viceministra, Gabriela Barb\u00e1s, como nueva titular de la cartera sanitaria abre la posibilidad de que el Gobierno de C\u00f3rdoba inaugure una etapa nueva, con pol\u00edticas renovadas que dejen atr\u00e1s el desastre que estamos viviendo en t\u00e9rminos de la salud p\u00fablica, que se expresan en la p\u00e9sima gesti\u00f3n de la tragedia del Hospital Neonatal.<\/p>\n\n\n\n<p>No olvidamos que Barb\u00e1s fue parte fundamentaL de la gesti\u00f3n defenestrada de Cardozo y que su nombramiento puede significar una continuidad de la pol\u00edtica actual x otros medios.<\/p>\n\n\n\n<p>Pero tambi\u00e9n es una oportunidad para comenzar un periodo donde la transparencia ilumine las pol\u00edticas p\u00fablicas y no la opacidad, el silencio y las presiones sobre los equipos de salud, que sufren a\u00f1os de malos tratos, p\u00e9simos salarios y precarias condiciones de trabajo.<\/p>\n\n\n\n<p>En sus primeras declaraciones a la prensa, Barb\u00e1s dijo que se propone \u201cponer de nuevo en valor el trabajo de los equipos de salud\u201d, admitiendo claramente que las y los trabajadores han padecido una grave desvalorizaci\u00f3n, menosprecio que tambi\u00e9n se expresa en la falta de reconocimiento de las organizaciones sindicales que eligieron libremente con leg\u00edtimo derecho, conforme la legalidad vigente.<\/p>\n\n\n\n<p>Hoy los equipos de salud tienen en la mesa paritaria a un gremio que no los representa, mientras quedan afuera las organizaciones que son representativas de sus intereses y anhelos.<\/p>\n\n\n\n<p>Para que la renovaci\u00f3n de funcionarios sea efectiva, frente al desastre que nos encontramos, son necesarios cambios profundos. De lo contrario se tratar\u00e1 de otro show pensado para la prensa donde cambian figuras para que nada cambie.<\/p>\n\n\n\n<p>Eso no le sirve a los equipos de salud, a la comunidad en general y tampoco a las familias del Hospital Neonatal que esperan justicia.&nbsp;<\/p>\n\n\n\n<p class=\"has-text-align-center\">Federico Giuliani<\/p>\n\n\n\n<p class=\"has-text-align-center\">Secretario General<\/p>\n\n\n\n<p class=\"has-text-align-center\">ATE C\u00f3rdoba<\/p>\n","protected":false},"excerpt":{"rendered":"<p>Nueva Ministra de Salud: los cambios de nombres exigen tambi\u00e9n cambios de las pol\u00edticas p\u00fablicas El despido disfrazado de renuncia del ex ministro de Salud de la Provincia, Diego Cardozo, y la designaci\u00f3n de su viceministra, Gabriela Barb\u00e1s, como nueva titular de la cartera sanitaria abre la posibilidad de que el Gobierno de C\u00f3rdoba inaugure [&hellip;]<\/p>\n","protected":false},"author":7,"featured_media":33389,"comment_status":"open","ping_status":"open","sticky":false,"template":"","format":"standard","meta":{"_exactmetrics_skip_tracking":false,"_exactmetrics_sitenote_active":false,"_exactmetrics_sitenote_note":"","_exactmetrics_sitenote_category":0,"jnews-multi-image_gallery":[],"jnews_single_post":{"subtitle":"Los cambios respecto a la etapa anterior deben incluir el reconocimiento de ATE como sindicato del sector salud en pleno ejercicio representativo de las y los trabajadores, ocupando un espacio en la discusi\u00f3n paritaria provincial. ","format":"standard","video":"","gallery":"","source_name":"","source_url":"","via_name":"","via_url":"","override_template":"0","override":[{"template":"1","single_blog_custom":"","parallax":"1","fullscreen":"1","layout":"right-sidebar","sidebar":"default-sidebar","second_sidebar":"default-sidebar","sticky_sidebar":"1","share_position":"top","share_float_style":"share-monocrhome","show_share_counter":"1","show_view_counter":"1","show_featured":"1","show_post_meta":"1","show_post_author":"1","show_post_author_image":"1","show_post_date":"1","post_date_format":"default","post_date_format_custom":"Y\/m\/d","show_post_category":"1","show_post_reading_time":"0","post_reading_time_wpm":"300","show_zoom_button":"0","zoom_button_out_step":"2","zoom_button_in_step":"3","show_post_tag":"1","show_prev_next_post":"1","show_popup_post":"1","number_popup_post":"1","show_author_box":"0","show_post_related":"0","show_inline_post_related":"0"}],"override_image_size":"0","image_override":[{"single_post_thumbnail_size":"crop-500","single_post_gallery_size":"crop-500"}],"trending_post":"0","trending_post_position":"meta","trending_post_label":"Trending","sponsored_post":"0","sponsored_post_label":"Sponsored by","sponsored_post_name":"","sponsored_post_url":"","sponsored_post_logo_enable":"0","sponsored_post_logo":"","sponsored_post_desc":"","disable_ad":"0"},"jnews_primary_category":{"id":""},"jnews_social_meta":{"fb_title":"","fb_description":"","fb_image":"","twitter_title":"","twitter_description":"","twitter_image":""},"jnews_review":[],"enable_review":"0","type":"percentage","name":"","summary":"","brand":"","sku":"","good":[{"good_text":""}],"bad":[{"bad_text":""}],"score_override":"","override_value":"","rating":[{"rating_text":"","rating_number":"10"}],"price":[{"shop":"","price":"","link":"","icon":""}],"jnews_override_counter":{"override_view_counter":"0","view_counter_number":"0","override_share_counter":"0","share_counter_number":"0","override_like_counter":"0","like_counter_number":"0","override_dislike_counter":"0","dislike_counter_number":"0"},"jnews_post_split":{"enable_post_split":"0","post_split":[{"template":"1","tag":"h2","numbering":"asc","mode":"normal","first":"0","enable_toc":"0","toc_type":"normal"}]},"footnotes":""},"categories":[8],"tags":[1203,1204],"class_list":["post-33387","post","type-post","status-publish","format-standard","has-post-thumbnail","hentry","category-provinciales","tag-ministra-de-salud","tag-neonatal"],"jetpack_featured_media_url":"https:\/\/atecordoba.org\/wp-content\/uploads\/2022\/08\/BARBAS-e1661536929521.jpeg","_links":{"self":[{"href":"https:\/\/atecordoba.org\/index.php?rest_route=\/wp\/v2\/posts\/33387","targetHints":{"allow":["GET"]}}],"collection":[{"href":"https:\/\/atecordoba.org\/index.php?rest_route=\/wp\/v2\/posts"}],"about":[{"href":"https:\/\/atecordoba.org\/index.php?rest_route=\/wp\/v2\/types\/post"}],"author":[{"embeddable":true,"href":"https:\/\/atecordoba.org\/index.php?rest_route=\/wp\/v2\/users\/7"}],"replies":[{"embeddable":true,"href":"https:\/\/atecordoba.org\/index.php?rest_route=%2Fwp%2Fv2%2Fcomments&post=33387"}],"version-history":[{"count":1,"href":"https:\/\/atecordoba.org\/index.php?rest_route=\/wp\/v2\/posts\/33387\/revisions"}],"predecessor-version":[{"id":33390,"href":"https:\/\/atecordoba.org\/index.php?rest_route=\/wp\/v2\/posts\/33387\/revisions\/33390"}],"wp:featuredmedia":[{"embeddable":true,"href":"https:\/\/atecordoba.org\/index.php?rest_route=\/wp\/v2\/media\/33389"}],"wp:attachment":[{"href":"https:\/\/atecordoba.org\/index.php?rest_route=%2Fwp%2Fv2%2Fmedia&parent=33387"}],"wp:term":[{"taxonomy":"category","embeddable":true,"href":"https:\/\/atecordoba.org\/index.php?rest_route=%2Fwp%2Fv2%2Fcategories&post=33387"},{"taxonomy":"post_tag","embeddable":true,"href":"https:\/\/atecordoba.org\/index.php?rest_route=%2Fwp%2Fv2%2Ftags&post=33387"}],"curies":[{"name":"wp","href":"https:\/\/api.w.org\/{rel}","templated":true}]}}