{"id":33384,"date":"2022-08-26T13:24:15","date_gmt":"2022-08-26T16:24:15","guid":{"rendered":"https:\/\/atecordoba.org\/?p=33384"},"modified":"2022-08-26T13:24:16","modified_gmt":"2022-08-26T16:24:16","slug":"reclamamos-al-gobierno-nacional-el-adelantamiento-de-la-revision-de-la-paritaria-nacional-2022","status":"publish","type":"post","link":"https:\/\/atecordoba.org\/?p=33384","title":{"rendered":"Reclamamos al Gobierno nacional el adelantamiento de la revisi\u00f3n de la Paritaria Nacional 2022"},"content":{"rendered":"\n<div class=\"wp-block-image\"><figure class=\"aligncenter size-full\"><img decoding=\"async\" src=\"https:\/\/atecordoba.org\/wp-content\/uploads\/2022\/08\/moroni.jpg\" alt=\"\" class=\"wp-image-33385\" \/><\/figure><\/div>\n\n\n\n<p>Desde el Consejo Directivo Nacional de ATE, a trav\u00e9s de notas que llevaron las firmas de Hugo \u201cCachorro\u201d Godoy\u201d, secretario General; Mercedes Cabezas, secretaria de Organizaci\u00f3n; y Flavio Vergara, director de Negociaci\u00f3n Colectiva, planteamos la urgencia&nbsp; del adelantamiento de la revisi\u00f3n de la Paritaria Nacional 2022 y de acordar medidas urgentes en materia salarial y de regularizaci\u00f3n del empleo p\u00fablico. Las dirigimos a Claudio Moroni, ministro de Trabajo, Empleo y Seguridad Social; y Ana Castellani, secretaria de Gesti\u00f3n y Empleo P\u00fablico.<\/p>\n\n\n\n<p>A continuaci\u00f3n, transcribimos su contenido, y pod\u00e9s consultar ambas notas cliqueando\u00a0<strong><a href=\"https:\/\/convenios.ate.org.ar\/wp-content\/uploads\/2022\/08\/Nota-al-Ministro-Moroni.pdf\">ac\u00e1<\/a><\/strong>\u00a0(Moroni) y\u00a0<strong><a href=\"https:\/\/convenios.ate.org.ar\/wp-content\/uploads\/2022\/08\/Nota-a-Ana-Castellani.pdf\">ac\u00e1<\/a><\/strong>\u00a0(Castellani):<\/p>\n\n\n\n<p><em>BUENOS AIRES, 25 DE AGOSTO DE 2022<\/em><\/p>\n\n\n\n<p><em>\u00abEn nombre y representaci\u00f3n del&nbsp;<strong>Consejo Directivo Nacional de la Asociaci\u00f3n Trabajadores del Estado (ATE)<\/strong>, asociaci\u00f3n sindical de primer grado, con personer\u00eda gremial n.\u00b02 y domicilio legal en la Av. Belgrano 2527 de esta ciudad, nos dirigimos a Ud. a fines de solicitar formal&nbsp;<strong>AUDIENCIA&nbsp; CON CAR\u00c1CTER DE URGENTE&nbsp;<\/strong>con el objetivo de avanzar en el adelantamiento de la revisi\u00f3n de la Paritaria Nacional 2022 para el mes de septiembre y tratar los temas que a continuaci\u00f3n desarrollamos, y que hoy son fuente de nuestra m\u00e1s&nbsp; profunda preocupaci\u00f3n, para as\u00ed poder avanzar en la b\u00fasqueda de r\u00e1pidas soluciones. A saber:<\/em><\/p>\n\n\n\n<p><em>Que el deterioro salarial y del poder adquisitivo de los\/as trabajadores\/as estatales es insoportable. Seg\u00fan el \u00faltimo informe emitido por el Instituto Nacional de Estad\u00edstica y Censos (INDEC), la variaci\u00f3n mensual del \u00edndice de precios al consumidor (IPC) con nivel nacional fue del 7,4% en julio y acumul\u00f3 un 46,2% en lo que va del a\u00f1o en curso. Y asimismo, de acuerdo a las proyecciones emitidas en el \u00faltimo informe \u201cResultados del Relevamiento de Expectativas de Mercado (REM)\u201d de julio del corriente, que conduce el Banco Central de la Rep\u00fablica Argentina (BCRA), ubica a las expectativas de inflaci\u00f3n anual \u2013 IPC en el 90,2% para 2022.<\/em><\/p>\n\n\n\n<p><em>Que la suba constante de precios de bienes y servicios \u2013destacando aquellos de primera necesidad\u2013 por la acci\u00f3n permanente y erosionante de los formadores de precios, combinada con la ineficacia de las pol\u00edticas p\u00fablicas&nbsp; de control&nbsp; de&nbsp; precios,&nbsp; hace&nbsp; necesario&nbsp; el&nbsp; adelantamiento&nbsp; de&nbsp; la&nbsp; revisi\u00f3n&nbsp; de&nbsp; la&nbsp; Paritaria Nacional 2022 para el mes de septiembre. Y adem\u00e1s, ratificamos la necesidad de incorporar una suma fija no menor a los $30.000 de car\u00e1cter permanente y como parte integrante del salario de los\/as trabajadores\/as estatales, que apunte a reparar el degradado poder adquisitivo y elevar los salarios estatales por encima de la l\u00ednea de la pobreza. No se puede naturalizar que haya trabajadores\/as del Estado pobres. Es urgente adoptar medidas con eje en la redistribuci\u00f3n de la riqueza con equidad, en un marco de justicia social y a favor de la clase trabajadora.<\/em><\/p>\n\n\n\n<p><em>Que, por otro lado, siguen sin cumplirse los objetivos del Plan Integral de Regularizaci\u00f3n del Empleo P\u00fablico. De la meta de regularizar 10.000 cargos anuales desde el anuncio del plan en diciembre de 2020, en la actualidad solo se avanz\u00f3 con el concurso de alrededor de 7.000 cargos del Agrupamiento General \u2013en diversas etapas de desarrollo\u2013 y hasta el momento no se comenz\u00f3 con la regularizaci\u00f3n de aquellos del Agrupamiento Profesional, que ascienden a m\u00e1s de 11.100. El d\u00e9ficit es notorio: son cerca de 13.000 cargos por debajo de lo comprometido y la situaci\u00f3n no admite m\u00e1s demoras.<\/em><\/p>\n\n\n\n<p><em>Que en ese sentido, en pos de agilizar y acelerar la regularizaci\u00f3n del empleo, solicitamos: iniciar la cobertura de cargos vacantes de planta permanente del Agrupamiento Profesional; y sumar la modalidad de Curso-Concurso como proceso de selecci\u00f3n \u2013art. 34\u00b0 del Convenio Colectivo de Trabajo del Sistema Nacional del Empleo P\u00fablico (SINEP)\u2013. Tambi\u00e9n, la eliminaci\u00f3n o reducci\u00f3n del per\u00edodo de prueba de 12 meses que estipula la Ley N\u00b0 25.164 marco de empleo p\u00fablico para la adquisici\u00f3n de la estabilidad plena para las personas que se incorporaron al \u00e1mbito estatal. La regularizaci\u00f3n del empleo de les agentes con m\u00e1s de cinco a\u00f1os de trabajo no puede ser medida con id\u00e9ntico criterio. Somos categ\u00f3ricos: les trabajadores que desempe\u00f1an sus funciones hace m\u00e1s de 5 a\u00f1os como contratados\/as no&nbsp; son ingresantes a la Administraci\u00f3n P\u00fablica Nacional. La regularizaci\u00f3n de su relaci\u00f3n laboral implica solo un cambio de la modalidad transitoria a la permanente.<\/em><\/p>\n\n\n\n<p><em>Que de igual manera, es necesario que en aquellas entidades y jurisdicciones donde aplica la Ley n.\u00b0 20.744 de Contrato de Trabajo, les trabajadores puedan acceder a la estabilidad laboral celebrando contrataciones a tiempo indeterminado, en los casos que eso todav\u00eda no estuviese realizado. Y asimismo, en el marco del Convenio General de Trabajo para la Administraci\u00f3n P\u00fablica Nacional \u2013 homologado por el Decreto n.\u00b0 214\/06\u2013 avanzar en la regularizaci\u00f3n contractual de les compa\u00f1eros\/as contratadoas\/as bajo las diversas modalidades de monotributo.<\/em><\/p>\n\n\n\n<p><em>Que resulta imperativo que el Gobierno nacional, con la m\u00e1xima celeridad posible y sin titubeos, tome las decisiones necesarias y adopte las acciones concretas para honrar el compromiso asumido con nuestra&nbsp; organizaci\u00f3n sindical y les trabajadores estatales. La lucha contra la precarizaci\u00f3n laboral y la efectiva regularizaci\u00f3n del empleo p\u00fablico tiene que ser una pol\u00edtica de Estado exitosa.<\/em><\/p>\n\n\n\n<p><em>Un Estado m\u00e1s fuerte solo es posible con la jerarquizaci\u00f3n de sus trabajadoras y trabajadores, con salarios dignos y estabilidad laboral.<\/em><\/p>\n\n\n\n<p><em>Sin m\u00e1s, y quedando a la espera de una pronta y fruct\u00edfera reuni\u00f3n, hacemos propicia la ocasi\u00f3n para saludarlo a Ud. muy cordialmente\u00bb.<\/em><\/p>\n\n\n\n<p class=\"has-text-align-center\">&nbsp;<strong>POR EL CONSEJO DIRECTIVO NACIONAL DE LA ASOCIACI\u00d3N TRABAJADORES DEL ESTADO<\/strong><\/p>\n\n\n\n<p class=\"has-text-align-center\"><strong>HUGO \u201cCACHORRO\u201d GODOY \u2013 SECRETARIO GENERAL<\/strong><\/p>\n\n\n\n<p class=\"has-text-align-center\"><strong>MERCEDES CABEZAS \u2013 SECRETARIA DE ORGANIZACI\u00d3N<\/strong><\/p>\n\n\n\n<p class=\"has-text-align-center\"><strong>FLAVIO WALDEMAR VERGARA \u2013 DIRECTOR DE NEGOCIACI\u00d3N COLECTIVA<\/strong><\/p>\n","protected":false},"excerpt":{"rendered":"<p>Desde el Consejo Directivo Nacional de ATE, a trav\u00e9s de notas que llevaron las firmas de Hugo \u201cCachorro\u201d Godoy\u201d, secretario General; Mercedes Cabezas, secretaria de Organizaci\u00f3n; y Flavio Vergara, director de Negociaci\u00f3n Colectiva, planteamos la urgencia&nbsp; del adelantamiento de la revisi\u00f3n de la Paritaria Nacional 2022 y de acordar medidas urgentes en materia salarial y [&hellip;]<\/p>\n","protected":false},"author":7,"featured_media":33385,"comment_status":"open","ping_status":"open","sticky":false,"template":"","format":"standard","meta":{"_exactmetrics_skip_tracking":false,"_exactmetrics_sitenote_active":false,"_exactmetrics_sitenote_note":"","_exactmetrics_sitenote_category":0,"jnews-multi-image_gallery":[],"jnews_single_post":{"subtitle":"Tambi\u00e9n solicitamos una suma fija y garantizar la regularizaci\u00f3n del empleo de m\u00e1s de 30.000 compa\u00f1eres contratades, en notas dirigidas a las carteras de Trabajo y de Gesti\u00f3n y Empleo P\u00fablico nacionales.","format":"standard","video":"","gallery":"","source_name":"","source_url":"","via_name":"","via_url":"","override_template":"0","override":[{"template":"1","single_blog_custom":"","parallax":"1","fullscreen":"1","layout":"right-sidebar","sidebar":"default-sidebar","second_sidebar":"default-sidebar","sticky_sidebar":"1","share_position":"top","share_float_style":"share-monocrhome","show_share_counter":"1","show_view_counter":"1","show_featured":"1","show_post_meta":"1","show_post_author":"1","show_post_author_image":"1","show_post_date":"1","post_date_format":"default","post_date_format_custom":"Y\/m\/d","show_post_category":"1","show_post_reading_time":"0","post_reading_time_wpm":"300","show_zoom_button":"0","zoom_button_out_step":"2","zoom_button_in_step":"3","show_post_tag":"1","show_prev_next_post":"1","show_popup_post":"1","number_popup_post":"1","show_author_box":"0","show_post_related":"0","show_inline_post_related":"0"}],"override_image_size":"0","image_override":[{"single_post_thumbnail_size":"crop-500","single_post_gallery_size":"crop-500"}],"trending_post":"0","trending_post_position":"meta","trending_post_label":"Trending","sponsored_post":"0","sponsored_post_label":"Sponsored by","sponsored_post_name":"","sponsored_post_url":"","sponsored_post_logo_enable":"0","sponsored_post_logo":"","sponsored_post_desc":"","disable_ad":"0"},"jnews_primary_category":{"id":""},"jnews_social_meta":{"fb_title":"","fb_description":"","fb_image":"","twitter_title":"","twitter_description":"","twitter_image":""},"jnews_review":[],"enable_review":"0","type":"percentage","name":"","summary":"","brand":"","sku":"","good":[{"good_text":""}],"bad":[{"bad_text":""}],"score_override":"","override_value":"","rating":[{"rating_text":"","rating_number":"10"}],"price":[{"shop":"","price":"","link":"","icon":""}],"jnews_override_counter":{"override_view_counter":"0","view_counter_number":"0","override_share_counter":"0","share_counter_number":"0","override_like_counter":"0","like_counter_number":"0","override_dislike_counter":"0","dislike_counter_number":"0"},"jnews_post_split":{"enable_post_split":"0","post_split":[{"template":"1","tag":"h2","numbering":"asc","mode":"normal","first":"0","enable_toc":"0","toc_type":"normal"}]},"footnotes":""},"categories":[18],"tags":[474],"class_list":["post-33384","post","type-post","status-publish","format-standard","has-post-thumbnail","hentry","category-nacionales","tag-reapertura-de-paritarias"],"jetpack_featured_media_url":"https:\/\/atecordoba.org\/wp-content\/uploads\/2022\/08\/moroni-e1661531044801.jpg","_links":{"self":[{"href":"https:\/\/atecordoba.org\/index.php?rest_route=\/wp\/v2\/posts\/33384","targetHints":{"allow":["GET"]}}],"collection":[{"href":"https:\/\/atecordoba.org\/index.php?rest_route=\/wp\/v2\/posts"}],"about":[{"href":"https:\/\/atecordoba.org\/index.php?rest_route=\/wp\/v2\/types\/post"}],"author":[{"embeddable":true,"href":"https:\/\/atecordoba.org\/index.php?rest_route=\/wp\/v2\/users\/7"}],"replies":[{"embeddable":true,"href":"https:\/\/atecordoba.org\/index.php?rest_route=%2Fwp%2Fv2%2Fcomments&post=33384"}],"version-history":[{"count":1,"href":"https:\/\/atecordoba.org\/index.php?rest_route=\/wp\/v2\/posts\/33384\/revisions"}],"predecessor-version":[{"id":33386,"href":"https:\/\/atecordoba.org\/index.php?rest_route=\/wp\/v2\/posts\/33384\/revisions\/33386"}],"wp:featuredmedia":[{"embeddable":true,"href":"https:\/\/atecordoba.org\/index.php?rest_route=\/wp\/v2\/media\/33385"}],"wp:attachment":[{"href":"https:\/\/atecordoba.org\/index.php?rest_route=%2Fwp%2Fv2%2Fmedia&parent=33384"}],"wp:term":[{"taxonomy":"category","embeddable":true,"href":"https:\/\/atecordoba.org\/index.php?rest_route=%2Fwp%2Fv2%2Fcategories&post=33384"},{"taxonomy":"post_tag","embeddable":true,"href":"https:\/\/atecordoba.org\/index.php?rest_route=%2Fwp%2Fv2%2Ftags&post=33384"}],"curies":[{"name":"wp","href":"https:\/\/api.w.org\/{rel}","templated":true}]}}