{"id":33369,"date":"2022-08-26T11:45:15","date_gmt":"2022-08-26T14:45:15","guid":{"rendered":"https:\/\/atecordoba.org\/?p=33369"},"modified":"2022-08-26T11:45:19","modified_gmt":"2022-08-26T14:45:19","slug":"nuevos-casos-de-abuso-agravan-la-crisis-de-la-senaf-en-la-provincia","status":"publish","type":"post","link":"https:\/\/atecordoba.org\/?p=33369","title":{"rendered":"Nuevos casos de abuso agravan la crisis de la SeNAF en la Provincia"},"content":{"rendered":"\n<div class=\"wp-block-image\"><figure class=\"aligncenter size-large is-resized\"><img loading=\"lazy\" decoding=\"async\" src=\"https:\/\/atecordoba.org\/wp-content\/uploads\/2022\/08\/senafcartel-1024x576.jpg\" alt=\"\" class=\"wp-image-33370\" width=\"768\" height=\"432\" \/><\/figure><\/div>\n\n\n\n<p><sup>(fuente enfantterrible.com.ar)<\/sup><\/p>\n\n\n\n<p>Las denuncias de abuso en las instituciones dependientes de la SeNAF en C\u00f3rdoba vienen resonando cada vez con m\u00e1s fuerza, a ra\u00edz de los continuos reclamos que impulsan trabajadores de las 18 instituciones que hay en la provincia. Frente a esto, el Gobierno Provincial por medio del Ministerio de Justicia que encabeza Juli\u00e1n L\u00f3pez, reconoci\u00f3 los hechos pero evit\u00f3 brindar mayores precisiones. El pasado 17 de agosto, desde la cuenta oficial del ministerio publicaron un twett caracterizando como &#8220;instancia privada&#8221; casos de abusos sexual a 4 mujeres menores de edad por parte de un cocinero de una de las residencias, actualmente imputado y detenido.<\/p>\n\n\n\n<p>Sin embargo, un trabajador de SeNAF, que prefiri\u00f3 resguardar su identidad se\u00f1al\u00f3 a Enfant Terrible que \u201cel Ministerio trata de minimizar todo el impacto de los abusos sexuales. Argumentan que es para evitar estigmatizar a las v\u00edctimas y la instituci\u00f3n\u201d pero en este caso \u201cobturan la posibilidad de remarcar el antecedente brutal que hubo en el a\u00f1o 2006 en esta instituci\u00f3n ubicada en Caminiaga, departamento Sobremonte, donde 13 ni\u00f1os y adolescentes fueron abusados por personal de la residencia\u201d cont\u00f3. Adem\u00e1s, agreg\u00f3: \u201chacen esto antes de que los escrachen medi\u00e1ticamente, porque saben que estamos detr\u00e1s con la informaci\u00f3n\u201d.<\/p>\n\n\n\n<p>Mientras convers\u00e1bamos, lleg\u00f3 la noticia de un nuevo caso de abuso en la residencia R\u00edo Bamba, entre un adolescente de 18 a\u00f1os hacia un ni\u00f1o de 11 a\u00f1os de la misma casa. A ra\u00edz de este hecho, el trabajador explic\u00f3 que en esa residencia \u201chab\u00eda 2 becarios para 15 pibes, la mayor\u00eda con alg\u00fan grado de discapacidad\u201d, exponiendo la sobrecarga laboral del personal. Frente a la situaci\u00f3n, la reacci\u00f3n del Ministerio es la misma que con lo sucedido en Caminiaga, un tweet sin muchas precisiones.<\/p>\n\n\n\n<p><strong>Cadena de abusos<\/strong><\/p>\n\n\n\n<p>No se trata de hechos aislados ni es la primera vez que el gobierno provincial se ve manchado por acusaciones de abusos en estas dependencias. En 2020, el responsable de la residencia &#8220;Eva Per\u00f3n&#8221;, Marcelo Bouchard fue acusado de abusar una menor de edad de 12 a\u00f1os. Por esto fue apartado Jos\u00e9 Pi\u00f1ero, ex secretario de SeNAF en C\u00f3rdoba. A su vez, Bouchard era muy cercano al actual director de la residencia Baigorr\u00ed, Ricardo Barco Mu\u00f1oz, animador del boliche Rapoza. Luego del esc\u00e1ndanlo, en el cargo de Pi\u00f1ero fue designada Georgina Tavella, actual secretaria de SeNAF, sin embargo, a la luz de los acontecimientos m\u00e1s recientes no hubo novedades oficiales sobre posibles renuncias o desplazamientos.<\/p>\n\n\n\n<div class=\"wp-block-image\"><figure class=\"aligncenter size-large is-resized\"><img loading=\"lazy\" decoding=\"async\" src=\"https:\/\/atecordoba.org\/wp-content\/uploads\/2022\/08\/senafasamblea-1024x576.jpg\" alt=\"\" class=\"wp-image-33371\" width=\"768\" height=\"432\" srcset=\"https:\/\/atecordoba.org\/wp-content\/uploads\/2022\/08\/senafasamblea-1024x576.jpg 1024w, https:\/\/atecordoba.org\/wp-content\/uploads\/2022\/08\/senafasamblea-300x169.jpg 300w, https:\/\/atecordoba.org\/wp-content\/uploads\/2022\/08\/senafasamblea-768x432.jpg 768w, https:\/\/atecordoba.org\/wp-content\/uploads\/2022\/08\/senafasamblea-750x422.jpg 750w, https:\/\/atecordoba.org\/wp-content\/uploads\/2022\/08\/senafasamblea.jpg 1058w\" sizes=\"auto, (max-width: 768px) 100vw, 768px\" \/><\/figure><\/div>\n\n\n\n<p>A su vez, el tratamiento que hacen del tema los medios de comunicaci\u00f3n hegem\u00f3nicos como La Voz del Interior y que luego replican otros medios, resalta el accionar del Gobierno por &#8220;la r\u00e1pida comunicaci\u00f3n v\u00eda Twitter (&#8230;) contracara con el silencio con el que se manej\u00f3 la denuncia por casos de muertes de beb\u00e9s en el Hospital Materno Neonatal&#8221;, public\u00f3 el medio en el \u00faltimo p\u00e1rrafo de una nota sobre el caso, hecho p\u00fablico el 17 de agosto.<\/p>\n\n\n\n<p>\u201cDespu\u00e9s estos medios son los primeros que criminalizan a los pibes\u201d, critic\u00f3 el trabajador en relaci\u00f3n al tratamiento medi\u00e1tico de los muchos episodios de violencia encabezados por los j\u00f3venes internos, cuya intenci\u00f3n visibilizar las malas condiciones en que viven y denunciar del ambiente de hostilidad y abuso que sufren.<\/p>\n\n\n\n<p>Entre marzo y agosto se produjeron tres &#8220;revueltas&#8221; en los centros Complejo Esperanza, Medio Camino y Pre Egreso que incluyeron quema de colchones.<\/p>\n\n\n\n<p><strong>Nepotismo y discrecionalidad: la estructura de SeNAF en C\u00f3rdoba<\/strong><\/p>\n\n\n\n<p>Es importante aclarar que si bien SeNAF fue creada en 2006 como entidad Nacional, est\u00e1 organizada con car\u00e1cter federal, por lo que cada Provincia mantiene autonom\u00eda para aplicar las pol\u00edticas, destinadas a &#8220;promover los derechos de ni\u00f1as, ni\u00f1os, adolescentes, personas mayores y familias&#8221; seg\u00fan explicita el organismo en su p\u00e1gina oficial.<\/p>\n\n\n\n<p>En C\u00f3rdoba, la cartera que contiene a SeNAF y sus dos subsecretar\u00edas (de Ni\u00f1os, Ni\u00f1as y Adolescentes en conflicto con la Ley Penal y la de Protecci\u00f3n de Derechos de Ni\u00f1as, Ni\u00f1os y Adolescentes) es el Ministerio de Justicia y Derechos Humanos.<\/p>\n\n\n\n<p>Un punto sobre el cual viene alertando personal de SeNAF nucleado en ATE, y que tambi\u00e9n est\u00e1 apartado del tratamiento medi\u00e1tico, es la discrecionalidad con que designan los cargos en las instituciones. Esto \u201cguarda relaci\u00f3n directa con los hechos de violencia que hemos tenido en los \u00faltimos meses\u201d, seg\u00fan se\u00f1alaron a Enfant Terrible, fuentes de la Secretar\u00eda, quien se refiri\u00f3 a la existencia de &#8220;fundaciones fantasmas&#8221; que tienen un papel muy importante en la estructura organizativa.<\/p>\n\n\n\n<p>\u201cPor ejemplo, hay una fundaci\u00f3n privada que se llama \u2018Por Un Mundo Mejor\u2019, cuyo presidente Miguel Angel Paris, puso a sus tres hijos en SeNAF. Dos de ellos ubicados en residencias claves: la actual Casa Trejo donde trabaja Jimena Paris y R\u00edo Bamba, a cargo de Mart\u00edn Paris\u201d.<\/p>\n\n\n\n<p>El rol de estas fundaciones SeNAF es diverso, ya que tambi\u00e9n son las que facturan a monotributistas y personal becado, lo que complica a\u00fan m\u00e1s los reclamos laborales por la contrataci\u00f3n, la cual ni siquiera contempla aseguradoras de riesgos del trabajo (ART). Al mismo tiempo que tienen el peso suficiente para hacer ingresar a sus integrantes en cargos del Estado. Son al final estas instituciones privadas \u201clas que terminan definiendo c\u00f3mo se aplican las pol\u00edticas p\u00fablicas\u201d.<\/p>\n\n\n\n<div class=\"wp-block-image\"><figure class=\"aligncenter size-large is-resized\"><img loading=\"lazy\" decoding=\"async\" src=\"https:\/\/atecordoba.org\/wp-content\/uploads\/2022\/08\/senafbandera-1024x576.jpg\" alt=\"\" class=\"wp-image-33372\" width=\"768\" height=\"432\" srcset=\"https:\/\/atecordoba.org\/wp-content\/uploads\/2022\/08\/senafbandera-1024x576.jpg 1024w, https:\/\/atecordoba.org\/wp-content\/uploads\/2022\/08\/senafbandera-300x169.jpg 300w, https:\/\/atecordoba.org\/wp-content\/uploads\/2022\/08\/senafbandera-768x432.jpg 768w, https:\/\/atecordoba.org\/wp-content\/uploads\/2022\/08\/senafbandera-750x422.jpg 750w, https:\/\/atecordoba.org\/wp-content\/uploads\/2022\/08\/senafbandera.jpg 1058w\" sizes=\"auto, (max-width: 768px) 100vw, 768px\" \/><\/figure><\/div>\n\n\n\n<p>Un ejemplo de las consecuencias de esta discrecionalidad, es que a tres meses de ser designada Jimena Paris en la ex residencia Medio Camino, \u201cestall\u00f3 todo con una revuelta muy violenta, desarmaron una instituci\u00f3n que ten\u00eda al menos 20 a\u00f1os funcionando y trasladaron a un grupo de j\u00f3venes a la residencia Pre Egreso; la otra parte fue a parar a Casa Trejo \u201d. Esta \u00faltima est\u00e1 caracterizada por ser un espacio muy reducido, lo que conllev\u00f3 al hacinamiento con la llegada de los traslados y el rejunte de las trayectorias individuales atravesadas por diversas problem\u00e1ticas (problemas parentales, delincuencia, consumo problem\u00e1tico y discapacidades).<\/p>\n\n\n\n<p>Estos episodios evitables, son puntas para plantear abiertamente la pregunta que se hace este trabajador: \u201c\u00bfc\u00f3mo puede ser que gente que nunca ha trabajado con ni\u00f1os y\/o adolescentes, o no tiene ninguna experiencia en SeNAF, de repente sean quienes manejan estos lugares, designados a dedo en una actitud de nepotismo?\u201d.<\/p>\n\n\n\n<p>M\u00e1s all\u00e1 de estos manejos internos, sobre los cuales se puede tener conocimiento s\u00f3lo a trav\u00e9s del personal que decide exponer las irregularidades, no hay datos oficiales del v\u00ednculo que el Gobierno mantiene, a trav\u00e9s del Ministerio, con estas fundaciones y del por qu\u00e9 tienen un rol tan importante.<\/p>\n\n\n\n<p>A su vez existen otras fundaciones como Fundaci\u00f3n Nazaret de Santa Fe (Mam\u00e1 Antula en C\u00f3rdoba) o Fundaci\u00f3n Cipco (cuya cofundadora es Victoria Mart\u00ednez, subsecretaria de SeNAF en C\u00f3rdoba) que est\u00e1n se\u00f1aladas por manejar una perspectiva antidrogas y prohibicionista de la l\u00ednea &#8220;consumo cero&#8221;.<\/p>\n\n\n\n<p><strong>Proposiciones desde adentro<\/strong><\/p>\n\n\n\n<p>Si bien este escenario es complejo, en relaci\u00f3n a la estructura que mantiene el Estado y las problem\u00e1ticas duras de masticar que conlleva, al mismo tiempo: \u201cSi no fuera por el compromiso personal que est\u00e1n en las residencias y los equipos t\u00e9cnicos, todo se caer\u00eda a pedazos por lo mal dise\u00f1ados que est\u00e1n. Es por el personal que las cosas no est\u00e1n peor\u201d, continu\u00f3 compartiendo el trabajador y agreg\u00f3 que \u201ctoda la precarizaci\u00f3n del SeNAF recae sobre mujeres, la mayor\u00eda jefas de familia. M\u00e1s del 95% de las m\u00e1s complicadas laboral y salarialmente son todas mujeres\u201d.<\/p>\n\n\n\n<p>Frente a este panorama, ATE SeNAF viene exigiendo como medidas inmediatas:<\/p>\n\n\n\n<ul class=\"wp-block-list\"><li>Pase a planta permanente: como medida estructural para ingresar al personal con un mecanismo claro acerca de la capacidad con respecto al puesto.<\/li><li>Cargos concursados: ser\u00eda la forma de revertir la mencionada discrecionalidad, donde el personal sea seleccionado seg\u00fan una formaci\u00f3n previa, condescendiente con las demandas en las instituciones.<\/li><li>Carrera administrativa: da lugar a que haya un escalaf\u00f3n y que cada persona cumpla la funci\u00f3n para la que ha sido contratada.<\/li><li>Homologaci\u00f3n de protocolos de actuaci\u00f3n para cada tipo de actividad, donde a su vez cada instituci\u00f3n cuente con su propio protocolo, dependiendo si se trata de residencias, del Complejo Esperanza o la L\u00ednea 102.<\/li><\/ul>\n\n\n\n<p>Revertir la discrecionalidad y el nepotismo: formalizando el v\u00ednculo laboral sin &#8220;contratos basura&#8221; (becas o monotributo) que imponen los directorios, haciendo que el Estado se haga cargo de las contrataciones, tal como sucedi\u00f3 con el caso de las socioeducadoras que durante 7 a\u00f1os trabajaron sin ART (aseguradoras de riesgos del trabajo) hasta que lograron el reconocimiento tras demandarlo por medio de la afiliaci\u00f3n en ATE.<\/p>\n","protected":false},"excerpt":{"rendered":"<p>(fuente enfantterrible.com.ar) Las denuncias de abuso en las instituciones dependientes de la SeNAF en C\u00f3rdoba vienen resonando cada vez con m\u00e1s fuerza, a ra\u00edz de los continuos reclamos que impulsan trabajadores de las 18 instituciones que hay en la provincia. Frente a esto, el Gobierno Provincial por medio del Ministerio de Justicia que encabeza Juli\u00e1n [&hellip;]<\/p>\n","protected":false},"author":7,"featured_media":33370,"comment_status":"open","ping_status":"open","sticky":false,"template":"","format":"standard","meta":{"_exactmetrics_skip_tracking":false,"_exactmetrics_sitenote_active":false,"_exactmetrics_sitenote_note":"","_exactmetrics_sitenote_category":0,"jnews-multi-image_gallery":[],"jnews_single_post":{"subtitle":"La Secretar\u00eda Nacional de Adolescencia, Ni\u00f1ez y Familia est\u00e1 se\u00f1alada por los reiterados casos de abusos de distinta gravedad hacia ni\u00f1os, ni\u00f1as y adolescentes. El Gobierno Provincial a trav\u00e9s del Ministerio de Justicia, opta por una nueva estrategia que termina por encubrir a las autoridades responsables, sin dar nombres de las instituciones donde suceden los hechos. A su vez, la Secretar\u00eda articula a nivel local con \"fundaciones fantasmas\" cuyos integrantes son puestos a dedo en algunas instituciones, con una actitud de nepotismo y discrecionalidad. Las denuncias de ATE C\u00f3rdoba.","format":"standard","video":"","gallery":"","source_name":"","source_url":"","via_name":"","via_url":"","override_template":"0","override":[{"template":"1","single_blog_custom":"","parallax":"1","fullscreen":"1","layout":"right-sidebar","sidebar":"default-sidebar","second_sidebar":"default-sidebar","sticky_sidebar":"1","share_position":"top","share_float_style":"share-monocrhome","show_share_counter":"1","show_view_counter":"1","show_featured":"1","show_post_meta":"1","show_post_author":"1","show_post_author_image":"1","show_post_date":"1","post_date_format":"default","post_date_format_custom":"Y\/m\/d","show_post_category":"1","show_post_reading_time":"0","post_reading_time_wpm":"300","show_zoom_button":"0","zoom_button_out_step":"2","zoom_button_in_step":"3","show_post_tag":"1","show_prev_next_post":"1","show_popup_post":"1","number_popup_post":"1","show_author_box":"0","show_post_related":"0","show_inline_post_related":"0"}],"override_image_size":"0","image_override":[{"single_post_thumbnail_size":"crop-500","single_post_gallery_size":"crop-500"}],"trending_post":"0","trending_post_position":"meta","trending_post_label":"Trending","sponsored_post":"0","sponsored_post_label":"Sponsored by","sponsored_post_name":"","sponsored_post_url":"","sponsored_post_logo_enable":"0","sponsored_post_logo":"","sponsored_post_desc":"","disable_ad":"0"},"jnews_primary_category":{"id":""},"jnews_social_meta":{"fb_title":"","fb_description":"","fb_image":"","twitter_title":"","twitter_description":"","twitter_image":""},"jnews_review":[],"enable_review":"0","type":"percentage","name":"","summary":"","brand":"","sku":"","good":[{"good_text":""}],"bad":[{"bad_text":""}],"score_override":"","override_value":"","rating":[{"rating_text":"","rating_number":"10"}],"price":[{"shop":"","price":"","link":"","icon":""}],"jnews_override_counter":{"override_view_counter":"0","view_counter_number":"0","override_share_counter":"0","share_counter_number":"0","override_like_counter":"0","like_counter_number":"0","override_dislike_counter":"0","dislike_counter_number":"0"},"jnews_post_split":{"enable_post_split":"0","post_split":[{"template":"1","tag":"h2","numbering":"asc","mode":"normal","first":"0","enable_toc":"0","toc_type":"normal"}]},"footnotes":""},"categories":[8],"tags":[457],"class_list":["post-33369","post","type-post","status-publish","format-standard","has-post-thumbnail","hentry","category-provinciales","tag-senaf"],"jetpack_featured_media_url":"https:\/\/atecordoba.org\/wp-content\/uploads\/2022\/08\/senafcartel-e1661525094955.jpg","_links":{"self":[{"href":"https:\/\/atecordoba.org\/index.php?rest_route=\/wp\/v2\/posts\/33369","targetHints":{"allow":["GET"]}}],"collection":[{"href":"https:\/\/atecordoba.org\/index.php?rest_route=\/wp\/v2\/posts"}],"about":[{"href":"https:\/\/atecordoba.org\/index.php?rest_route=\/wp\/v2\/types\/post"}],"author":[{"embeddable":true,"href":"https:\/\/atecordoba.org\/index.php?rest_route=\/wp\/v2\/users\/7"}],"replies":[{"embeddable":true,"href":"https:\/\/atecordoba.org\/index.php?rest_route=%2Fwp%2Fv2%2Fcomments&post=33369"}],"version-history":[{"count":1,"href":"https:\/\/atecordoba.org\/index.php?rest_route=\/wp\/v2\/posts\/33369\/revisions"}],"predecessor-version":[{"id":33373,"href":"https:\/\/atecordoba.org\/index.php?rest_route=\/wp\/v2\/posts\/33369\/revisions\/33373"}],"wp:featuredmedia":[{"embeddable":true,"href":"https:\/\/atecordoba.org\/index.php?rest_route=\/wp\/v2\/media\/33370"}],"wp:attachment":[{"href":"https:\/\/atecordoba.org\/index.php?rest_route=%2Fwp%2Fv2%2Fmedia&parent=33369"}],"wp:term":[{"taxonomy":"category","embeddable":true,"href":"https:\/\/atecordoba.org\/index.php?rest_route=%2Fwp%2Fv2%2Fcategories&post=33369"},{"taxonomy":"post_tag","embeddable":true,"href":"https:\/\/atecordoba.org\/index.php?rest_route=%2Fwp%2Fv2%2Ftags&post=33369"}],"curies":[{"name":"wp","href":"https:\/\/api.w.org\/{rel}","templated":true}]}}